{"id":15745,"date":"2026-03-10T18:39:22","date_gmt":"2026-03-10T17:39:22","guid":{"rendered":"https:\/\/serveiseducatius.xtec.cat\/selva2\/?p=15745"},"modified":"2026-03-10T21:33:50","modified_gmt":"2026-03-10T20:33:50","slug":"jornades-dorientacio-de-formacio-professional","status":"publish","type":"post","link":"https:\/\/serveiseducatius.xtec.cat\/selva2\/general\/jornades-dorientacio-de-formacio-professional\/","title":{"rendered":"Jornades d&#8217;orientaci\u00f3 de Formaci\u00f3 Professional"},"content":{"rendered":"\n<p>Dimecres 4 de mar\u00e7 a  la Ciutat Esportiva de Blanes va bullir de talent i de futur amb les Jornades d\u2019Orientaci\u00f3 de Formaci\u00f3 Professional i altres estudis.&nbsp;<br>Es van reunir m\u00e9s de 750 alumnes vinguts de Blanes, Lloret de Mar, Vidreres, Ma\u00e7anet de la Selva i Tossa de Mar per ajudar-los a dibuixar el seu cam\u00ed professional.&nbsp;<br>Durant la jornada es va poder gaudir de:<br>\ud83c\udfa4 Xerrades inspiradores i detallades sobre les diferents ofertes formatives.<br>\ud83c\udfaa Una fira on l\u2019alumnat ha pogut resoldre dubtes i descobrir totes les opcions de primera m\u00e0.<br>Volem donar les GR\u00c0CIES a tots els agents que han participat en l\u2019organitzaci\u00f3 i ho han fet possible. Sense la vostra implicaci\u00f3, aquest \u00e8xit no hauria estat una realitat:<br>\ud83d\udc4f Docents i centres educatius.<br>\ud83c\udfe2 Promoci\u00f3 de la Ciutat de Blanes.&nbsp;<br>\ud83c\udfdf\ufe0f Esports de Blanes.&nbsp;<br>\u2699\ufe0f Comastech.<br>&#8230; i a tothom qui hi ha posat el seu gra de sorra!<br>Seguim apostant per la formaci\u00f3 i el talent dels nostres joves!<br><a href=\"https:\/\/www.instagram.com\/explore\/tags\/orientaci%C3%B3educativa\/\">#Orientaci\u00f3Educativa<\/a>&nbsp;<a href=\"https:\/\/www.instagram.com\/explore\/tags\/formaci%C3%B3professional\/\">#Formaci\u00f3Professional<\/a>&nbsp;<a href=\"https:\/\/www.instagram.com\/explore\/tags\/fp\/\">#FP<\/a>&nbsp;<a href=\"https:\/\/www.instagram.com\/explore\/tags\/futur\/\">#Futur<\/a><a href=\"https:\/\/www.instagram.com\/explore\/tags\/educaci%C3%B3\/\">#Educaci\u00f3<\/a>&nbsp;<\/p>\n\n\n\n<p><\/p>\n\n\n\n<p><a href=\"https:\/\/photos.app.goo.gl\/CSnPmnVKGNfmiFLY9\">(Algunes imatges de la jornada)<\/a><\/p>\n\n\n\n<div class=\"wp-block-columns is-layout-flex wp-container-core-columns-is-layout-1 wp-block-columns-is-layout-flex\">\n<div class=\"wp-block-column is-layout-flow wp-block-column-is-layout-flow\">\n<figure class=\"wp-block-image size-full\"><a href=\"https:\/\/serveiseducatius.xtec.cat\/selva2\/wp-content\/uploads\/usu1165\/2026\/02\/JOFP_26_difusio.jpg\"><img loading=\"lazy\" decoding=\"async\" width=\"589\" height=\"835\" src=\"https:\/\/serveiseducatius.xtec.cat\/selva2\/wp-content\/uploads\/usu1165\/2026\/02\/JOFP_26_difusio.jpg\" alt=\"\" class=\"wp-image-15703\" srcset=\"https:\/\/serveiseducatius.xtec.cat\/selva2\/wp-content\/uploads\/usu1165\/2026\/02\/JOFP_26_difusio.jpg 589w, https:\/\/serveiseducatius.xtec.cat\/selva2\/wp-content\/uploads\/usu1165\/2026\/02\/JOFP_26_difusio-212x300.jpg 212w\" sizes=\"auto, (max-width: 589px) 100vw, 589px\" \/><\/a><\/figure>\n<\/div>\n\n\n\n<div class=\"wp-block-column is-layout-flow wp-block-column-is-layout-flow\">\n<figure class=\"wp-block-image size-large\"><a href=\"https:\/\/serveiseducatius.xtec.cat\/selva2\/wp-content\/uploads\/usu1165\/2026\/03\/IMG_9936.jpeg\"><img loading=\"lazy\" decoding=\"async\" width=\"881\" height=\"1024\" src=\"https:\/\/serveiseducatius.xtec.cat\/selva2\/wp-content\/uploads\/usu1165\/2026\/03\/IMG_9936-881x1024.jpeg\" alt=\"\" class=\"wp-image-15752\" srcset=\"https:\/\/serveiseducatius.xtec.cat\/selva2\/wp-content\/uploads\/usu1165\/2026\/03\/IMG_9936-881x1024.jpeg 881w, https:\/\/serveiseducatius.xtec.cat\/selva2\/wp-content\/uploads\/usu1165\/2026\/03\/IMG_9936-258x300.jpeg 258w, https:\/\/serveiseducatius.xtec.cat\/selva2\/wp-content\/uploads\/usu1165\/2026\/03\/IMG_9936-768x892.jpeg 768w, https:\/\/serveiseducatius.xtec.cat\/selva2\/wp-content\/uploads\/usu1165\/2026\/03\/IMG_9936.jpeg 1290w\" sizes=\"auto, (max-width: 881px) 100vw, 881px\" \/><\/a><figcaption class=\"wp-element-caption\">Screenshot<\/figcaption><\/figure>\n<\/div>\n<\/div>\n","protected":false},"excerpt":{"rendered":"<p>Dimecres 4 de mar\u00e7 a la Ciutat Esportiva de Blanes va bullir de talent i de futur amb les Jornades [&hellip;]<\/p>\n","protected":false},"author":1,"featured_media":15752,"comment_status":"closed","ping_status":"open","sticky":false,"template":"","format":"standard","meta":{"_bbp_topic_count":0,"_bbp_reply_count":0,"_bbp_total_topic_count":0,"_bbp_total_reply_count":0,"_bbp_voice_count":0,"_bbp_anonymous_reply_count":0,"_bbp_topic_count_hidden":0,"_bbp_reply_count_hidden":0,"_bbp_forum_subforum_count":0,"site-sidebar-layout":"default","site-content-layout":"","ast-site-content-layout":"default","site-content-style":"default","site-sidebar-style":"default","ast-global-header-display":"","ast-banner-title-visibility":"","ast-main-header-display":"","ast-hfb-above-header-display":"","ast-hfb-below-header-display":"","ast-hfb-mobile-header-display":"","site-post-title":"","ast-breadcrumbs-content":"","ast-featured-img":"","footer-sml-layout":"","theme-transparent-header-meta":"","adv-header-id-meta":"","stick-header-meta":"","header-above-stick-meta":"","header-main-stick-meta":"","header-below-stick-meta":"","astra-migrate-meta-layouts":"set","ast-page-background-enabled":"default","ast-page-background-meta":{"desktop":{"background-color":"var(--ast-global-color-4)","background-image":"","background-repeat":"repeat","background-position":"center center","background-size":"auto","background-attachment":"scroll","background-type":"","background-media":"","overlay-type":"","overlay-color":"","overlay-opacity":"","overlay-gradient":""},"tablet":{"background-color":"","background-image":"","background-repeat":"repeat","background-position":"center center","background-size":"auto","background-attachment":"scroll","background-type":"","background-media":"","overlay-type":"","overlay-color":"","overlay-opacity":"","overlay-gradient":""},"mobile":{"background-color":"","background-image":"","background-repeat":"repeat","background-position":"center center","background-size":"auto","background-attachment":"scroll","background-type":"","background-media":"","overlay-type":"","overlay-color":"","overlay-opacity":"","overlay-gradient":""}},"ast-content-background-meta":{"desktop":{"background-color":"var(--ast-global-color-5)","background-image":"","background-repeat":"repeat","background-position":"center center","background-size":"auto","background-attachment":"scroll","background-type":"","background-media":"","overlay-type":"","overlay-color":"","overlay-opacity":"","overlay-gradient":""},"tablet":{"background-color":"var(--ast-global-color-5)","background-image":"","background-repeat":"repeat","background-position":"center center","background-size":"auto","background-attachment":"scroll","background-type":"","background-media":"","overlay-type":"","overlay-color":"","overlay-opacity":"","overlay-gradient":""},"mobile":{"background-color":"var(--ast-global-color-5)","background-image":"","background-repeat":"repeat","background-position":"center center","background-size":"auto","background-attachment":"scroll","background-type":"","background-media":"","overlay-type":"","overlay-color":"","overlay-opacity":"","overlay-gradient":""}},"footnotes":""},"categories":[1,29],"tags":[],"class_list":["post-15745","post","type-post","status-publish","format-standard","has-post-thumbnail","hentry","category-general","category-portada"],"post_mailing_queue_ids":[],"_links":{"self":[{"href":"https:\/\/serveiseducatius.xtec.cat\/selva2\/wp-json\/wp\/v2\/posts\/15745","targetHints":{"allow":["GET"]}}],"collection":[{"href":"https:\/\/serveiseducatius.xtec.cat\/selva2\/wp-json\/wp\/v2\/posts"}],"about":[{"href":"https:\/\/serveiseducatius.xtec.cat\/selva2\/wp-json\/wp\/v2\/types\/post"}],"author":[{"embeddable":true,"href":"https:\/\/serveiseducatius.xtec.cat\/selva2\/wp-json\/wp\/v2\/users\/1"}],"replies":[{"embeddable":true,"href":"https:\/\/serveiseducatius.xtec.cat\/selva2\/wp-json\/wp\/v2\/comments?post=15745"}],"version-history":[{"count":5,"href":"https:\/\/serveiseducatius.xtec.cat\/selva2\/wp-json\/wp\/v2\/posts\/15745\/revisions"}],"predecessor-version":[{"id":15760,"href":"https:\/\/serveiseducatius.xtec.cat\/selva2\/wp-json\/wp\/v2\/posts\/15745\/revisions\/15760"}],"wp:featuredmedia":[{"embeddable":true,"href":"https:\/\/serveiseducatius.xtec.cat\/selva2\/wp-json\/wp\/v2\/media\/15752"}],"wp:attachment":[{"href":"https:\/\/serveiseducatius.xtec.cat\/selva2\/wp-json\/wp\/v2\/media?parent=15745"}],"wp:term":[{"taxonomy":"category","embeddable":true,"href":"https:\/\/serveiseducatius.xtec.cat\/selva2\/wp-json\/wp\/v2\/categories?post=15745"},{"taxonomy":"post_tag","embeddable":true,"href":"https:\/\/serveiseducatius.xtec.cat\/selva2\/wp-json\/wp\/v2\/tags?post=15745"}],"curies":[{"name":"wp","href":"https:\/\/api.w.org\/{rel}","templated":true}]}}