{"id":12521,"date":"2022-02-01T13:18:00","date_gmt":"2022-02-01T12:18:00","guid":{"rendered":"https:\/\/serveiseducatius.xtec.cat\/selva2\/?p=12521"},"modified":"2022-02-01T13:18:00","modified_gmt":"2022-02-01T12:18:00","slug":"ix-jocs-florals-escolars-de-catalunya","status":"publish","type":"post","link":"https:\/\/serveiseducatius.xtec.cat\/selva2\/general\/ix-jocs-florals-escolars-de-catalunya\/","title":{"rendered":"IX Jocs Florals Escolars de Catalunya"},"content":{"rendered":"<p><a href=\"https:\/\/serveiseducatius.xtec.cat\/selva2\/wp-content\/uploads\/usu1165\/2022\/02\/jocs-florals-e1643165313461.png\"><img loading=\"lazy\" decoding=\"async\" class=\"alignright size-full wp-image-12522\" src=\"https:\/\/serveiseducatius.xtec.cat\/selva2\/wp-content\/uploads\/usu1165\/2022\/02\/jocs-florals-e1643165313461.png\" alt=\"\" width=\"365\" height=\"200\" srcset=\"https:\/\/serveiseducatius.xtec.cat\/selva2\/wp-content\/uploads\/usu1165\/2022\/02\/jocs-florals-e1643165313461.png 365w, https:\/\/serveiseducatius.xtec.cat\/selva2\/wp-content\/uploads\/usu1165\/2022\/02\/jocs-florals-e1643165313461-300x164.png 300w\" sizes=\"auto, (max-width: 365px) 100vw, 365px\" \/><\/a>La convocat\u00f2ria dels\u00a0<a href=\"https:\/\/serveiseducatius.xtec.cat\/selva2\/dinamitzacio\/jocs-florals\/\"><strong>Jocs Florals Escolars de Catalunya<\/strong><\/a> s\u2019adre\u00e7a als centres d\u2019educaci\u00f3 prim\u00e0ria i d\u2019educaci\u00f3 secund\u00e0ria obligat\u00f2ria amb la finalitat d\u2019estimular l\u2019expressi\u00f3 escrita dels alumnes, aprofitant una tradici\u00f3 cultural ben arrelada a Catalunya que molts centres escolars, de fet, ja celebren als seus municipis o comarques.<\/p>\n<p>El Departament d\u2019Educaci\u00f3 convoca els<a href=\"http:\/\/xtec.gencat.cat\/ca\/centres\/alscentres\/premis\/jocsflorals\/\" target=\"_blank\" rel=\"noopener\"> IX Jocs Florals Escolars de Catalunya<\/a>\u00a0amb l\u2019objectiu de potenciar i estimular l\u2019expressi\u00f3 i producci\u00f3 escrita dels nois i les noies i fomentar una tradici\u00f3 cultural pr\u00f2pia i arrelada al pa\u00eds.<\/p>\n","protected":false},"excerpt":{"rendered":"<p>La convocat\u00f2ria dels\u00a0Jocs Florals Escolars de Catalunya s\u2019adre\u00e7a als centres d\u2019educaci\u00f3 prim\u00e0ria i d\u2019educaci\u00f3 secund\u00e0ria obligat\u00f2ria amb la finalitat d\u2019estimular [&hellip;]<\/p>\n","protected":false},"author":1,"featured_media":12522,"comment_status":"closed","ping_status":"closed","sticky":false,"template":"","format":"standard","meta":{"_bbp_topic_count":0,"_bbp_reply_count":0,"_bbp_total_topic_count":0,"_bbp_total_reply_count":0,"_bbp_voice_count":0,"_bbp_anonymous_reply_count":0,"_bbp_topic_count_hidden":0,"_bbp_reply_count_hidden":0,"_bbp_forum_subforum_count":0,"site-sidebar-layout":"default","site-content-layout":"","ast-site-content-layout":"","site-content-style":"default","site-sidebar-style":"default","ast-global-header-display":"","ast-banner-title-visibility":"","ast-main-header-display":"","ast-hfb-above-header-display":"","ast-hfb-below-header-display":"","ast-hfb-mobile-header-display":"","site-post-title":"","ast-breadcrumbs-content":"","ast-featured-img":"","footer-sml-layout":"","theme-transparent-header-meta":"","adv-header-id-meta":"","stick-header-meta":"","header-above-stick-meta":"","header-main-stick-meta":"","header-below-stick-meta":"","astra-migrate-meta-layouts":"default","ast-page-background-enabled":"default","ast-page-background-meta":{"desktop":{"background-color":"var(--ast-global-color-4)","background-image":"","background-repeat":"repeat","background-position":"center center","background-size":"auto","background-attachment":"scroll","background-type":"","background-media":"","overlay-type":"","overlay-color":"","overlay-opacity":"","overlay-gradient":""},"tablet":{"background-color":"","background-image":"","background-repeat":"repeat","background-position":"center center","background-size":"auto","background-attachment":"scroll","background-type":"","background-media":"","overlay-type":"","overlay-color":"","overlay-opacity":"","overlay-gradient":""},"mobile":{"background-color":"","background-image":"","background-repeat":"repeat","background-position":"center center","background-size":"auto","background-attachment":"scroll","background-type":"","background-media":"","overlay-type":"","overlay-color":"","overlay-opacity":"","overlay-gradient":""}},"ast-content-background-meta":{"desktop":{"background-color":"var(--ast-global-color-5)","background-image":"","background-repeat":"repeat","background-position":"center center","background-size":"auto","background-attachment":"scroll","background-type":"","background-media":"","overlay-type":"","overlay-color":"","overlay-opacity":"","overlay-gradient":""},"tablet":{"background-color":"var(--ast-global-color-5)","background-image":"","background-repeat":"repeat","background-position":"center center","background-size":"auto","background-attachment":"scroll","background-type":"","background-media":"","overlay-type":"","overlay-color":"","overlay-opacity":"","overlay-gradient":""},"mobile":{"background-color":"var(--ast-global-color-5)","background-image":"","background-repeat":"repeat","background-position":"center center","background-size":"auto","background-attachment":"scroll","background-type":"","background-media":"","overlay-type":"","overlay-color":"","overlay-opacity":"","overlay-gradient":""}},"footnotes":""},"categories":[1,29],"tags":[688,320,159],"class_list":["post-12521","post","type-post","status-publish","format-standard","has-post-thumbnail","hentry","category-general","category-portada","tag-jocsflorals","tag-concurs","tag-escriptura"],"post_mailing_queue_ids":[],"_links":{"self":[{"href":"https:\/\/serveiseducatius.xtec.cat\/selva2\/wp-json\/wp\/v2\/posts\/12521","targetHints":{"allow":["GET"]}}],"collection":[{"href":"https:\/\/serveiseducatius.xtec.cat\/selva2\/wp-json\/wp\/v2\/posts"}],"about":[{"href":"https:\/\/serveiseducatius.xtec.cat\/selva2\/wp-json\/wp\/v2\/types\/post"}],"author":[{"embeddable":true,"href":"https:\/\/serveiseducatius.xtec.cat\/selva2\/wp-json\/wp\/v2\/users\/1"}],"replies":[{"embeddable":true,"href":"https:\/\/serveiseducatius.xtec.cat\/selva2\/wp-json\/wp\/v2\/comments?post=12521"}],"version-history":[{"count":2,"href":"https:\/\/serveiseducatius.xtec.cat\/selva2\/wp-json\/wp\/v2\/posts\/12521\/revisions"}],"predecessor-version":[{"id":12524,"href":"https:\/\/serveiseducatius.xtec.cat\/selva2\/wp-json\/wp\/v2\/posts\/12521\/revisions\/12524"}],"wp:featuredmedia":[{"embeddable":true,"href":"https:\/\/serveiseducatius.xtec.cat\/selva2\/wp-json\/wp\/v2\/media\/12522"}],"wp:attachment":[{"href":"https:\/\/serveiseducatius.xtec.cat\/selva2\/wp-json\/wp\/v2\/media?parent=12521"}],"wp:term":[{"taxonomy":"category","embeddable":true,"href":"https:\/\/serveiseducatius.xtec.cat\/selva2\/wp-json\/wp\/v2\/categories?post=12521"},{"taxonomy":"post_tag","embeddable":true,"href":"https:\/\/serveiseducatius.xtec.cat\/selva2\/wp-json\/wp\/v2\/tags?post=12521"}],"curies":[{"name":"wp","href":"https:\/\/api.w.org\/{rel}","templated":true}]}}