{"id":11594,"date":"2021-06-17T14:00:24","date_gmt":"2021-06-17T12:00:24","guid":{"rendered":"http:\/\/serveiseducatius.xtec.cat\/selva2\/?p=11594"},"modified":"2021-06-17T14:00:24","modified_gmt":"2021-06-17T12:00:24","slug":"jornada-lectura-facil-un-recurs-per-a-lescola-inclusiva","status":"publish","type":"post","link":"https:\/\/serveiseducatius.xtec.cat\/selva2\/general\/jornada-lectura-facil-un-recurs-per-a-lescola-inclusiva\/","title":{"rendered":"Jornada Lectura f\u00e0cil, un recurs per a l&#8217;escola inclusiva"},"content":{"rendered":"<p style=\"font-weight: 400;\"><a href=\"http:\/\/www.lecturafacil.net\/news\/inscriu-te-a-la-jornada-lectura-facil-un-recurs-pe\/\"><img loading=\"lazy\" decoding=\"async\" class=\"alignright wp-image-11595\" src=\"https:\/\/serveiseducatius.xtec.cat\/selva2\/wp-content\/uploads\/usu1165\/2021\/06\/2021-jornada-educacio.jpg\" alt=\"\" width=\"309\" height=\"288\" \/><\/a><em><strong>2a Jornada Lectura F\u00e0cil, un recurs per a l&#8217;escola inclusiva, <\/strong><\/em>organitzada per l\u2019<a href=\"http:\/\/www.lecturafacil.net\/\" data-saferedirecturl=\"https:\/\/www.google.com\/url?q=http:\/\/www.lecturafacil.net\/&amp;source=gmail&amp;ust=1623999129726000&amp;usg=AFQjCNHMwgTn-xTYPAhGM0ec-ZPZS_PKoQ\">Associaci\u00f3 Lectura F\u00e0cil<\/a>, i el Departament d\u2019Educaci\u00f3<em>.<\/em>\u00a0Es far\u00e0 en <span style=\"color: #3366ff;\"><strong>dues sessions virtuals s\u00edncrones els dies 28 de juny i 5 de juliol, de 9 h a 11.30h<\/strong><\/span>. Constar\u00e0 de marc te\u00f2ric, experi\u00e8ncies de centres i mostra de materials.<\/p>\n<p style=\"font-weight: 400;\"><strong>Dia:\u00a0<\/strong>28 de juny i 5 de juliol<br \/>\n<strong>Hora:<\/strong> de 9 h a 11:30 h<br \/>\n<strong>Lloc:<\/strong>\u00a0plataforma virtual<\/p>\n<p style=\"font-weight: 400;\">Us compartim el\u00a0<strong><a href=\"https:\/\/projectes.xtec.cat\/bescat\/wp-content\/uploads\/usu793\/2021\/06\/programa_jornada-LF2021_acc.pdf\" data-saferedirecturl=\"https:\/\/www.google.com\/url?q=https:\/\/projectes.xtec.cat\/bescat\/wp-content\/uploads\/usu793\/2021\/06\/programa_jornada-LF2021_acc.pdf&amp;source=gmail&amp;ust=1623999129726000&amp;usg=AFQjCNFCpY06j2hai_NGlWaYDAroR8AjJw\">programa de la jornada<\/a>\u00a0i l\u2019<a href=\"https:\/\/aplicacions.gestioeducativa.gencat.cat\/pls\/soloas\/pk_for_mod_ins.p_for_pre_cons_activitats?p_any=2020-2021&amp;p_codi=9000390555\" data-saferedirecturl=\"https:\/\/www.google.com\/url?q=https:\/\/aplicacions.gestioeducativa.gencat.cat\/pls\/soloas\/pk_for_mod_ins.p_for_pre_cons_activitats?p_any%3D2020-2021%26p_codi%3D9000390555&amp;source=gmail&amp;ust=1623999129726000&amp;usg=AFQjCNEkWCXCDfB02a-kQx_QUNSGGZE_-w\">enlla\u00e7 a inscripci\u00f3<\/a><\/strong>. <span style=\"color: #800000;\"><strong>La data l\u00edmit per inscriure\u2019s \u00e9s el 22 de juny de 2021<\/strong><\/span>.<\/p>\n<p style=\"font-weight: 400;\">Amb aquesta jornada es vol donar visibilitat a algunes experi\u00e8ncies en l&#8217;\u00fas de materials de LF a les aules, el coneixement dels quals pot ser d&#8217;inter\u00e8s per a altres centres educatius. Els objectius de la jornada s\u00f3n descobrir la Lectura F\u00e0cil com a eina per potenciar les habilitats lectores i fomentar el gust per la lectura, con\u00e8ixer experi\u00e8ncies d&#8217;\u00e8xit en l\u2019\u00fas de materials de Lectura F\u00e0cil a l&#8217;aula, explorar propostes i activitats per complementar la lectura, dins i fora de l&#8217;aula i con\u00e8ixer pautes i estrat\u00e8gies per dinamitzar grups de lectura.<\/p>\n","protected":false},"excerpt":{"rendered":"<p>2a Jornada Lectura F\u00e0cil, un recurs per a l&#8217;escola inclusiva, organitzada per l\u2019Associaci\u00f3 Lectura F\u00e0cil, i el Departament d\u2019Educaci\u00f3.\u00a0Es far\u00e0 [&hellip;]<\/p>\n","protected":false},"author":1,"featured_media":0,"comment_status":"closed","ping_status":"closed","sticky":false,"template":"","format":"standard","meta":{"_bbp_topic_count":0,"_bbp_reply_count":0,"_bbp_total_topic_count":0,"_bbp_total_reply_count":0,"_bbp_voice_count":0,"_bbp_anonymous_reply_count":0,"_bbp_topic_count_hidden":0,"_bbp_reply_count_hidden":0,"_bbp_forum_subforum_count":0,"site-sidebar-layout":"default","site-content-layout":"","ast-site-content-layout":"","site-content-style":"default","site-sidebar-style":"default","ast-global-header-display":"","ast-banner-title-visibility":"","ast-main-header-display":"","ast-hfb-above-header-display":"","ast-hfb-below-header-display":"","ast-hfb-mobile-header-display":"","site-post-title":"","ast-breadcrumbs-content":"","ast-featured-img":"","footer-sml-layout":"","theme-transparent-header-meta":"","adv-header-id-meta":"","stick-header-meta":"","header-above-stick-meta":"","header-main-stick-meta":"","header-below-stick-meta":"","astra-migrate-meta-layouts":"default","ast-page-background-enabled":"default","ast-page-background-meta":{"desktop":{"background-color":"var(--ast-global-color-4)","background-image":"","background-repeat":"repeat","background-position":"center center","background-size":"auto","background-attachment":"scroll","background-type":"","background-media":"","overlay-type":"","overlay-color":"","overlay-opacity":"","overlay-gradient":""},"tablet":{"background-color":"","background-image":"","background-repeat":"repeat","background-position":"center center","background-size":"auto","background-attachment":"scroll","background-type":"","background-media":"","overlay-type":"","overlay-color":"","overlay-opacity":"","overlay-gradient":""},"mobile":{"background-color":"","background-image":"","background-repeat":"repeat","background-position":"center center","background-size":"auto","background-attachment":"scroll","background-type":"","background-media":"","overlay-type":"","overlay-color":"","overlay-opacity":"","overlay-gradient":""}},"ast-content-background-meta":{"desktop":{"background-color":"var(--ast-global-color-5)","background-image":"","background-repeat":"repeat","background-position":"center center","background-size":"auto","background-attachment":"scroll","background-type":"","background-media":"","overlay-type":"","overlay-color":"","overlay-opacity":"","overlay-gradient":""},"tablet":{"background-color":"var(--ast-global-color-5)","background-image":"","background-repeat":"repeat","background-position":"center center","background-size":"auto","background-attachment":"scroll","background-type":"","background-media":"","overlay-type":"","overlay-color":"","overlay-opacity":"","overlay-gradient":""},"mobile":{"background-color":"var(--ast-global-color-5)","background-image":"","background-repeat":"repeat","background-position":"center center","background-size":"auto","background-attachment":"scroll","background-type":"","background-media":"","overlay-type":"","overlay-color":"","overlay-opacity":"","overlay-gradient":""}},"footnotes":""},"categories":[1,29],"tags":[567,226,356,445,100,566],"class_list":["post-11594","post","type-post","status-publish","format-standard","hentry","category-general","category-portada","tag-escola-inclusiva","tag-formacio","tag-inclusio","tag-jornada","tag-lectura","tag-lectura-facil"],"post_mailing_queue_ids":[],"_links":{"self":[{"href":"https:\/\/serveiseducatius.xtec.cat\/selva2\/wp-json\/wp\/v2\/posts\/11594","targetHints":{"allow":["GET"]}}],"collection":[{"href":"https:\/\/serveiseducatius.xtec.cat\/selva2\/wp-json\/wp\/v2\/posts"}],"about":[{"href":"https:\/\/serveiseducatius.xtec.cat\/selva2\/wp-json\/wp\/v2\/types\/post"}],"author":[{"embeddable":true,"href":"https:\/\/serveiseducatius.xtec.cat\/selva2\/wp-json\/wp\/v2\/users\/1"}],"replies":[{"embeddable":true,"href":"https:\/\/serveiseducatius.xtec.cat\/selva2\/wp-json\/wp\/v2\/comments?post=11594"}],"version-history":[{"count":3,"href":"https:\/\/serveiseducatius.xtec.cat\/selva2\/wp-json\/wp\/v2\/posts\/11594\/revisions"}],"predecessor-version":[{"id":11608,"href":"https:\/\/serveiseducatius.xtec.cat\/selva2\/wp-json\/wp\/v2\/posts\/11594\/revisions\/11608"}],"wp:attachment":[{"href":"https:\/\/serveiseducatius.xtec.cat\/selva2\/wp-json\/wp\/v2\/media?parent=11594"}],"wp:term":[{"taxonomy":"category","embeddable":true,"href":"https:\/\/serveiseducatius.xtec.cat\/selva2\/wp-json\/wp\/v2\/categories?post=11594"},{"taxonomy":"post_tag","embeddable":true,"href":"https:\/\/serveiseducatius.xtec.cat\/selva2\/wp-json\/wp\/v2\/tags?post=11594"}],"curies":[{"name":"wp","href":"https:\/\/api.w.org\/{rel}","templated":true}]}}