{"id":10367,"date":"2021-03-15T12:54:55","date_gmt":"2021-03-15T11:54:55","guid":{"rendered":"http:\/\/serveiseducatius.xtec.cat\/selva2\/?p=10367"},"modified":"2021-10-22T14:59:23","modified_gmt":"2021-10-22T12:59:23","slug":"proteccio-de-dades","status":"publish","type":"post","link":"https:\/\/serveiseducatius.xtec.cat\/selva2\/general\/proteccio-de-dades\/","title":{"rendered":"Protecci\u00f3 de dades i ciberseguretat"},"content":{"rendered":"<p><span style=\"font-weight: 400;\"><a href=\"https:\/\/www.youtube.com\/watch?v=_lS45_A8BZQ\"><img loading=\"lazy\" decoding=\"async\" class=\"alignleft wp-image-10369\" src=\"https:\/\/serveiseducatius.xtec.cat\/selva2\/wp-content\/uploads\/usu1165\/2021\/03\/2021-03-15-12_29_08-Protecci\u00f3-de-dades_-Google-Drive.jpg\" alt=\"\" width=\"295\" height=\"220\" \/><\/a><a href=\"https:\/\/www.youtube.com\/watch?v=_lS45_A8BZQ\"><span style=\"color: #0000ff;\"><strong>Xerrada sobre Seguretat a Internet per als equips de mentories<\/strong><\/span><\/a><\/span><\/p>\n<p>Dins el <a href=\"http:\/\/educacio.gencat.cat\/ca\/departament\/publicacions\/monografies\/pla-educacio-digital\/\"><span style=\"color: #0000ff;\"><strong>Pla d&#8217;Educaci\u00f3 Digital de Catalunya<\/strong><\/span><\/a>, del Departament d&#8217;Educaci\u00f3, i en el marc de la coordinaci\u00f3 dels mentors digitals, els referents de cultura digital dels CRP i els assessors de CD dels ST, dijous 11 de mar\u00e7 va tenir lloc una xerrada sobre <span style=\"color: #0000ff;\"><strong>&#8220;<a href=\"https:\/\/www.youtube.com\/watch?v=_lS45_A8BZQ\">Seguretat a Internet<\/a>&#8220;<\/strong><\/span> per part de Joana Mar\u00ed Cardona, en nom de l&#8217;<a href=\"https:\/\/apdcat.gencat.cat\/ca\/inici\"><span style=\"color: #0000ff;\"><strong>Autoritat Catalana de Protecci\u00f3 de Dades (apdcat)<\/strong><\/span><\/a> i Tom\u00e0s Mor\u00e9, de l&#8217;<a href=\"https:\/\/ciberseguretat.gencat.cat\/ca\/inici\"><span style=\"color: #0000ff;\"><strong>Ag\u00e8ncia de Ciberseguretat de Catalunya<\/strong><\/span><\/a><span style=\"color: #0000ff;\"><strong> (ACC).<\/strong><\/span><\/p>\n<p><strong>Documents:<\/strong><\/p>\n<p><a style=\"font-family: inherit; font-size: 1em;\" href=\"https:\/\/drive.google.com\/file\/d\/1JkuPGhxOVnX4yRQW8HAMWGBtQkrCHvHk\/view\"><span style=\"color: #0000ff;\"><strong>Principals eixos: compliment normativa de protecci\u00f3 de Dades<\/strong><\/span><\/a><span style=\"font-family: inherit; font-size: 1em;\"> (Joana Mar\u00ed Cardona) apdcat<\/span><\/p>\n<p><a href=\"https:\/\/drive.google.com\/file\/d\/1JkuPGhxOVnX4yRQW8HAMWGBtQkrCHvHk\/view\"><span style=\"color: #0000ff;\"><strong>Ciberguretat i Compet\u00e8ncia digital<\/strong><\/span><\/a> (Tom\u00e0s Mor\u00e9) ACC<\/p>\n","protected":false},"excerpt":{"rendered":"<p>Xerrada sobre Seguretat a Internet per als equips de mentories Dins el Pla d&#8217;Educaci\u00f3 Digital de Catalunya, del Departament d&#8217;Educaci\u00f3, [&hellip;]<\/p>\n","protected":false},"author":1,"featured_media":0,"comment_status":"closed","ping_status":"closed","sticky":false,"template":"","format":"standard","meta":{"_bbp_topic_count":0,"_bbp_reply_count":0,"_bbp_total_topic_count":0,"_bbp_total_reply_count":0,"_bbp_voice_count":0,"_bbp_anonymous_reply_count":0,"_bbp_topic_count_hidden":0,"_bbp_reply_count_hidden":0,"_bbp_forum_subforum_count":0,"site-sidebar-layout":"default","site-content-layout":"","ast-site-content-layout":"","site-content-style":"default","site-sidebar-style":"default","ast-global-header-display":"","ast-banner-title-visibility":"","ast-main-header-display":"","ast-hfb-above-header-display":"","ast-hfb-below-header-display":"","ast-hfb-mobile-header-display":"","site-post-title":"","ast-breadcrumbs-content":"","ast-featured-img":"","footer-sml-layout":"","theme-transparent-header-meta":"","adv-header-id-meta":"","stick-header-meta":"","header-above-stick-meta":"","header-main-stick-meta":"","header-below-stick-meta":"","astra-migrate-meta-layouts":"default","ast-page-background-enabled":"default","ast-page-background-meta":{"desktop":{"background-color":"var(--ast-global-color-4)","background-image":"","background-repeat":"repeat","background-position":"center center","background-size":"auto","background-attachment":"scroll","background-type":"","background-media":"","overlay-type":"","overlay-color":"","overlay-opacity":"","overlay-gradient":""},"tablet":{"background-color":"","background-image":"","background-repeat":"repeat","background-position":"center center","background-size":"auto","background-attachment":"scroll","background-type":"","background-media":"","overlay-type":"","overlay-color":"","overlay-opacity":"","overlay-gradient":""},"mobile":{"background-color":"","background-image":"","background-repeat":"repeat","background-position":"center center","background-size":"auto","background-attachment":"scroll","background-type":"","background-media":"","overlay-type":"","overlay-color":"","overlay-opacity":"","overlay-gradient":""}},"ast-content-background-meta":{"desktop":{"background-color":"var(--ast-global-color-5)","background-image":"","background-repeat":"repeat","background-position":"center center","background-size":"auto","background-attachment":"scroll","background-type":"","background-media":"","overlay-type":"","overlay-color":"","overlay-opacity":"","overlay-gradient":""},"tablet":{"background-color":"var(--ast-global-color-5)","background-image":"","background-repeat":"repeat","background-position":"center center","background-size":"auto","background-attachment":"scroll","background-type":"","background-media":"","overlay-type":"","overlay-color":"","overlay-opacity":"","overlay-gradient":""},"mobile":{"background-color":"var(--ast-global-color-5)","background-image":"","background-repeat":"repeat","background-position":"center center","background-size":"auto","background-attachment":"scroll","background-type":"","background-media":"","overlay-type":"","overlay-color":"","overlay-opacity":"","overlay-gradient":""}},"footnotes":""},"categories":[1,29],"tags":[465,466,196,293,427,464],"class_list":["post-10367","post","type-post","status-publish","format-standard","hentry","category-general","category-portada","tag-apdcat","tag-ciberseguretat","tag-competencia-digital","tag-cultura-digital","tag-internet-segura","tag-proteccio-de-dades"],"post_mailing_queue_ids":[],"_links":{"self":[{"href":"https:\/\/serveiseducatius.xtec.cat\/selva2\/wp-json\/wp\/v2\/posts\/10367","targetHints":{"allow":["GET"]}}],"collection":[{"href":"https:\/\/serveiseducatius.xtec.cat\/selva2\/wp-json\/wp\/v2\/posts"}],"about":[{"href":"https:\/\/serveiseducatius.xtec.cat\/selva2\/wp-json\/wp\/v2\/types\/post"}],"author":[{"embeddable":true,"href":"https:\/\/serveiseducatius.xtec.cat\/selva2\/wp-json\/wp\/v2\/users\/1"}],"replies":[{"embeddable":true,"href":"https:\/\/serveiseducatius.xtec.cat\/selva2\/wp-json\/wp\/v2\/comments?post=10367"}],"version-history":[{"count":3,"href":"https:\/\/serveiseducatius.xtec.cat\/selva2\/wp-json\/wp\/v2\/posts\/10367\/revisions"}],"predecessor-version":[{"id":10439,"href":"https:\/\/serveiseducatius.xtec.cat\/selva2\/wp-json\/wp\/v2\/posts\/10367\/revisions\/10439"}],"wp:attachment":[{"href":"https:\/\/serveiseducatius.xtec.cat\/selva2\/wp-json\/wp\/v2\/media?parent=10367"}],"wp:term":[{"taxonomy":"category","embeddable":true,"href":"https:\/\/serveiseducatius.xtec.cat\/selva2\/wp-json\/wp\/v2\/categories?post=10367"},{"taxonomy":"post_tag","embeddable":true,"href":"https:\/\/serveiseducatius.xtec.cat\/selva2\/wp-json\/wp\/v2\/tags?post=10367"}],"curies":[{"name":"wp","href":"https:\/\/api.w.org\/{rel}","templated":true}]}}