{"id":9913,"date":"2024-11-08T18:33:15","date_gmt":"2024-11-08T17:33:15","guid":{"rendered":"https:\/\/serveiseducatius.xtec.cat\/selva1\/?p=9913"},"modified":"2024-11-08T18:33:15","modified_gmt":"2024-11-08T17:33:15","slug":"el-poder-de-la-natura-educacio-ambiental-i-aprenentatge-a-laire-lliure-per-a-infants-i-adolescents-neurodivergents","status":"publish","type":"post","link":"https:\/\/serveiseducatius.xtec.cat\/selva1\/portada\/el-poder-de-la-natura-educacio-ambiental-i-aprenentatge-a-laire-lliure-per-a-infants-i-adolescents-neurodivergents\/","title":{"rendered":"El poder de la natura: Educaci\u00f3 Ambiental i Aprenentatge a l&#8217;Aire Lliure per a Infants i Adolescents Neurodivergents"},"content":{"rendered":"<p><a href=\"https:\/\/serveiseducatius.xtec.cat\/selva1\/wp-content\/uploads\/usu773\/2024\/11\/ESC-Verd.png\"><img loading=\"lazy\" decoding=\"async\" class=\"alignleft size-full wp-image-9914\" src=\"https:\/\/serveiseducatius.xtec.cat\/selva1\/wp-content\/uploads\/usu773\/2024\/11\/ESC-Verd.png\" alt=\"\" width=\"272\" height=\"169\" \/><\/a><\/p>\n<p>Ens complau anunciar una formaci\u00f3 gratu\u00efta subvencionada pel projecte Erasmus+ &#8220;A Super Power to Defend Nature&#8221;, dissenyada espec\u00edficament per a professionals de l&#8217;educaci\u00f3 ambiental, mestres de prim\u00e0ria i secund\u00e0ria, i mestres d&#8217;educaci\u00f3 especial. Aquesta formaci\u00f3, titulada\u00a0&#8220;El poder de la natura: Educaci\u00f3 Ambiental i Aprenentatge a l&#8217;Aire Lliure per a Infants i Adolescents Neurodivergents&#8221;, t\u00e9 com a objectiu incrementar l&#8217;aprenentatge a l&#8217;aire lliure i subratllar els enormes beneficis del contacte amb la natura per al desenvolupament integral dels infants i adolescents neurodivergents.<\/p>\n<p>&nbsp;<\/p>\n<div>Dates i Formats:<\/div>\n<div><\/div>\n<div>Format presencial:<\/div>\n<ul>\n<li>\n<div>29 de novembre de 9:30h a 14h a la sala d&#8217;actes de l&#8217;Hospital d&#8217;Olot (Avinguda Pa\u00efsos Catalans 86, Olot)<\/div>\n<\/li>\n<li>30 de novembre de 9:00 h a 14:00h a l&#8217;escola d&#8217;educaci\u00f3 especial les Aig\u00fces de Matar\u00f3 (Ronda del Cros 1, Matar\u00f3)<\/li>\n<\/ul>\n<div>Format semi-presencial:<\/div>\n<ul>\n<li>29 de novembre a partir de les 16h a trav\u00e9s de la plataforma habilitada<\/li>\n<li>30 de novembre de 9:00 h a 14:00h a l&#8217;escola d&#8217;educaci\u00f3 especial les Aig\u00fces de Matar\u00f3 (Ronda del Cros 1, Matar\u00f3)<\/li>\n<\/ul>\n<div>Objectius de la formaci\u00f3:<\/div>\n<ul>\n<li>Con\u00e8ixer la import\u00e0ncia de l&#8217;educaci\u00f3 ambiental i el contacte amb la natura en el desenvolupament dels infants amb neurodiverg\u00e8ncies.<\/li>\n<li>Aplicar bones pr\u00e0ctiques educatives i metodologies efectives amb nens i nenes neurodivergents.<\/li>\n<li>Dissenyar i implementar estrat\u00e8gies per integrar l&#8217;educaci\u00f3 ambiental a l&#8217;aire lliure en el curr\u00edculum escolar.<\/li>\n<\/ul>\n<div>Inscripcions:\u00a0Les places s\u00f3n limitades, aix\u00ed que us animem a inscriure-us al m\u00e9s aviat possible. Podeu inscriure-us a trav\u00e9s dels seg\u00fcent enlla\u00e7:<\/div>\n<ul>\n<li>\n<div><a id=\"m_-8116919489845093404OWA624bfcde-38e3-c66d-4862-221e2fc8da45\" href=\"https:\/\/forms.gle\/xYHPmYzL1uJSFc8bA\" target=\"_blank\" rel=\"noopener noreferrer\" data-saferedirecturl=\"https:\/\/www.google.com\/url?q=https:\/\/forms.gle\/xYHPmYzL1uJSFc8bA&amp;source=gmail&amp;ust=1731156353154000&amp;usg=AOvVaw3IeVPuE1xNO1gaGVr9AV2E\">https:\/\/forms.gle\/<wbr \/>xYHPmYzL1uJSFc8bA<\/a><\/div>\n<\/li>\n<\/ul>\n<p>Vegeu el programa complet<\/p>\n<p><iframe loading=\"lazy\" src=\"https:\/\/drive.google.com\/file\/d\/1lzM-tdrzie0do-v6YogCgniuRu2KjR6F\/preview\" width=\"640\" height=\"480\"><\/iframe><\/p>\n<p>&nbsp;<\/p>\n<div>No deixeu passar aquesta oportunitat \u00fanica de millorar les vostres compet\u00e8ncies i contribuir al benestar i desenvolupament dels infants i adolescents neurodivergents.<\/div>\n<div><\/div>\n<div>Aquesta formaci\u00f3 \u00e9s reconeguda pel Departament d&#8217;Educaci\u00f3 i Formaci\u00f3 Professional.<\/div>\n<div><\/div>\n<div>Us hi esperem!<\/div>\n<div><\/div>\n","protected":false},"excerpt":{"rendered":"<p>Ens complau anunciar una formaci\u00f3 gratu\u00efta subvencionada pel projecte Erasmus+ &#8220;A Super Power to Defend Nature&#8221;, dissenyada espec\u00edficament per a professionals de l&#8217;educaci\u00f3 ambiental, mestres de prim\u00e0ria i secund\u00e0ria, i mestres d&#8217;educaci\u00f3 especial. Aquesta formaci\u00f3, titulada\u00a0&#8220;El poder de la natura: Educaci\u00f3 Ambiental i Aprenentatge a l&#8217;Aire Lliure per a Infants i Adolescents Neurodivergents&#8221;, t\u00e9 com [&hellip;]<\/p>\n","protected":false},"author":1,"featured_media":9914,"comment_status":"open","ping_status":"closed","sticky":false,"template":"","format":"standard","meta":{"_bbp_topic_count":0,"_bbp_reply_count":0,"_bbp_total_topic_count":0,"_bbp_total_reply_count":0,"_bbp_voice_count":0,"_bbp_anonymous_reply_count":0,"_bbp_topic_count_hidden":0,"_bbp_reply_count_hidden":0,"_bbp_forum_subforum_count":0,"site-sidebar-layout":"default","site-content-layout":"","ast-site-content-layout":"","site-content-style":"default","site-sidebar-style":"default","ast-global-header-display":"","ast-banner-title-visibility":"","ast-main-header-display":"","ast-hfb-above-header-display":"","ast-hfb-below-header-display":"","ast-hfb-mobile-header-display":"","site-post-title":"","ast-breadcrumbs-content":"","ast-featured-img":"","footer-sml-layout":"","theme-transparent-header-meta":"","adv-header-id-meta":"","stick-header-meta":"","header-above-stick-meta":"","header-main-stick-meta":"","header-below-stick-meta":"","astra-migrate-meta-layouts":"default","ast-page-background-enabled":"default","ast-page-background-meta":{"desktop":{"background-color":"var(--ast-global-color-4)","background-image":"","background-repeat":"repeat","background-position":"center center","background-size":"auto","background-attachment":"scroll","background-type":"","background-media":"","overlay-type":"","overlay-color":"","overlay-opacity":"","overlay-gradient":""},"tablet":{"background-color":"","background-image":"","background-repeat":"repeat","background-position":"center center","background-size":"auto","background-attachment":"scroll","background-type":"","background-media":"","overlay-type":"","overlay-color":"","overlay-opacity":"","overlay-gradient":""},"mobile":{"background-color":"","background-image":"","background-repeat":"repeat","background-position":"center center","background-size":"auto","background-attachment":"scroll","background-type":"","background-media":"","overlay-type":"","overlay-color":"","overlay-opacity":"","overlay-gradient":""}},"ast-content-background-meta":{"desktop":{"background-color":"var(--ast-global-color-5)","background-image":"","background-repeat":"repeat","background-position":"center center","background-size":"auto","background-attachment":"scroll","background-type":"","background-media":"","overlay-type":"","overlay-color":"","overlay-opacity":"","overlay-gradient":""},"tablet":{"background-color":"var(--ast-global-color-5)","background-image":"","background-repeat":"repeat","background-position":"center center","background-size":"auto","background-attachment":"scroll","background-type":"","background-media":"","overlay-type":"","overlay-color":"","overlay-opacity":"","overlay-gradient":""},"mobile":{"background-color":"var(--ast-global-color-5)","background-image":"","background-repeat":"repeat","background-position":"center center","background-size":"auto","background-attachment":"scroll","background-type":"","background-media":"","overlay-type":"","overlay-color":"","overlay-opacity":"","overlay-gradient":""}},"footnotes":""},"categories":[65,29],"tags":[],"class_list":["post-9913","post","type-post","status-publish","format-standard","has-post-thumbnail","hentry","category-crp","category-portada"],"post_mailing_queue_ids":[],"_links":{"self":[{"href":"https:\/\/serveiseducatius.xtec.cat\/selva1\/wp-json\/wp\/v2\/posts\/9913","targetHints":{"allow":["GET"]}}],"collection":[{"href":"https:\/\/serveiseducatius.xtec.cat\/selva1\/wp-json\/wp\/v2\/posts"}],"about":[{"href":"https:\/\/serveiseducatius.xtec.cat\/selva1\/wp-json\/wp\/v2\/types\/post"}],"author":[{"embeddable":true,"href":"https:\/\/serveiseducatius.xtec.cat\/selva1\/wp-json\/wp\/v2\/users\/1"}],"replies":[{"embeddable":true,"href":"https:\/\/serveiseducatius.xtec.cat\/selva1\/wp-json\/wp\/v2\/comments?post=9913"}],"version-history":[{"count":1,"href":"https:\/\/serveiseducatius.xtec.cat\/selva1\/wp-json\/wp\/v2\/posts\/9913\/revisions"}],"predecessor-version":[{"id":9915,"href":"https:\/\/serveiseducatius.xtec.cat\/selva1\/wp-json\/wp\/v2\/posts\/9913\/revisions\/9915"}],"wp:featuredmedia":[{"embeddable":true,"href":"https:\/\/serveiseducatius.xtec.cat\/selva1\/wp-json\/wp\/v2\/media\/9914"}],"wp:attachment":[{"href":"https:\/\/serveiseducatius.xtec.cat\/selva1\/wp-json\/wp\/v2\/media?parent=9913"}],"wp:term":[{"taxonomy":"category","embeddable":true,"href":"https:\/\/serveiseducatius.xtec.cat\/selva1\/wp-json\/wp\/v2\/categories?post=9913"},{"taxonomy":"post_tag","embeddable":true,"href":"https:\/\/serveiseducatius.xtec.cat\/selva1\/wp-json\/wp\/v2\/tags?post=9913"}],"curies":[{"name":"wp","href":"https:\/\/api.w.org\/{rel}","templated":true}]}}