{"id":9520,"date":"2024-09-21T09:12:14","date_gmt":"2024-09-21T07:12:14","guid":{"rendered":"https:\/\/serveiseducatius.xtec.cat\/selva1\/?p=9520"},"modified":"2024-09-21T09:34:45","modified_gmt":"2024-09-21T07:34:45","slug":"3a-jornada-deducacio-i-literatura-infantil-i-juvenil-a-la-garrotxa-literatura-i-oralitat","status":"publish","type":"post","link":"https:\/\/serveiseducatius.xtec.cat\/selva1\/elic\/3a-jornada-deducacio-i-literatura-infantil-i-juvenil-a-la-garrotxa-literatura-i-oralitat\/","title":{"rendered":"3a Jornada d&#8217;educaci\u00f3 i literatura infantil i juvenil a la Garrotxa. Literatura i oralitat."},"content":{"rendered":"<p>&nbsp;<\/p>\n<p>El\u00a0<strong>dijous 14 de novembre<\/strong>\u00a0de 17:15 a 20:30 hores a l\u2019<a href=\"https:\/\/www.google.com\/maps?rlz=1C1GCEB_enES1107ES1108&amp;um=1&amp;ie=UTF-8&amp;fb=1&amp;gl=es&amp;sa=X&amp;geocode=KQedLoX3y7oSMaIYTr93ktoh&amp;daddr=Carrer+Macarnau,+55,+17800+Olot,+Girona\">Espai Cr\u00e0ter d\u2019Olot<\/a>\u00a0se celebrar\u00e0 la\u00a0<strong>3a Jornada d\u2019Educaci\u00f3 i Literatura Infantil i Juvenil a la Garrotxa<\/strong>, organitzada per l\u2019\u00c0rea de Cultura i Educaci\u00f3 de l\u2019Ajuntament d\u2019Olot, el Pla Educatiu d\u2019Entorn, la biblioteca Mari\u00e0 Vayreda i el Servei Educatiu de la Garrotxa.<\/p>\n<p>Aquest any, la Jornada gira al voltant de la literatura i la oralitat. \u00c9s per aix\u00f2 que comptarem amb\u00a0<strong>3 tallers simultanis<\/strong>\u00a0per als diferents nivells educatius: d\u2019Educaci\u00f3 Infantil a c\u00e0rrec de la\u00a0<strong>Maria Carme Bernal Creus<\/strong>, d\u2019Educaci\u00f3 Prim\u00e0ria a c\u00e0rrec de la\u00a0<strong>Sherezade Bardaj\u00ed Gonz\u00e1lez<\/strong>\u00a0i d\u2019Educaci\u00f3 Secund\u00e0ria a c\u00e0rrec d\u2019en\u00a0<strong>Josep Pedrals i Urd\u00e0niz<\/strong>. La Jornada acabar\u00e0 amb una xerrada-taller d\u2019una hora a c\u00e0rrec d\u2019en<strong>\u00a0M\u00e0rius Serra<\/strong>.<\/p>\n<p>A continuaci\u00f3, adjuntem el programa amb tota la informaci\u00f3 detallada. Totes les persones interessades a gaudir i participar de la jornada us podeu inscriure\u00a0<a href=\"https:\/\/aplicacions.gestioeducativa.gencat.cat\/pls\/soloas\/pk_for_mod_ins.p_for_detall_activitat?p_header=Llista%20d%27activitats^pk_for_mod_ins.p_for_cons_activitats?p_crp=504%26p_crp_txt=La%20Garrotxa.%20Olot%26p_totes=N%26p_inici=11%26p_excloure_crp_rec=T&amp;p_codi=5040181504&amp;p_curs=2024-2025&amp;p_excloure_crp_rec=T\">aqu\u00ed<\/a>.<\/p>\n<p>&nbsp;<\/p>\n<p><iframe loading=\"lazy\" src=\"https:\/\/drive.google.com\/file\/d\/1EfGqnjpTetiuFXEplcvYzeMthh4F2hPK\/preview\" width=\"640\" height=\"480\"><\/iframe><\/p>\n","protected":false},"excerpt":{"rendered":"<p>&nbsp; El\u00a0dijous 14 de novembre\u00a0de 17:15 a 20:30 hores a l\u2019Espai Cr\u00e0ter d\u2019Olot\u00a0se celebrar\u00e0 la\u00a03a Jornada d\u2019Educaci\u00f3 i Literatura Infantil i Juvenil a la Garrotxa, organitzada per l\u2019\u00c0rea de Cultura i Educaci\u00f3 de l\u2019Ajuntament d\u2019Olot, el Pla Educatiu d\u2019Entorn, la biblioteca Mari\u00e0 Vayreda i el Servei Educatiu de la Garrotxa. Aquest any, la Jornada gira [&hellip;]<\/p>\n","protected":false},"author":1,"featured_media":9521,"comment_status":"open","ping_status":"closed","sticky":false,"template":"","format":"standard","meta":{"_bbp_topic_count":0,"_bbp_reply_count":0,"_bbp_total_topic_count":0,"_bbp_total_reply_count":0,"_bbp_voice_count":0,"_bbp_anonymous_reply_count":0,"_bbp_topic_count_hidden":0,"_bbp_reply_count_hidden":0,"_bbp_forum_subforum_count":0,"site-sidebar-layout":"default","site-content-layout":"","ast-site-content-layout":"","site-content-style":"default","site-sidebar-style":"default","ast-global-header-display":"","ast-banner-title-visibility":"","ast-main-header-display":"","ast-hfb-above-header-display":"","ast-hfb-below-header-display":"","ast-hfb-mobile-header-display":"","site-post-title":"","ast-breadcrumbs-content":"","ast-featured-img":"","footer-sml-layout":"","theme-transparent-header-meta":"","adv-header-id-meta":"","stick-header-meta":"","header-above-stick-meta":"","header-main-stick-meta":"","header-below-stick-meta":"","astra-migrate-meta-layouts":"default","ast-page-background-enabled":"default","ast-page-background-meta":{"desktop":{"background-color":"var(--ast-global-color-4)","background-image":"","background-repeat":"repeat","background-position":"center center","background-size":"auto","background-attachment":"scroll","background-type":"","background-media":"","overlay-type":"","overlay-color":"","overlay-opacity":"","overlay-gradient":""},"tablet":{"background-color":"","background-image":"","background-repeat":"repeat","background-position":"center center","background-size":"auto","background-attachment":"scroll","background-type":"","background-media":"","overlay-type":"","overlay-color":"","overlay-opacity":"","overlay-gradient":""},"mobile":{"background-color":"","background-image":"","background-repeat":"repeat","background-position":"center center","background-size":"auto","background-attachment":"scroll","background-type":"","background-media":"","overlay-type":"","overlay-color":"","overlay-opacity":"","overlay-gradient":""}},"ast-content-background-meta":{"desktop":{"background-color":"var(--ast-global-color-5)","background-image":"","background-repeat":"repeat","background-position":"center center","background-size":"auto","background-attachment":"scroll","background-type":"","background-media":"","overlay-type":"","overlay-color":"","overlay-opacity":"","overlay-gradient":""},"tablet":{"background-color":"var(--ast-global-color-5)","background-image":"","background-repeat":"repeat","background-position":"center center","background-size":"auto","background-attachment":"scroll","background-type":"","background-media":"","overlay-type":"","overlay-color":"","overlay-opacity":"","overlay-gradient":""},"mobile":{"background-color":"var(--ast-global-color-5)","background-image":"","background-repeat":"repeat","background-position":"center center","background-size":"auto","background-attachment":"scroll","background-type":"","background-media":"","overlay-type":"","overlay-color":"","overlay-opacity":"","overlay-gradient":""}},"footnotes":""},"categories":[76,68],"tags":[],"class_list":["post-9520","post","type-post","status-publish","format-standard","has-post-thumbnail","hentry","category-biblionoticies","category-elic"],"post_mailing_queue_ids":[],"_links":{"self":[{"href":"https:\/\/serveiseducatius.xtec.cat\/selva1\/wp-json\/wp\/v2\/posts\/9520","targetHints":{"allow":["GET"]}}],"collection":[{"href":"https:\/\/serveiseducatius.xtec.cat\/selva1\/wp-json\/wp\/v2\/posts"}],"about":[{"href":"https:\/\/serveiseducatius.xtec.cat\/selva1\/wp-json\/wp\/v2\/types\/post"}],"author":[{"embeddable":true,"href":"https:\/\/serveiseducatius.xtec.cat\/selva1\/wp-json\/wp\/v2\/users\/1"}],"replies":[{"embeddable":true,"href":"https:\/\/serveiseducatius.xtec.cat\/selva1\/wp-json\/wp\/v2\/comments?post=9520"}],"version-history":[{"count":1,"href":"https:\/\/serveiseducatius.xtec.cat\/selva1\/wp-json\/wp\/v2\/posts\/9520\/revisions"}],"predecessor-version":[{"id":9522,"href":"https:\/\/serveiseducatius.xtec.cat\/selva1\/wp-json\/wp\/v2\/posts\/9520\/revisions\/9522"}],"wp:featuredmedia":[{"embeddable":true,"href":"https:\/\/serveiseducatius.xtec.cat\/selva1\/wp-json\/wp\/v2\/media\/9521"}],"wp:attachment":[{"href":"https:\/\/serveiseducatius.xtec.cat\/selva1\/wp-json\/wp\/v2\/media?parent=9520"}],"wp:term":[{"taxonomy":"category","embeddable":true,"href":"https:\/\/serveiseducatius.xtec.cat\/selva1\/wp-json\/wp\/v2\/categories?post=9520"},{"taxonomy":"post_tag","embeddable":true,"href":"https:\/\/serveiseducatius.xtec.cat\/selva1\/wp-json\/wp\/v2\/tags?post=9520"}],"curies":[{"name":"wp","href":"https:\/\/api.w.org\/{rel}","templated":true}]}}