{"id":9513,"date":"2024-09-21T08:51:21","date_gmt":"2024-09-21T06:51:21","guid":{"rendered":"https:\/\/serveiseducatius.xtec.cat\/selva1\/?p=9513"},"modified":"2024-09-21T08:51:21","modified_gmt":"2024-09-21T06:51:21","slug":"cultura-oceanica-el-mar-arriba-a-les-aules","status":"publish","type":"post","link":"https:\/\/serveiseducatius.xtec.cat\/selva1\/portada\/cultura-oceanica-el-mar-arriba-a-les-aules\/","title":{"rendered":"CULTURA OCE\u00c0NICA : EL MAR ARRIBA A LES AULES"},"content":{"rendered":"<p>&nbsp;<\/p>\n<p>La Xarxa d\u2019Escoles Verdes vol promoure la pres\u00e8ncia de l\u2019oce\u00e0 a les aules de manera transversal i incloure la perspectiva del mar en qualsevol projecte de sostenibilitat.<\/p>\n<p>Per tal d\u2019augmentar el coneixement en profunditat i millorar la cultura oce\u00e0nica dels docents de la nostra Xarxa, us proposem aquesta formaci\u00f3 sota el guiatge de l\u2019Institut de Ci\u00e8ncies del Mar, com a entitat de recerca de refer\u00e8ncia, per posar en com\u00fa inquietuds de la comunitat educativa i de la comunitat cient\u00edfica.<\/p>\n<p>Es donar\u00e0 una visi\u00f3 real, integrada i global del planeta per mostrar que l\u2019oce\u00e0, el medi terrestre i l\u2019atmosfera formen part d\u2019un mateix sistema. A m\u00e9s, es tractaran les interaccions entre l\u2019oce\u00e0 i el clima, la conservaci\u00f3 i l\u2019\u00fas sostenible dels recursos i els ecosistemes marins, i tamb\u00e9 la mitigaci\u00f3 dels impactes derivats dels perills naturals i antropog\u00e8nics.<\/p>\n<p>Caracter\u00edstiques del curs: formaci\u00f3 semipresencial de 15 hores certificades pel Departament d\u2019Educaci\u00f3 (nivell educatiu: cicle superior de prim\u00e0ria i secund\u00e0ria).<\/p>\n<p>M\u00e9s informaci\u00f3:\u00a0<a href=\"mailto:escolesverdes.accioclimatica@gencat.cat\">escolesverdes.accioclimatica@gencat.cat<\/a><\/p>\n<p><a href=\"https:\/\/aplicacions.gestioeducativa.gencat.cat\/pls\/soloas\/pk_for_mod_ins.p_for_pre_cons_activitats?p_any=2024-2025&amp;p_codi=9002010545\" target=\"_blank\" rel=\"noopener\"><strong>INSCRIPCIONS<\/strong><\/a><\/p>\n<p><iframe loading=\"lazy\" src=\"https:\/\/drive.google.com\/file\/d\/1xT15k3NNlK3jPFmjS5aklrhKLwwcDBk4\/preview\" width=\"640\" height=\"480\"><\/iframe><\/p>\n","protected":false},"excerpt":{"rendered":"<p>&nbsp; La Xarxa d\u2019Escoles Verdes vol promoure la pres\u00e8ncia de l\u2019oce\u00e0 a les aules de manera transversal i incloure la perspectiva del mar en qualsevol projecte de sostenibilitat. Per tal d\u2019augmentar el coneixement en profunditat i millorar la cultura oce\u00e0nica dels docents de la nostra Xarxa, us proposem aquesta formaci\u00f3 sota el guiatge de l\u2019Institut [&hellip;]<\/p>\n","protected":false},"author":1,"featured_media":9514,"comment_status":"open","ping_status":"closed","sticky":false,"template":"","format":"standard","meta":{"_bbp_topic_count":0,"_bbp_reply_count":0,"_bbp_total_topic_count":0,"_bbp_total_reply_count":0,"_bbp_voice_count":0,"_bbp_anonymous_reply_count":0,"_bbp_topic_count_hidden":0,"_bbp_reply_count_hidden":0,"_bbp_forum_subforum_count":0,"site-sidebar-layout":"default","site-content-layout":"","ast-site-content-layout":"","site-content-style":"default","site-sidebar-style":"default","ast-global-header-display":"","ast-banner-title-visibility":"","ast-main-header-display":"","ast-hfb-above-header-display":"","ast-hfb-below-header-display":"","ast-hfb-mobile-header-display":"","site-post-title":"","ast-breadcrumbs-content":"","ast-featured-img":"","footer-sml-layout":"","theme-transparent-header-meta":"","adv-header-id-meta":"","stick-header-meta":"","header-above-stick-meta":"","header-main-stick-meta":"","header-below-stick-meta":"","astra-migrate-meta-layouts":"default","ast-page-background-enabled":"default","ast-page-background-meta":{"desktop":{"background-color":"var(--ast-global-color-4)","background-image":"","background-repeat":"repeat","background-position":"center center","background-size":"auto","background-attachment":"scroll","background-type":"","background-media":"","overlay-type":"","overlay-color":"","overlay-opacity":"","overlay-gradient":""},"tablet":{"background-color":"","background-image":"","background-repeat":"repeat","background-position":"center center","background-size":"auto","background-attachment":"scroll","background-type":"","background-media":"","overlay-type":"","overlay-color":"","overlay-opacity":"","overlay-gradient":""},"mobile":{"background-color":"","background-image":"","background-repeat":"repeat","background-position":"center center","background-size":"auto","background-attachment":"scroll","background-type":"","background-media":"","overlay-type":"","overlay-color":"","overlay-opacity":"","overlay-gradient":""}},"ast-content-background-meta":{"desktop":{"background-color":"var(--ast-global-color-5)","background-image":"","background-repeat":"repeat","background-position":"center center","background-size":"auto","background-attachment":"scroll","background-type":"","background-media":"","overlay-type":"","overlay-color":"","overlay-opacity":"","overlay-gradient":""},"tablet":{"background-color":"var(--ast-global-color-5)","background-image":"","background-repeat":"repeat","background-position":"center center","background-size":"auto","background-attachment":"scroll","background-type":"","background-media":"","overlay-type":"","overlay-color":"","overlay-opacity":"","overlay-gradient":""},"mobile":{"background-color":"var(--ast-global-color-5)","background-image":"","background-repeat":"repeat","background-position":"center center","background-size":"auto","background-attachment":"scroll","background-type":"","background-media":"","overlay-type":"","overlay-color":"","overlay-opacity":"","overlay-gradient":""}},"footnotes":""},"categories":[65,29,79],"tags":[],"class_list":["post-9513","post","type-post","status-publish","format-standard","has-post-thumbnail","hentry","category-crp","category-portada","category-alumnat"],"post_mailing_queue_ids":[],"_links":{"self":[{"href":"https:\/\/serveiseducatius.xtec.cat\/selva1\/wp-json\/wp\/v2\/posts\/9513","targetHints":{"allow":["GET"]}}],"collection":[{"href":"https:\/\/serveiseducatius.xtec.cat\/selva1\/wp-json\/wp\/v2\/posts"}],"about":[{"href":"https:\/\/serveiseducatius.xtec.cat\/selva1\/wp-json\/wp\/v2\/types\/post"}],"author":[{"embeddable":true,"href":"https:\/\/serveiseducatius.xtec.cat\/selva1\/wp-json\/wp\/v2\/users\/1"}],"replies":[{"embeddable":true,"href":"https:\/\/serveiseducatius.xtec.cat\/selva1\/wp-json\/wp\/v2\/comments?post=9513"}],"version-history":[{"count":1,"href":"https:\/\/serveiseducatius.xtec.cat\/selva1\/wp-json\/wp\/v2\/posts\/9513\/revisions"}],"predecessor-version":[{"id":9515,"href":"https:\/\/serveiseducatius.xtec.cat\/selva1\/wp-json\/wp\/v2\/posts\/9513\/revisions\/9515"}],"wp:featuredmedia":[{"embeddable":true,"href":"https:\/\/serveiseducatius.xtec.cat\/selva1\/wp-json\/wp\/v2\/media\/9514"}],"wp:attachment":[{"href":"https:\/\/serveiseducatius.xtec.cat\/selva1\/wp-json\/wp\/v2\/media?parent=9513"}],"wp:term":[{"taxonomy":"category","embeddable":true,"href":"https:\/\/serveiseducatius.xtec.cat\/selva1\/wp-json\/wp\/v2\/categories?post=9513"},{"taxonomy":"post_tag","embeddable":true,"href":"https:\/\/serveiseducatius.xtec.cat\/selva1\/wp-json\/wp\/v2\/tags?post=9513"}],"curies":[{"name":"wp","href":"https:\/\/api.w.org\/{rel}","templated":true}]}}