{"id":9315,"date":"2024-09-06T10:02:22","date_gmt":"2024-09-06T08:02:22","guid":{"rendered":"https:\/\/serveiseducatius.xtec.cat\/selva1\/?p=9315"},"modified":"2024-09-06T10:04:48","modified_gmt":"2024-09-06T08:04:48","slug":"oferta-formativa-municipal-santa-coloma-de-farners-curs-24-25","status":"publish","type":"post","link":"https:\/\/serveiseducatius.xtec.cat\/selva1\/portada\/oferta-formativa-municipal-santa-coloma-de-farners-curs-24-25\/","title":{"rendered":"Oferta formativa municipal, Santa Coloma de Farners. Curs 24-25"},"content":{"rendered":"<p><iframe loading=\"lazy\" src=\"https:\/\/drive.google.com\/file\/d\/1dcaMxMwSLtJToETtprLt-k5PLUVwZizh\/preview\" width=\"640\" height=\"480\"><\/iframe><\/p>\n<p>&nbsp;<\/p>\n<p>Ens plau presentar-vos l\u2019oferta formativa per al curs vinent. Aquest any, estem especialment\u00a0emocionats de compartir amb vosaltres noves ofertes formatives per ampliar les oportunitats d\u2019aprenentatge i respondre a les inquietuds i els interessos dels alumnes.<\/p>\n<p>Amb l\u2019objectiu de continuar promovent una educaci\u00f3 de qualitat i adaptada a les necessitats, els equips directius dels diferents centres han preparat una \u00e0mplia varietat de cursos\u00a0que abracen diferents \u00e0mbits del coneixement i desenvolupament personal.<\/p>\n<p>Apostem per la diversitat de propostes per poder satisfer les necessitats de la ciutadania i us convidem a con\u00e8ixer detalladament les opcions disponibles.<\/p>\n<p>Estem decidits a fomentar un entorn d\u2019aprenentatge estimulant, inclusiu i enriquidor per a\u00a0tothom, des del m\u00e9s gran al m\u00e9s petit, i que promogui la cohesi\u00f3 social. Us animem a participar activament i a fer que aquest nou curs sigui ple d\u2019aprenentatges i experi\u00e8ncies positives.<\/p>\n<p>Benvinguts al curs 2024-25.<\/p>\n","protected":false},"excerpt":{"rendered":"<p>&nbsp; Ens plau presentar-vos l\u2019oferta formativa per al curs vinent. Aquest any, estem especialment\u00a0emocionats de compartir amb vosaltres noves ofertes formatives per ampliar les oportunitats d\u2019aprenentatge i respondre a les inquietuds i els interessos dels alumnes. Amb l\u2019objectiu de continuar promovent una educaci\u00f3 de qualitat i adaptada a les necessitats, els equips directius dels diferents [&hellip;]<\/p>\n","protected":false},"author":1,"featured_media":9318,"comment_status":"open","ping_status":"closed","sticky":false,"template":"","format":"standard","meta":{"_bbp_topic_count":0,"_bbp_reply_count":0,"_bbp_total_topic_count":0,"_bbp_total_reply_count":0,"_bbp_voice_count":0,"_bbp_anonymous_reply_count":0,"_bbp_topic_count_hidden":0,"_bbp_reply_count_hidden":0,"_bbp_forum_subforum_count":0,"site-sidebar-layout":"default","site-content-layout":"","ast-site-content-layout":"","site-content-style":"default","site-sidebar-style":"default","ast-global-header-display":"","ast-banner-title-visibility":"","ast-main-header-display":"","ast-hfb-above-header-display":"","ast-hfb-below-header-display":"","ast-hfb-mobile-header-display":"","site-post-title":"","ast-breadcrumbs-content":"","ast-featured-img":"","footer-sml-layout":"","theme-transparent-header-meta":"","adv-header-id-meta":"","stick-header-meta":"","header-above-stick-meta":"","header-main-stick-meta":"","header-below-stick-meta":"","astra-migrate-meta-layouts":"default","ast-page-background-enabled":"default","ast-page-background-meta":{"desktop":{"background-color":"var(--ast-global-color-4)","background-image":"","background-repeat":"repeat","background-position":"center center","background-size":"auto","background-attachment":"scroll","background-type":"","background-media":"","overlay-type":"","overlay-color":"","overlay-opacity":"","overlay-gradient":""},"tablet":{"background-color":"","background-image":"","background-repeat":"repeat","background-position":"center center","background-size":"auto","background-attachment":"scroll","background-type":"","background-media":"","overlay-type":"","overlay-color":"","overlay-opacity":"","overlay-gradient":""},"mobile":{"background-color":"","background-image":"","background-repeat":"repeat","background-position":"center center","background-size":"auto","background-attachment":"scroll","background-type":"","background-media":"","overlay-type":"","overlay-color":"","overlay-opacity":"","overlay-gradient":""}},"ast-content-background-meta":{"desktop":{"background-color":"var(--ast-global-color-5)","background-image":"","background-repeat":"repeat","background-position":"center center","background-size":"auto","background-attachment":"scroll","background-type":"","background-media":"","overlay-type":"","overlay-color":"","overlay-opacity":"","overlay-gradient":""},"tablet":{"background-color":"var(--ast-global-color-5)","background-image":"","background-repeat":"repeat","background-position":"center center","background-size":"auto","background-attachment":"scroll","background-type":"","background-media":"","overlay-type":"","overlay-color":"","overlay-opacity":"","overlay-gradient":""},"mobile":{"background-color":"var(--ast-global-color-5)","background-image":"","background-repeat":"repeat","background-position":"center center","background-size":"auto","background-attachment":"scroll","background-type":"","background-media":"","overlay-type":"","overlay-color":"","overlay-opacity":"","overlay-gradient":""}},"footnotes":""},"categories":[65,29],"tags":[],"class_list":["post-9315","post","type-post","status-publish","format-standard","has-post-thumbnail","hentry","category-crp","category-portada"],"post_mailing_queue_ids":[],"_links":{"self":[{"href":"https:\/\/serveiseducatius.xtec.cat\/selva1\/wp-json\/wp\/v2\/posts\/9315","targetHints":{"allow":["GET"]}}],"collection":[{"href":"https:\/\/serveiseducatius.xtec.cat\/selva1\/wp-json\/wp\/v2\/posts"}],"about":[{"href":"https:\/\/serveiseducatius.xtec.cat\/selva1\/wp-json\/wp\/v2\/types\/post"}],"author":[{"embeddable":true,"href":"https:\/\/serveiseducatius.xtec.cat\/selva1\/wp-json\/wp\/v2\/users\/1"}],"replies":[{"embeddable":true,"href":"https:\/\/serveiseducatius.xtec.cat\/selva1\/wp-json\/wp\/v2\/comments?post=9315"}],"version-history":[{"count":3,"href":"https:\/\/serveiseducatius.xtec.cat\/selva1\/wp-json\/wp\/v2\/posts\/9315\/revisions"}],"predecessor-version":[{"id":9320,"href":"https:\/\/serveiseducatius.xtec.cat\/selva1\/wp-json\/wp\/v2\/posts\/9315\/revisions\/9320"}],"wp:featuredmedia":[{"embeddable":true,"href":"https:\/\/serveiseducatius.xtec.cat\/selva1\/wp-json\/wp\/v2\/media\/9318"}],"wp:attachment":[{"href":"https:\/\/serveiseducatius.xtec.cat\/selva1\/wp-json\/wp\/v2\/media?parent=9315"}],"wp:term":[{"taxonomy":"category","embeddable":true,"href":"https:\/\/serveiseducatius.xtec.cat\/selva1\/wp-json\/wp\/v2\/categories?post=9315"},{"taxonomy":"post_tag","embeddable":true,"href":"https:\/\/serveiseducatius.xtec.cat\/selva1\/wp-json\/wp\/v2\/tags?post=9315"}],"curies":[{"name":"wp","href":"https:\/\/api.w.org\/{rel}","templated":true}]}}