{"id":8599,"date":"2024-03-14T10:16:02","date_gmt":"2024-03-14T09:16:02","guid":{"rendered":"https:\/\/serveiseducatius.xtec.cat\/selva1\/?p=8599"},"modified":"2024-03-14T10:16:02","modified_gmt":"2024-03-14T09:16:02","slug":"els-premis-bibliotech-criden-a-tots-els-centres-educatius-de-catalunya-a-visibilitzar-les-millors-practiques-de-les-seves-biblioteques-escolars","status":"publish","type":"post","link":"https:\/\/serveiseducatius.xtec.cat\/selva1\/portada\/els-premis-bibliotech-criden-a-tots-els-centres-educatius-de-catalunya-a-visibilitzar-les-millors-practiques-de-les-seves-biblioteques-escolars\/","title":{"rendered":"Els Premis Bibliotech criden a tots els centres educatius de Catalunya a visibilitzar les millors pr\u00e0ctiques de les seves biblioteques escolars"},"content":{"rendered":"<p><a href=\"https:\/\/serveiseducatius.xtec.cat\/selva1\/wp-content\/uploads\/usu773\/2024\/03\/bibliotech.jpg\"><img loading=\"lazy\" decoding=\"async\" class=\"alignnone wp-image-8600 size-medium\" src=\"https:\/\/serveiseducatius.xtec.cat\/selva1\/wp-content\/uploads\/usu773\/2024\/03\/bibliotech-300x171.jpg\" alt=\"\" width=\"300\" height=\"171\" srcset=\"https:\/\/serveiseducatius.xtec.cat\/selva1\/wp-content\/uploads\/usu773\/2024\/03\/bibliotech-300x171.jpg 300w, https:\/\/serveiseducatius.xtec.cat\/selva1\/wp-content\/uploads\/usu773\/2024\/03\/bibliotech.jpg 555w\" sizes=\"auto, (max-width: 300px) 100vw, 300px\" \/><\/a><\/p>\n<p>Recordes l&#8217;emoci\u00f3 d&#8217;endinsar-te en una biblioteca escolar envoltada de prestatgeries plenes d&#8217;hist\u00f2ries per descobrir? Aquest moment m\u00e0gic, on cada llibre \u00e9s un portal cap a un nou m\u00f3n, \u00e9s una experi\u00e8ncia que tot infant hauria de viure. Malauradament, a Catalunya nom\u00e9s el 58% de centres educatius compten amb una biblioteca escolar.<\/p>\n<p>I aix\u00f2 ha de canviar. No nom\u00e9s perqu\u00e8 la biblioteca escolar continua tenint un paper fonamental en el desenvolupament de l\u2019h\u00e0bit lector, per\u00f2 tamb\u00e9 perqu\u00e8 \u00e9s un espai d\u2019oportunitat per donar resposta a noves expectatives i necessitats de les comunitats educatives.<\/p>\n<p>Volem que cada centre de Catalunya tingui una biblioteca escolar vibrant i plena de vida, i sabem que tu tamb\u00e9. Participa als <a href=\"https:\/\/fbofill.us5.list-manage.com\/track\/click?u=14f7c3f27f3c09a6d7d6a7a9b&amp;id=104eef9bfb&amp;e=d98f780ba8\" target=\"_blank\" rel=\"noopener\"><strong>Premis Bibliotech<\/strong><\/a>!<\/p>\n<p>Per aix\u00f2, <a href=\"https:\/\/fbofill.us5.list-manage.com\/track\/click?u=14f7c3f27f3c09a6d7d6a7a9b&amp;id=42cb4aa4ce&amp;e=d98f780ba8\" target=\"_blank\" rel=\"noopener\">estem impulsant un projecte de transformaci\u00f3 de les biblioteques escolars de la m\u00e0 de 15 escoles pioneres<\/a> que s&#8217;han comprom\u00e8s a explorar els l\u00edmits de les seves biblioteques, per fer que la lectura i les tecnologies es fusionin per oferir noves oportunitats educatives en clau d\u2019equitat.<\/p>\n<p>Amb elles, aprenem i dissenyem el futur de les biblioteques escolars del nostre pa\u00eds. I tu tamb\u00e9 pots fer-ne part! Coneixes un projecte inspirador de biblioteca? El teu centre t\u00e9 una biblioteca escolar \u00fanica i vols que el m\u00f3n la vegi? Vols aprendre i descobrir com millorar la teva biblioteca escolar?<\/p>\n<p>Presenta\u2019t als premis Bibliotech i fes visible la teva biblioteca! Hi ha diferents categories, 5 guanyadores, i un premi \u00fanic: una estada formativa a Gal\u00edcia per a 2 persones de cada centre guanyador amb visites a centres referents i formaci\u00f3 dinamitzada per persones expertes en biblioteques escolars. No t\u2019ho perdis!<\/p>\n<p>M\u00e9s informaci\u00f3, a la Fundaci\u00f3 Bofill, clicant al seg\u00fcent<a href=\"https:\/\/fbofill.us5.list-manage.com\/track\/click?u=14f7c3f27f3c09a6d7d6a7a9b&amp;id=104eef9bfb&amp;e=d98f780ba8\" target=\"_blank\" rel=\"noopener\"><strong> enlla\u00e7<\/strong><\/a>.<\/p>\n","protected":false},"excerpt":{"rendered":"<p>Recordes l&#8217;emoci\u00f3 d&#8217;endinsar-te en una biblioteca escolar envoltada de prestatgeries plenes d&#8217;hist\u00f2ries per descobrir? Aquest moment m\u00e0gic, on cada llibre \u00e9s un portal cap a un nou m\u00f3n, \u00e9s una experi\u00e8ncia que tot infant hauria de viure. Malauradament, a Catalunya nom\u00e9s el 58% de centres educatius compten amb una biblioteca escolar. I aix\u00f2 ha de [&hellip;]<\/p>\n","protected":false},"author":1,"featured_media":8600,"comment_status":"open","ping_status":"closed","sticky":false,"template":"","format":"standard","meta":{"_bbp_topic_count":0,"_bbp_reply_count":0,"_bbp_total_topic_count":0,"_bbp_total_reply_count":0,"_bbp_voice_count":0,"_bbp_anonymous_reply_count":0,"_bbp_topic_count_hidden":0,"_bbp_reply_count_hidden":0,"_bbp_forum_subforum_count":0,"site-sidebar-layout":"default","site-content-layout":"","ast-site-content-layout":"","site-content-style":"default","site-sidebar-style":"default","ast-global-header-display":"","ast-banner-title-visibility":"","ast-main-header-display":"","ast-hfb-above-header-display":"","ast-hfb-below-header-display":"","ast-hfb-mobile-header-display":"","site-post-title":"","ast-breadcrumbs-content":"","ast-featured-img":"","footer-sml-layout":"","theme-transparent-header-meta":"","adv-header-id-meta":"","stick-header-meta":"","header-above-stick-meta":"","header-main-stick-meta":"","header-below-stick-meta":"","astra-migrate-meta-layouts":"default","ast-page-background-enabled":"default","ast-page-background-meta":{"desktop":{"background-color":"var(--ast-global-color-4)","background-image":"","background-repeat":"repeat","background-position":"center center","background-size":"auto","background-attachment":"scroll","background-type":"","background-media":"","overlay-type":"","overlay-color":"","overlay-opacity":"","overlay-gradient":""},"tablet":{"background-color":"","background-image":"","background-repeat":"repeat","background-position":"center center","background-size":"auto","background-attachment":"scroll","background-type":"","background-media":"","overlay-type":"","overlay-color":"","overlay-opacity":"","overlay-gradient":""},"mobile":{"background-color":"","background-image":"","background-repeat":"repeat","background-position":"center center","background-size":"auto","background-attachment":"scroll","background-type":"","background-media":"","overlay-type":"","overlay-color":"","overlay-opacity":"","overlay-gradient":""}},"ast-content-background-meta":{"desktop":{"background-color":"var(--ast-global-color-5)","background-image":"","background-repeat":"repeat","background-position":"center center","background-size":"auto","background-attachment":"scroll","background-type":"","background-media":"","overlay-type":"","overlay-color":"","overlay-opacity":"","overlay-gradient":""},"tablet":{"background-color":"var(--ast-global-color-5)","background-image":"","background-repeat":"repeat","background-position":"center center","background-size":"auto","background-attachment":"scroll","background-type":"","background-media":"","overlay-type":"","overlay-color":"","overlay-opacity":"","overlay-gradient":""},"mobile":{"background-color":"var(--ast-global-color-5)","background-image":"","background-repeat":"repeat","background-position":"center center","background-size":"auto","background-attachment":"scroll","background-type":"","background-media":"","overlay-type":"","overlay-color":"","overlay-opacity":"","overlay-gradient":""}},"footnotes":""},"categories":[76,65,68,29],"tags":[],"class_list":["post-8599","post","type-post","status-publish","format-standard","has-post-thumbnail","hentry","category-biblionoticies","category-crp","category-elic","category-portada"],"post_mailing_queue_ids":[],"_links":{"self":[{"href":"https:\/\/serveiseducatius.xtec.cat\/selva1\/wp-json\/wp\/v2\/posts\/8599","targetHints":{"allow":["GET"]}}],"collection":[{"href":"https:\/\/serveiseducatius.xtec.cat\/selva1\/wp-json\/wp\/v2\/posts"}],"about":[{"href":"https:\/\/serveiseducatius.xtec.cat\/selva1\/wp-json\/wp\/v2\/types\/post"}],"author":[{"embeddable":true,"href":"https:\/\/serveiseducatius.xtec.cat\/selva1\/wp-json\/wp\/v2\/users\/1"}],"replies":[{"embeddable":true,"href":"https:\/\/serveiseducatius.xtec.cat\/selva1\/wp-json\/wp\/v2\/comments?post=8599"}],"version-history":[{"count":1,"href":"https:\/\/serveiseducatius.xtec.cat\/selva1\/wp-json\/wp\/v2\/posts\/8599\/revisions"}],"predecessor-version":[{"id":8601,"href":"https:\/\/serveiseducatius.xtec.cat\/selva1\/wp-json\/wp\/v2\/posts\/8599\/revisions\/8601"}],"wp:featuredmedia":[{"embeddable":true,"href":"https:\/\/serveiseducatius.xtec.cat\/selva1\/wp-json\/wp\/v2\/media\/8600"}],"wp:attachment":[{"href":"https:\/\/serveiseducatius.xtec.cat\/selva1\/wp-json\/wp\/v2\/media?parent=8599"}],"wp:term":[{"taxonomy":"category","embeddable":true,"href":"https:\/\/serveiseducatius.xtec.cat\/selva1\/wp-json\/wp\/v2\/categories?post=8599"},{"taxonomy":"post_tag","embeddable":true,"href":"https:\/\/serveiseducatius.xtec.cat\/selva1\/wp-json\/wp\/v2\/tags?post=8599"}],"curies":[{"name":"wp","href":"https:\/\/api.w.org\/{rel}","templated":true}]}}