{"id":8568,"date":"2024-03-09T21:58:34","date_gmt":"2024-03-09T20:58:34","guid":{"rendered":"https:\/\/serveiseducatius.xtec.cat\/selva1\/?p=8568"},"modified":"2024-03-09T22:00:12","modified_gmt":"2024-03-09T21:00:12","slug":"dossier-didactic-sobre-vicent-andres-estelles-per-celebrar-el-dia-mundial-de-la-poesia-2024","status":"publish","type":"post","link":"https:\/\/serveiseducatius.xtec.cat\/selva1\/elic\/dossier-didactic-sobre-vicent-andres-estelles-per-celebrar-el-dia-mundial-de-la-poesia-2024\/","title":{"rendered":"Dossier did\u00e0ctic sobre Vicent Andr\u00e9s Estell\u00e9s per celebrar el Dia Mundial de la Poesia 2024"},"content":{"rendered":"<p>&nbsp;<\/p>\n<p style=\"text-align: justify;\">L\u2019any 1999 la Confer\u00e8ncia General de la UNESCO va proclamar el\u00a0<strong>21 de mar\u00e7<\/strong>\u00a0<strong>Dia Mundial de la Poesia<\/strong>. Per celebrar ho, des de l\u2019any 2008 la\u00a0<strong>Instituci\u00f3 de les Lletres Catalanes<\/strong>\u00a0i la\u00a0<strong>Federaci\u00f3 Catalana d\u2019Associacions i Clubs Unesco<\/strong>\u00a0promocionen aquesta celebraci\u00f3 tant en el nostre domini ling\u00fc\u00edstic com a la resta d\u2019Europa i del m\u00f3n amb l\u2019<strong>elecci\u00f3 d\u2019un poeta<\/strong>\u00a0i un\u00a0<strong>poema<\/strong>\u00a0seu per a l\u2019ocasi\u00f3.<\/p>\n<p style=\"text-align: justify;\">Partint d\u2019aquesta idea, la ILC elabora un fullet amb l\u2019original en catal\u00e0 i la seva traducci\u00f3 a vint-i-dues lleng\u00fces, que difon \u00e0mpliament, promou l\u2019organitzaci\u00f3 d\u2019accions po\u00e8tiques, presencials i a trav\u00e9s de les xarxes, i organitza un acte central el mateix dia 21. En la\u00a0<strong>17a edici\u00f3<\/strong>\u00a0del\u00a0<strong>Dia Mundial de la Poesia<\/strong>, la ILC ha escollit el poema\u00a0<strong>\u201cm\u2019he estimat molt la vida\u201d<\/strong>\u00a0de\u00a0<strong>Vicent Andr\u00e9s Estell\u00e9s<\/strong>, de qui enguany commemorem el\u00a0<strong>centenari del naixement<\/strong>.<\/p>\n<p style=\"text-align: justify;\">Per anar fent boca, la ILC ha elaborat un <strong>dossier did\u00e0ctic<\/strong>\u00a0per poder treballar l\u2019autor i el poeta triat per a aquesta edici\u00f3 a\u00a0<strong>tots els nivells<\/strong>\u00a0<strong>educatius<\/strong>, elaborat per Andreu Galan Mart\u00ed i Vicent Sanz Arnau:\u00a0<a href=\"https:\/\/www.ibbycat.cat\/wp-content\/uploads\/Dossier-didactic-Estelles.pdf\" target=\"_blank\" rel=\"noopener\">\u201cM\u2019he estimat molt la vida\u201d: la poesia de Vicent Andr\u00e9s Estell\u00e9s: orientacions did\u00e0ctiques per a prim\u00e0ria, ESO i batxillerat<\/a>.<\/p>\n<p style=\"text-align: justify;\"><strong>Visca la poesia!<\/strong><\/p>\n<p><iframe loading=\"lazy\" src=\"https:\/\/drive.google.com\/file\/d\/1F61yY-wrQH5PaUY7dF4BKX21g-s4UDd_\/preview\" width=\"640\" height=\"480\"><\/iframe><\/p>\n","protected":false},"excerpt":{"rendered":"<p>&nbsp; L\u2019any 1999 la Confer\u00e8ncia General de la UNESCO va proclamar el\u00a021 de mar\u00e7\u00a0Dia Mundial de la Poesia. Per celebrar ho, des de l\u2019any 2008 la\u00a0Instituci\u00f3 de les Lletres Catalanes\u00a0i la\u00a0Federaci\u00f3 Catalana d\u2019Associacions i Clubs Unesco\u00a0promocionen aquesta celebraci\u00f3 tant en el nostre domini ling\u00fc\u00edstic com a la resta d\u2019Europa i del m\u00f3n amb l\u2019elecci\u00f3 d\u2019un [&hellip;]<\/p>\n","protected":false},"author":1,"featured_media":8570,"comment_status":"closed","ping_status":"closed","sticky":false,"template":"","format":"standard","meta":{"_bbp_topic_count":0,"_bbp_reply_count":0,"_bbp_total_topic_count":0,"_bbp_total_reply_count":0,"_bbp_voice_count":0,"_bbp_anonymous_reply_count":0,"_bbp_topic_count_hidden":0,"_bbp_reply_count_hidden":0,"_bbp_forum_subforum_count":0,"site-sidebar-layout":"default","site-content-layout":"","ast-site-content-layout":"","site-content-style":"default","site-sidebar-style":"default","ast-global-header-display":"","ast-banner-title-visibility":"","ast-main-header-display":"","ast-hfb-above-header-display":"","ast-hfb-below-header-display":"","ast-hfb-mobile-header-display":"","site-post-title":"","ast-breadcrumbs-content":"","ast-featured-img":"","footer-sml-layout":"","theme-transparent-header-meta":"","adv-header-id-meta":"","stick-header-meta":"","header-above-stick-meta":"","header-main-stick-meta":"","header-below-stick-meta":"","astra-migrate-meta-layouts":"default","ast-page-background-enabled":"default","ast-page-background-meta":{"desktop":{"background-color":"var(--ast-global-color-4)","background-image":"","background-repeat":"repeat","background-position":"center center","background-size":"auto","background-attachment":"scroll","background-type":"","background-media":"","overlay-type":"","overlay-color":"","overlay-opacity":"","overlay-gradient":""},"tablet":{"background-color":"","background-image":"","background-repeat":"repeat","background-position":"center center","background-size":"auto","background-attachment":"scroll","background-type":"","background-media":"","overlay-type":"","overlay-color":"","overlay-opacity":"","overlay-gradient":""},"mobile":{"background-color":"","background-image":"","background-repeat":"repeat","background-position":"center center","background-size":"auto","background-attachment":"scroll","background-type":"","background-media":"","overlay-type":"","overlay-color":"","overlay-opacity":"","overlay-gradient":""}},"ast-content-background-meta":{"desktop":{"background-color":"var(--ast-global-color-5)","background-image":"","background-repeat":"repeat","background-position":"center center","background-size":"auto","background-attachment":"scroll","background-type":"","background-media":"","overlay-type":"","overlay-color":"","overlay-opacity":"","overlay-gradient":""},"tablet":{"background-color":"var(--ast-global-color-5)","background-image":"","background-repeat":"repeat","background-position":"center center","background-size":"auto","background-attachment":"scroll","background-type":"","background-media":"","overlay-type":"","overlay-color":"","overlay-opacity":"","overlay-gradient":""},"mobile":{"background-color":"var(--ast-global-color-5)","background-image":"","background-repeat":"repeat","background-position":"center center","background-size":"auto","background-attachment":"scroll","background-type":"","background-media":"","overlay-type":"","overlay-color":"","overlay-opacity":"","overlay-gradient":""}},"footnotes":""},"categories":[76,68],"tags":[],"class_list":["post-8568","post","type-post","status-publish","format-standard","has-post-thumbnail","hentry","category-biblionoticies","category-elic"],"post_mailing_queue_ids":[],"_links":{"self":[{"href":"https:\/\/serveiseducatius.xtec.cat\/selva1\/wp-json\/wp\/v2\/posts\/8568","targetHints":{"allow":["GET"]}}],"collection":[{"href":"https:\/\/serveiseducatius.xtec.cat\/selva1\/wp-json\/wp\/v2\/posts"}],"about":[{"href":"https:\/\/serveiseducatius.xtec.cat\/selva1\/wp-json\/wp\/v2\/types\/post"}],"author":[{"embeddable":true,"href":"https:\/\/serveiseducatius.xtec.cat\/selva1\/wp-json\/wp\/v2\/users\/1"}],"replies":[{"embeddable":true,"href":"https:\/\/serveiseducatius.xtec.cat\/selva1\/wp-json\/wp\/v2\/comments?post=8568"}],"version-history":[{"count":2,"href":"https:\/\/serveiseducatius.xtec.cat\/selva1\/wp-json\/wp\/v2\/posts\/8568\/revisions"}],"predecessor-version":[{"id":8571,"href":"https:\/\/serveiseducatius.xtec.cat\/selva1\/wp-json\/wp\/v2\/posts\/8568\/revisions\/8571"}],"wp:featuredmedia":[{"embeddable":true,"href":"https:\/\/serveiseducatius.xtec.cat\/selva1\/wp-json\/wp\/v2\/media\/8570"}],"wp:attachment":[{"href":"https:\/\/serveiseducatius.xtec.cat\/selva1\/wp-json\/wp\/v2\/media?parent=8568"}],"wp:term":[{"taxonomy":"category","embeddable":true,"href":"https:\/\/serveiseducatius.xtec.cat\/selva1\/wp-json\/wp\/v2\/categories?post=8568"},{"taxonomy":"post_tag","embeddable":true,"href":"https:\/\/serveiseducatius.xtec.cat\/selva1\/wp-json\/wp\/v2\/tags?post=8568"}],"curies":[{"name":"wp","href":"https:\/\/api.w.org\/{rel}","templated":true}]}}