{"id":8406,"date":"2024-02-16T19:02:02","date_gmt":"2024-02-16T18:02:02","guid":{"rendered":"https:\/\/serveiseducatius.xtec.cat\/selva1\/?p=8406"},"modified":"2024-02-16T19:02:02","modified_gmt":"2024-02-16T18:02:02","slug":"als-adolescents-cal-parlar-los-amb-titulars-sense-rotllos-i-breu","status":"publish","type":"post","link":"https:\/\/serveiseducatius.xtec.cat\/selva1\/eap\/als-adolescents-cal-parlar-los-amb-titulars-sense-rotllos-i-breu\/","title":{"rendered":"Als adolescents cal parlar-los amb titulars, sense rotllos i breu"},"content":{"rendered":"<p><a href=\"https:\/\/serveiseducatius.xtec.cat\/selva1\/wp-content\/uploads\/usu773\/2024\/02\/eap.jpg\"><img loading=\"lazy\" decoding=\"async\" class=\"alignnone  wp-image-8407\" src=\"https:\/\/serveiseducatius.xtec.cat\/selva1\/wp-content\/uploads\/usu773\/2024\/02\/eap-1024x559.jpg\" alt=\"\" width=\"348\" height=\"190\" srcset=\"https:\/\/serveiseducatius.xtec.cat\/selva1\/wp-content\/uploads\/usu773\/2024\/02\/eap-1024x559.jpg 1024w, https:\/\/serveiseducatius.xtec.cat\/selva1\/wp-content\/uploads\/usu773\/2024\/02\/eap-300x164.jpg 300w, https:\/\/serveiseducatius.xtec.cat\/selva1\/wp-content\/uploads\/usu773\/2024\/02\/eap-768x419.jpg 768w, https:\/\/serveiseducatius.xtec.cat\/selva1\/wp-content\/uploads\/usu773\/2024\/02\/eap.jpg 1082w\" sizes=\"auto, (max-width: 348px) 100vw, 348px\" \/><\/a><\/p>\n<h6 class=\"epigraph\">Al seu nou manual &#8216;Como hablar con un adolescente y que te escuche&#8217;, el docent i fil\u00f2sof Jordi Nomen desmunta grans mites d&#8217;aquesta etapa vital i explica com es pot canviar de perspectiva per comunicar-s&#8217;hi<\/h6>\n<h6 class=\"epigraph\">Despr\u00e9s de m\u00e9s de 30 anys fent classes a adolescents, assegura que \u00e9s un fals mite que els joves no vulguin parlar amb els seus pares: \u201cVolen parlar del que senten, per\u00f2 no ho saben gestionar, especialment els nois\u201d<\/h6>\n<p class=\"paragraph\" data-gtm-element-container=\"modulo-texto-link\">El xivarri irromp als passadissos i de sobte comencen a apar\u00e8ixer desenes de nois i noies. \u00c9s l&#8217;hora del pati a l&#8217;escola Sadako de Barcelona, on\u00a0<strong>Jordi Nomen<\/strong>, professor de filosofia i autor del llibre\u00a0<i><a href=\"https:\/\/arpaeditores.com\/products\/como-hablar-con-un-adolescente-y-que-te-escuche\" target=\"_blank\" rel=\"noopener\" data-gtm-element=\"container-child-link\">Como hablar con un adolescente y que te escuche<\/a>\u00a0<\/i>(Arpa) ens dedica uns minuts. Nomen fa m\u00e9s de trenta anys que imparteix classes i ensenya a filosofar els alumnes. Tamb\u00e9 aprenent del m\u00f3n que envolta l&#8217;estigmatitzada\u00a0<strong>adolesc\u00e8ncia<\/strong>, una etapa vital que, malgrat la seva mala fama, descriu com a meravellosa i transformadora mentre se li dibuixa un gran somriure.<\/p>\n<p class=\"paragraph\" data-gtm-element-container=\"modulo-texto-link\">Conviure milers d&#8217;hores amb el m\u00f3n\u00a0<strong>adolescent<\/strong>\u00a0ha servit a Nomen per con\u00e8ixer a fons les persones m\u00e9s introvertides del planeta. Ara explica als adults d&#8217;una manera senzilla i pr\u00e0ctica com submergir-se en els seus h\u00e0bits, temors, fortaleses\u2026 I tamb\u00e9 parla sobre les emocions dels adolescents, del paper que tenen la\u00a0<strong>fam\u00edlia\u00a0<\/strong>i els\u00a0<strong>amics\u00a0<\/strong>a les seves vides, i de com se&#8217;ls pot ajudar, \u201cencara que cada cam\u00ed \u00e9s diferent, perqu\u00e8 encara que tinguin perfils comuns, cada adolescent \u00e9s diferent\u201d, avisa.<\/p>\n<h4 class=\"module-title\">&#8220;El pitjor que pots fer quan xerres amb un adolescent \u00e9s tallar-lo quan parla o dir-li: \u201cNo, aix\u00f2 no\u201d&#8230; Aqu\u00ed es trenca el canal de comunicaci\u00f3&#8221;<\/h4>\n<p>Per continuar llegint, clica <a href=\"https:\/\/www.rac1.cat\/societat\/20240215\/118802\/jordi-nomen-professor-adolescents-parlar-titulars-sense-rotllos-breu.html\" target=\"_blank\" rel=\"noopener\"><strong>el seg\u00fcent enlla\u00e7<\/strong><\/a><\/p>\n","protected":false},"excerpt":{"rendered":"<p>Al seu nou manual &#8216;Como hablar con un adolescente y que te escuche&#8217;, el docent i fil\u00f2sof Jordi Nomen desmunta grans mites d&#8217;aquesta etapa vital i explica com es pot canviar de perspectiva per comunicar-s&#8217;hi Despr\u00e9s de m\u00e9s de 30 anys fent classes a adolescents, assegura que \u00e9s un fals mite que els joves no [&hellip;]<\/p>\n","protected":false},"author":1,"featured_media":8407,"comment_status":"open","ping_status":"closed","sticky":false,"template":"","format":"standard","meta":{"_bbp_topic_count":0,"_bbp_reply_count":0,"_bbp_total_topic_count":0,"_bbp_total_reply_count":0,"_bbp_voice_count":0,"_bbp_anonymous_reply_count":0,"_bbp_topic_count_hidden":0,"_bbp_reply_count_hidden":0,"_bbp_forum_subforum_count":0,"site-sidebar-layout":"default","site-content-layout":"","ast-site-content-layout":"","site-content-style":"default","site-sidebar-style":"default","ast-global-header-display":"","ast-banner-title-visibility":"","ast-main-header-display":"","ast-hfb-above-header-display":"","ast-hfb-below-header-display":"","ast-hfb-mobile-header-display":"","site-post-title":"","ast-breadcrumbs-content":"","ast-featured-img":"","footer-sml-layout":"","theme-transparent-header-meta":"","adv-header-id-meta":"","stick-header-meta":"","header-above-stick-meta":"","header-main-stick-meta":"","header-below-stick-meta":"","astra-migrate-meta-layouts":"default","ast-page-background-enabled":"default","ast-page-background-meta":{"desktop":{"background-color":"var(--ast-global-color-4)","background-image":"","background-repeat":"repeat","background-position":"center center","background-size":"auto","background-attachment":"scroll","background-type":"","background-media":"","overlay-type":"","overlay-color":"","overlay-opacity":"","overlay-gradient":""},"tablet":{"background-color":"","background-image":"","background-repeat":"repeat","background-position":"center center","background-size":"auto","background-attachment":"scroll","background-type":"","background-media":"","overlay-type":"","overlay-color":"","overlay-opacity":"","overlay-gradient":""},"mobile":{"background-color":"","background-image":"","background-repeat":"repeat","background-position":"center center","background-size":"auto","background-attachment":"scroll","background-type":"","background-media":"","overlay-type":"","overlay-color":"","overlay-opacity":"","overlay-gradient":""}},"ast-content-background-meta":{"desktop":{"background-color":"var(--ast-global-color-5)","background-image":"","background-repeat":"repeat","background-position":"center center","background-size":"auto","background-attachment":"scroll","background-type":"","background-media":"","overlay-type":"","overlay-color":"","overlay-opacity":"","overlay-gradient":""},"tablet":{"background-color":"var(--ast-global-color-5)","background-image":"","background-repeat":"repeat","background-position":"center center","background-size":"auto","background-attachment":"scroll","background-type":"","background-media":"","overlay-type":"","overlay-color":"","overlay-opacity":"","overlay-gradient":""},"mobile":{"background-color":"var(--ast-global-color-5)","background-image":"","background-repeat":"repeat","background-position":"center center","background-size":"auto","background-attachment":"scroll","background-type":"","background-media":"","overlay-type":"","overlay-color":"","overlay-opacity":"","overlay-gradient":""}},"footnotes":""},"categories":[67],"tags":[],"class_list":["post-8406","post","type-post","status-publish","format-standard","has-post-thumbnail","hentry","category-eap"],"post_mailing_queue_ids":[],"_links":{"self":[{"href":"https:\/\/serveiseducatius.xtec.cat\/selva1\/wp-json\/wp\/v2\/posts\/8406","targetHints":{"allow":["GET"]}}],"collection":[{"href":"https:\/\/serveiseducatius.xtec.cat\/selva1\/wp-json\/wp\/v2\/posts"}],"about":[{"href":"https:\/\/serveiseducatius.xtec.cat\/selva1\/wp-json\/wp\/v2\/types\/post"}],"author":[{"embeddable":true,"href":"https:\/\/serveiseducatius.xtec.cat\/selva1\/wp-json\/wp\/v2\/users\/1"}],"replies":[{"embeddable":true,"href":"https:\/\/serveiseducatius.xtec.cat\/selva1\/wp-json\/wp\/v2\/comments?post=8406"}],"version-history":[{"count":1,"href":"https:\/\/serveiseducatius.xtec.cat\/selva1\/wp-json\/wp\/v2\/posts\/8406\/revisions"}],"predecessor-version":[{"id":8408,"href":"https:\/\/serveiseducatius.xtec.cat\/selva1\/wp-json\/wp\/v2\/posts\/8406\/revisions\/8408"}],"wp:featuredmedia":[{"embeddable":true,"href":"https:\/\/serveiseducatius.xtec.cat\/selva1\/wp-json\/wp\/v2\/media\/8407"}],"wp:attachment":[{"href":"https:\/\/serveiseducatius.xtec.cat\/selva1\/wp-json\/wp\/v2\/media?parent=8406"}],"wp:term":[{"taxonomy":"category","embeddable":true,"href":"https:\/\/serveiseducatius.xtec.cat\/selva1\/wp-json\/wp\/v2\/categories?post=8406"},{"taxonomy":"post_tag","embeddable":true,"href":"https:\/\/serveiseducatius.xtec.cat\/selva1\/wp-json\/wp\/v2\/tags?post=8406"}],"curies":[{"name":"wp","href":"https:\/\/api.w.org\/{rel}","templated":true}]}}