{"id":8347,"date":"2024-02-06T18:13:49","date_gmt":"2024-02-06T17:13:49","guid":{"rendered":"https:\/\/serveiseducatius.xtec.cat\/selva1\/?p=8347"},"modified":"2024-02-06T18:15:14","modified_gmt":"2024-02-06T17:15:14","slug":"55-recursos-per-treballar-la-sequera-i-lescassetat-daigua-amb-lalumnat","status":"publish","type":"post","link":"https:\/\/serveiseducatius.xtec.cat\/selva1\/portada\/55-recursos-per-treballar-la-sequera-i-lescassetat-daigua-amb-lalumnat\/","title":{"rendered":"55 Recursos per treballar la sequera i l\u2019escassetat d\u2019aigua amb l\u2019alumnat"},"content":{"rendered":"<p><a href=\"https:\/\/serveiseducatius.xtec.cat\/selva1\/wp-content\/uploads\/usu773\/2024\/02\/sec.png\"><img loading=\"lazy\" decoding=\"async\" class=\"alignnone wp-image-8348\" src=\"https:\/\/serveiseducatius.xtec.cat\/selva1\/wp-content\/uploads\/usu773\/2024\/02\/sec.png\" alt=\"\" width=\"335\" height=\"235\" srcset=\"https:\/\/serveiseducatius.xtec.cat\/selva1\/wp-content\/uploads\/usu773\/2024\/02\/sec.png 738w, https:\/\/serveiseducatius.xtec.cat\/selva1\/wp-content\/uploads\/usu773\/2024\/02\/sec-300x210.png 300w\" sizes=\"auto, (max-width: 335px) 100vw, 335px\" \/><\/a><\/p>\n<p>En els darrers anys, hem estat testimonis de l&#8217;increment de la freq\u00fc\u00e8ncia i la intensitat dels fen\u00f2mens de\u00a0<strong>sequera<\/strong>\u00a0en moltes regions del m\u00f3n, inclosa la nostra.<\/p>\n<p>Aquesta preocupant realitat ens recorda la import\u00e0ncia crucial de gestionar de manera eficient els\u00a0<strong>recursos h\u00eddrics<\/strong>\u00a0i de fomentar la\u00a0<strong>consci\u00e8ncia ambiental<\/strong>\u00a0des de les primeres etapes de la vida.<\/p>\n<p>Amb el\u00a0<strong>canvi clim\u00e0tic\u00a0<\/strong>intensificant els impactes de la sequera, \u00e9s essencial que\u00a0<a href=\"https:\/\/natibergada.acblnk.com\/url\/ver\/545251075\/2521868\/3f39ba1b58b8ca70a117b8d4d27b4f95\" target=\"_blank\" rel=\"noopener\" data-saferedirecturl=\"https:\/\/www.google.com\/url?q=https:\/\/natibergada.acblnk.com\/url\/ver\/545251075\/2521868\/3f39ba1b58b8ca70a117b8d4d27b4f95&amp;source=gmail&amp;ust=1707325696873000&amp;usg=AOvVaw26yORFpxGOkXTf8ufgbv6C\"><strong>eduquem i involucrem\u00a0<\/strong><\/a>el nostre alumnat en la comprensi\u00f3 d&#8217;aquesta problem\u00e0tica i en la recerca de\u00a0<strong>solucions sostenibles<\/strong>.<\/p>\n<p>\u00c9s crucial promoure una cultura de preservaci\u00f3 dels\u00a0<strong>recursos h\u00eddrics<\/strong>\u00a0i despertar una\u00a0<strong>responsabilitat compartida<\/strong>\u00a0enfront d&#8217;aquest desafiament mediambiental.\u00a0<strong>Educar i conscienciar<\/strong>\u00a0l&#8217;alumnat sobre la gesti\u00f3 sostenible de l&#8217;aigua no nom\u00e9s \u00e9s essencial per al seu futur, sin\u00f3 tamb\u00e9 per al benestar del nostre planeta.<\/p>\n<p>En l&#8217;article trobar\u00e0s\u00a0<strong>recursos variats<\/strong>: webs, jocs web, aplicacions, not\u00edcies, articles, v\u00eddeos curts, v\u00eddeos llargs, infografies, cartells, situacions d&#8217;aprenentatge, pel\u00b7l\u00edcules i documents\u00a0Pdf.<\/p>\n<p><strong><a href=\"https:\/\/natibergada.acblnk.com\/url\/ver\/545251075\/2521868\/3f39ba1b58b8ca70a117b8d4d27b4f95\" target=\"_blank\" rel=\"noopener\" data-saferedirecturl=\"https:\/\/www.google.com\/url?q=https:\/\/natibergada.acblnk.com\/url\/ver\/545251075\/2521868\/3f39ba1b58b8ca70a117b8d4d27b4f95&amp;source=gmail&amp;ust=1707325696873000&amp;usg=AOvVaw26yORFpxGOkXTf8ufgbv6C\">55 Recursos per treballar la sequera i l\u2019escassetat d\u2019aigua amb l\u2019alumnat<\/a><\/strong><\/p>\n<p>Gr\u00e0cies Nati per compartir tots aquests recursos. Esperem que us siguin d&#8217;utilitat!<\/p>\n","protected":false},"excerpt":{"rendered":"<p>En els darrers anys, hem estat testimonis de l&#8217;increment de la freq\u00fc\u00e8ncia i la intensitat dels fen\u00f2mens de\u00a0sequera\u00a0en moltes regions del m\u00f3n, inclosa la nostra. Aquesta preocupant realitat ens recorda la import\u00e0ncia crucial de gestionar de manera eficient els\u00a0recursos h\u00eddrics\u00a0i de fomentar la\u00a0consci\u00e8ncia ambiental\u00a0des de les primeres etapes de la vida. Amb el\u00a0canvi clim\u00e0tic\u00a0intensificant els [&hellip;]<\/p>\n","protected":false},"author":1,"featured_media":8348,"comment_status":"open","ping_status":"closed","sticky":false,"template":"","format":"standard","meta":{"_bbp_topic_count":0,"_bbp_reply_count":0,"_bbp_total_topic_count":0,"_bbp_total_reply_count":0,"_bbp_voice_count":0,"_bbp_anonymous_reply_count":0,"_bbp_topic_count_hidden":0,"_bbp_reply_count_hidden":0,"_bbp_forum_subforum_count":0,"site-sidebar-layout":"default","site-content-layout":"","ast-site-content-layout":"","site-content-style":"default","site-sidebar-style":"default","ast-global-header-display":"","ast-banner-title-visibility":"","ast-main-header-display":"","ast-hfb-above-header-display":"","ast-hfb-below-header-display":"","ast-hfb-mobile-header-display":"","site-post-title":"","ast-breadcrumbs-content":"","ast-featured-img":"","footer-sml-layout":"","theme-transparent-header-meta":"","adv-header-id-meta":"","stick-header-meta":"","header-above-stick-meta":"","header-main-stick-meta":"","header-below-stick-meta":"","astra-migrate-meta-layouts":"default","ast-page-background-enabled":"default","ast-page-background-meta":{"desktop":{"background-color":"var(--ast-global-color-4)","background-image":"","background-repeat":"repeat","background-position":"center center","background-size":"auto","background-attachment":"scroll","background-type":"","background-media":"","overlay-type":"","overlay-color":"","overlay-opacity":"","overlay-gradient":""},"tablet":{"background-color":"","background-image":"","background-repeat":"repeat","background-position":"center center","background-size":"auto","background-attachment":"scroll","background-type":"","background-media":"","overlay-type":"","overlay-color":"","overlay-opacity":"","overlay-gradient":""},"mobile":{"background-color":"","background-image":"","background-repeat":"repeat","background-position":"center center","background-size":"auto","background-attachment":"scroll","background-type":"","background-media":"","overlay-type":"","overlay-color":"","overlay-opacity":"","overlay-gradient":""}},"ast-content-background-meta":{"desktop":{"background-color":"var(--ast-global-color-5)","background-image":"","background-repeat":"repeat","background-position":"center center","background-size":"auto","background-attachment":"scroll","background-type":"","background-media":"","overlay-type":"","overlay-color":"","overlay-opacity":"","overlay-gradient":""},"tablet":{"background-color":"var(--ast-global-color-5)","background-image":"","background-repeat":"repeat","background-position":"center center","background-size":"auto","background-attachment":"scroll","background-type":"","background-media":"","overlay-type":"","overlay-color":"","overlay-opacity":"","overlay-gradient":""},"mobile":{"background-color":"var(--ast-global-color-5)","background-image":"","background-repeat":"repeat","background-position":"center center","background-size":"auto","background-attachment":"scroll","background-type":"","background-media":"","overlay-type":"","overlay-color":"","overlay-opacity":"","overlay-gradient":""}},"footnotes":""},"categories":[65,29],"tags":[],"class_list":["post-8347","post","type-post","status-publish","format-standard","has-post-thumbnail","hentry","category-crp","category-portada"],"post_mailing_queue_ids":[],"_links":{"self":[{"href":"https:\/\/serveiseducatius.xtec.cat\/selva1\/wp-json\/wp\/v2\/posts\/8347","targetHints":{"allow":["GET"]}}],"collection":[{"href":"https:\/\/serveiseducatius.xtec.cat\/selva1\/wp-json\/wp\/v2\/posts"}],"about":[{"href":"https:\/\/serveiseducatius.xtec.cat\/selva1\/wp-json\/wp\/v2\/types\/post"}],"author":[{"embeddable":true,"href":"https:\/\/serveiseducatius.xtec.cat\/selva1\/wp-json\/wp\/v2\/users\/1"}],"replies":[{"embeddable":true,"href":"https:\/\/serveiseducatius.xtec.cat\/selva1\/wp-json\/wp\/v2\/comments?post=8347"}],"version-history":[{"count":2,"href":"https:\/\/serveiseducatius.xtec.cat\/selva1\/wp-json\/wp\/v2\/posts\/8347\/revisions"}],"predecessor-version":[{"id":8350,"href":"https:\/\/serveiseducatius.xtec.cat\/selva1\/wp-json\/wp\/v2\/posts\/8347\/revisions\/8350"}],"wp:featuredmedia":[{"embeddable":true,"href":"https:\/\/serveiseducatius.xtec.cat\/selva1\/wp-json\/wp\/v2\/media\/8348"}],"wp:attachment":[{"href":"https:\/\/serveiseducatius.xtec.cat\/selva1\/wp-json\/wp\/v2\/media?parent=8347"}],"wp:term":[{"taxonomy":"category","embeddable":true,"href":"https:\/\/serveiseducatius.xtec.cat\/selva1\/wp-json\/wp\/v2\/categories?post=8347"},{"taxonomy":"post_tag","embeddable":true,"href":"https:\/\/serveiseducatius.xtec.cat\/selva1\/wp-json\/wp\/v2\/tags?post=8347"}],"curies":[{"name":"wp","href":"https:\/\/api.w.org\/{rel}","templated":true}]}}