{"id":8219,"date":"2024-01-11T19:35:10","date_gmt":"2024-01-11T18:35:10","guid":{"rendered":"https:\/\/serveiseducatius.xtec.cat\/selva1\/?p=8219"},"modified":"2024-01-31T17:13:58","modified_gmt":"2024-01-31T16:13:58","slug":"denip-santa-coloma-de-farners-a-cicle-inicial","status":"publish","type":"post","link":"https:\/\/serveiseducatius.xtec.cat\/selva1\/crp\/alumnat\/denip-santa-coloma-de-farners-a-cicle-inicial\/","title":{"rendered":"DENIP a Santa Coloma de Farners, Cicle Inicial"},"content":{"rendered":"<p><a href=\"https:\/\/serveiseducatius.xtec.cat\/selva1\/wp-content\/uploads\/usu773\/2024\/01\/denip.png\"><img loading=\"lazy\" decoding=\"async\" class=\"alignnone wp-image-8220\" src=\"https:\/\/serveiseducatius.xtec.cat\/selva1\/wp-content\/uploads\/usu773\/2024\/01\/denip.png\" alt=\"\" width=\"298\" height=\"170\" srcset=\"https:\/\/serveiseducatius.xtec.cat\/selva1\/wp-content\/uploads\/usu773\/2024\/01\/denip.png 682w, https:\/\/serveiseducatius.xtec.cat\/selva1\/wp-content\/uploads\/usu773\/2024\/01\/denip-300x171.png 300w\" sizes=\"auto, (max-width: 298px) 100vw, 298px\" \/><\/a><\/p>\n<p style=\"text-align: justify;\">El projecte &#8220;Les Oliveres&#8221; es centra en el treball interdisciplinari amb grups d\u2019alumnes de 1r de Cicle inicial, basat en continguts de coneixement del medi natural, social i cultural i educaci\u00f3 per a la pau, relacionada amb el patrimoni cultural de la ciutat, en coordinaci\u00f3 amb l\u2019Ajuntament de Santa Coloma, l\u2019escola de m\u00fasica municipal Josep Carb\u00f3, el Centre Municipal d\u2019Educaci\u00f3, el Col\u00b7legi la Salle, l\u2019Escola Castell de Farners i l\u2019Escola Sant Salvador d\u2019Horta<\/p>\n<p style=\"text-align: justify;\">El 16 de gener farem una sortida per con\u00e8ixer la premsa gran que tenim al poble, ens ho explicar\u00e0 molt b\u00e9 la Cristina. Despr\u00e9s a la Casa de la Paraula, en Marc ens explicar\u00e0 com funciona la maqueta i gr\u00e0cies a la generositat de l&#8217;empresa MERA, en Carles ens preparar\u00e0 un tast d&#8217;olives. Aprenem moltes coses sobre les olives i que bones s\u00f3n!<\/p>\n<p>Aquest any arribarem a la XIa edici\u00f3 del projecte. Des de la primera edici\u00f3 aquest projecte d&#8217;entorn s&#8217;ha transformat en la pla\u00e7a de les oliveres (Joan Salvat Papasseit) projecte de gran impacte gr\u00e0cies a la implicaci\u00f3 de tothom: Ajuntament, Departament d&#8217;Educaci\u00f3, Direccions dels centres, docents i alumnat.<\/p>\n<p style=\"text-align: justify;\">El proper dimarts 30 de gener, ho celebrarem. Aix\u00f2 \u00e9s possible gr\u00e0cies a la participaci\u00f3 i implicaci\u00f3 dels tres centres: escola Castell de Farners, La Salle i Sant Salvador d&#8217;Horta. Tamb\u00e9 de l&#8217;Ajuntament.<\/p>\n<p style=\"text-align: justify;\">Moltes gr\u00e0cies per ser-hi sempre!<\/p>\n<p><a href=\"https:\/\/sites.google.com\/view\/lesoliveres\/p%C3%A0gina-principal\" target=\"_blank\" rel=\"noopener\"><strong>Mireu el web per saber com ens ha anat!<\/strong><\/a><\/p>\n","protected":false},"excerpt":{"rendered":"<p>El projecte &#8220;Les Oliveres&#8221; es centra en el treball interdisciplinari amb grups d\u2019alumnes de 1r de Cicle inicial, basat en continguts de coneixement del medi natural, social i cultural i educaci\u00f3 per a la pau, relacionada amb el patrimoni cultural de la ciutat, en coordinaci\u00f3 amb l\u2019Ajuntament de Santa Coloma, l\u2019escola de m\u00fasica municipal Josep [&hellip;]<\/p>\n","protected":false},"author":1,"featured_media":8220,"comment_status":"open","ping_status":"closed","sticky":false,"template":"","format":"standard","meta":{"_bbp_topic_count":0,"_bbp_reply_count":0,"_bbp_total_topic_count":0,"_bbp_total_reply_count":0,"_bbp_voice_count":0,"_bbp_anonymous_reply_count":0,"_bbp_topic_count_hidden":0,"_bbp_reply_count_hidden":0,"_bbp_forum_subforum_count":0,"site-sidebar-layout":"default","site-content-layout":"","ast-site-content-layout":"","site-content-style":"default","site-sidebar-style":"default","ast-global-header-display":"","ast-banner-title-visibility":"","ast-main-header-display":"","ast-hfb-above-header-display":"","ast-hfb-below-header-display":"","ast-hfb-mobile-header-display":"","site-post-title":"","ast-breadcrumbs-content":"","ast-featured-img":"","footer-sml-layout":"","theme-transparent-header-meta":"","adv-header-id-meta":"","stick-header-meta":"","header-above-stick-meta":"","header-main-stick-meta":"","header-below-stick-meta":"","astra-migrate-meta-layouts":"default","ast-page-background-enabled":"default","ast-page-background-meta":{"desktop":{"background-color":"var(--ast-global-color-4)","background-image":"","background-repeat":"repeat","background-position":"center center","background-size":"auto","background-attachment":"scroll","background-type":"","background-media":"","overlay-type":"","overlay-color":"","overlay-opacity":"","overlay-gradient":""},"tablet":{"background-color":"","background-image":"","background-repeat":"repeat","background-position":"center center","background-size":"auto","background-attachment":"scroll","background-type":"","background-media":"","overlay-type":"","overlay-color":"","overlay-opacity":"","overlay-gradient":""},"mobile":{"background-color":"","background-image":"","background-repeat":"repeat","background-position":"center center","background-size":"auto","background-attachment":"scroll","background-type":"","background-media":"","overlay-type":"","overlay-color":"","overlay-opacity":"","overlay-gradient":""}},"ast-content-background-meta":{"desktop":{"background-color":"var(--ast-global-color-5)","background-image":"","background-repeat":"repeat","background-position":"center center","background-size":"auto","background-attachment":"scroll","background-type":"","background-media":"","overlay-type":"","overlay-color":"","overlay-opacity":"","overlay-gradient":""},"tablet":{"background-color":"var(--ast-global-color-5)","background-image":"","background-repeat":"repeat","background-position":"center center","background-size":"auto","background-attachment":"scroll","background-type":"","background-media":"","overlay-type":"","overlay-color":"","overlay-opacity":"","overlay-gradient":""},"mobile":{"background-color":"var(--ast-global-color-5)","background-image":"","background-repeat":"repeat","background-position":"center center","background-size":"auto","background-attachment":"scroll","background-type":"","background-media":"","overlay-type":"","overlay-color":"","overlay-opacity":"","overlay-gradient":""}},"footnotes":""},"categories":[79],"tags":[],"class_list":["post-8219","post","type-post","status-publish","format-standard","has-post-thumbnail","hentry","category-alumnat"],"post_mailing_queue_ids":[],"_links":{"self":[{"href":"https:\/\/serveiseducatius.xtec.cat\/selva1\/wp-json\/wp\/v2\/posts\/8219","targetHints":{"allow":["GET"]}}],"collection":[{"href":"https:\/\/serveiseducatius.xtec.cat\/selva1\/wp-json\/wp\/v2\/posts"}],"about":[{"href":"https:\/\/serveiseducatius.xtec.cat\/selva1\/wp-json\/wp\/v2\/types\/post"}],"author":[{"embeddable":true,"href":"https:\/\/serveiseducatius.xtec.cat\/selva1\/wp-json\/wp\/v2\/users\/1"}],"replies":[{"embeddable":true,"href":"https:\/\/serveiseducatius.xtec.cat\/selva1\/wp-json\/wp\/v2\/comments?post=8219"}],"version-history":[{"count":5,"href":"https:\/\/serveiseducatius.xtec.cat\/selva1\/wp-json\/wp\/v2\/posts\/8219\/revisions"}],"predecessor-version":[{"id":8319,"href":"https:\/\/serveiseducatius.xtec.cat\/selva1\/wp-json\/wp\/v2\/posts\/8219\/revisions\/8319"}],"wp:featuredmedia":[{"embeddable":true,"href":"https:\/\/serveiseducatius.xtec.cat\/selva1\/wp-json\/wp\/v2\/media\/8220"}],"wp:attachment":[{"href":"https:\/\/serveiseducatius.xtec.cat\/selva1\/wp-json\/wp\/v2\/media?parent=8219"}],"wp:term":[{"taxonomy":"category","embeddable":true,"href":"https:\/\/serveiseducatius.xtec.cat\/selva1\/wp-json\/wp\/v2\/categories?post=8219"},{"taxonomy":"post_tag","embeddable":true,"href":"https:\/\/serveiseducatius.xtec.cat\/selva1\/wp-json\/wp\/v2\/tags?post=8219"}],"curies":[{"name":"wp","href":"https:\/\/api.w.org\/{rel}","templated":true}]}}