{"id":7842,"date":"2023-11-04T10:14:09","date_gmt":"2023-11-04T09:14:09","guid":{"rendered":"https:\/\/serveiseducatius.xtec.cat\/selva1\/?p=7842"},"modified":"2023-11-04T10:14:52","modified_gmt":"2023-11-04T09:14:52","slug":"inscripcio-curs-diniciacio-a-la-direccio-i-actualitzacio","status":"publish","type":"post","link":"https:\/\/serveiseducatius.xtec.cat\/selva1\/portada\/inscripcio-curs-diniciacio-a-la-direccio-i-actualitzacio\/","title":{"rendered":"Inscripci\u00f3 curs d&#8217;iniciaci\u00f3 a la direcci\u00f3 i actualitzaci\u00f3"},"content":{"rendered":"<p><a href=\"https:\/\/serveiseducatius.xtec.cat\/selva1\/wp-content\/uploads\/usu773\/2023\/11\/4-1.jpg\"><img loading=\"lazy\" decoding=\"async\" class=\"alignnone size-full wp-image-7843\" src=\"https:\/\/serveiseducatius.xtec.cat\/selva1\/wp-content\/uploads\/usu773\/2023\/11\/4-1.jpg\" alt=\"\" width=\"631\" height=\"306\" srcset=\"https:\/\/serveiseducatius.xtec.cat\/selva1\/wp-content\/uploads\/usu773\/2023\/11\/4-1.jpg 631w, https:\/\/serveiseducatius.xtec.cat\/selva1\/wp-content\/uploads\/usu773\/2023\/11\/4-1-300x145.jpg 300w\" sizes=\"auto, (max-width: 631px) 100vw, 631px\" \/><\/a><\/p>\n<div>Per si hi ha algun docent interessat, us fem arribar la informaci\u00f3\u00a0 de l&#8217;obertura i el termini de la inscripci\u00f3 als cursos de formaci\u00f3\u00a0 d&#8217;actualitzaci\u00f3 o d&#8217;iniciaci\u00f3 a la funci\u00f3 directiva.<\/div>\n<div><\/div>\n<div><\/div>\n<div>Compte, que el termini \u00e9s\u00a0 molt curt:<b>\u00a013 de novembre.\u00a0<\/b><\/div>\n<div><b>\u00a0<\/b><\/div>\n<div><\/div>\n<div>Recordar-vos que un dels requisits \u00e9s<b>:\u00a0\u00a0<\/b><b>Tenir una antiguitat m\u00ednima de 3 any com a funcionari\/a\u00a0de carrera\u00a0en el cos\u00a0que al\u00b7lega per a fer la formaci\u00f3<\/b><\/div>\n<div><\/div>\n<div>\n<h2 id=\"m_-3658744802732051545m_541548710197828251m_1354523749399676885gmail-h21\">Inscripcions per al Curs de formaci\u00f3 inicial (2024)<\/h2>\n<p><strong>Durada<\/strong>:\u00a0<strong>210 hores<\/strong>\u00a0(repartides en dues fases: una primera entre\u00a0febrer i\u00a0juny, i una segona entre setembre i novembre).<\/p>\n<p><strong>Sessions<\/strong>:\u00a0les\u00a0<strong>presencials\u00a0<\/strong>es faran dijous i divendres de 18 a 21 hores; alguna\u00a0<strong>sessi\u00f3\u00a0<\/strong><strong>telem\u00e0tica<\/strong>, els\u00a0dimecres, de 17 a 18.30 hores.<\/p>\n<p><strong>Destinataris<\/strong>:\u00a0<b>docents que vulguin adquirir l&#8217;acreditaci\u00f3 de\u00a0funci\u00f3 directiva.<\/b><\/p>\n<p><strong>Requisits:<\/strong><\/p>\n<ul>\n<li><b>Tenir una antiguitat m\u00ednima de 3 any com a funcionari\/a\u00a0de carrera\u00a0en el cos\u00a0que al\u00b7lega per a fer la formaci\u00f3<\/b>.<\/li>\n<li>Acceptar el comprom\u00eds amb l&#8217;Administraci\u00f3 per tal d&#8217;exercir la funci\u00f3 directiva en cas que es requereixi.<\/li>\n<li>Superar l&#8217;entrevista.<\/li>\n<\/ul>\n<p><strong>Caducitat<\/strong>: els efectes d\u2019aquesta formaci\u00f3 caduquen al cap de 8 anys.<\/p>\n<p><strong>Termini<\/strong>: fins al 13 de novembre de 2023<\/p>\n<p><strong><img decoding=\"async\" class=\"CToWUd\" src=\"https:\/\/ci4.googleusercontent.com\/proxy\/9uXn03UviAJFQEGTR7HlOjh0Yu9v5T1AhTylHNDTsI6j7_K7BVBc3_cQ8ZsFJoT_b3X8HOCwqtZjIpV1AFsO4EAPWFoHkS3MRHMM5eu8b--cNYRBwGkFeA=s0-d-e1-ft#https:\/\/espai.educacio.gencat.cat\/PublishingImages\/formulari_icon.jpg\" alt=\"\" data-bit=\"iit\" \/><a title=\"Ves al Formulari\" href=\"https:\/\/form.typeform.com\/to\/jFSqy1A4#ident=xxxxx\" target=\"_blank\" rel=\"noopener\" data-saferedirecturl=\"https:\/\/www.google.com\/url?q=https:\/\/form.typeform.com\/to\/jFSqy1A4%23ident%3Dxxxxx&amp;source=gmail&amp;ust=1699171694285000&amp;usg=AOvVaw0c13Dyhg0tNfOiL9C_2inA\">Sol\u00b7licitud d&#8217;inscripci\u00f3\u00a0<\/a><\/strong><\/p>\n<p><strong>Documentaci\u00f3 que cal adjuntar a la sol\u00b7licitud<\/strong><\/p>\n<ul>\n<li>Carta de motivaci\u00f3: extensi\u00f3 m\u00e0xima 1\u00a0full\u00a0DIN-A4, d&#8217;un interlineat d&#8217;1,5 espais i en\u00a0mida\u00a012.<\/li>\n<li>Curr\u00edculum d&#8217;ATRI: Descarregueu-lo a l&#8217;apartat &#8220;Expedient &gt;\u00a0El meu expedient &gt; Generar PDF &gt;\u00a0CV cec &gt; Generar PDF&#8221;<\/li>\n<\/ul>\n<div>\n<h2 id=\"m_-3658744802732051545m_541548710197828251m_1354523749399676885gmail-h22\">Inscripcions per al Curs de formaci\u00f3 d\u2019actualitzaci\u00f3\u00a0(2023)<\/h2>\n<p><strong>Durada<\/strong>:\u00a090 hores (que es repartiran en dues fases: una primera entre febrer i maig i una segona entre setembre i novembre)<\/p>\n<p><strong>Sessions<\/strong>:\u00a0<strong>telem\u00e0tiques,<\/strong>\u00a0dijous i\u00a0divendres de 17 a 20 hores i algun\u00a0dimecres de 17 a 18.30 hores.<\/p>\n<p><strong>Criteri\u00a0per participar-hi<\/strong>:\u00a0Tenir caducada la formaci\u00f3 inicial.<\/p>\n<p><strong>Termini<\/strong>: fins al 13 de novembre de 2023<\/p>\n<div><\/div>\n<p><img decoding=\"async\" class=\"CToWUd\" src=\"https:\/\/ci4.googleusercontent.com\/proxy\/9uXn03UviAJFQEGTR7HlOjh0Yu9v5T1AhTylHNDTsI6j7_K7BVBc3_cQ8ZsFJoT_b3X8HOCwqtZjIpV1AFsO4EAPWFoHkS3MRHMM5eu8b--cNYRBwGkFeA=s0-d-e1-ft#https:\/\/espai.educacio.gencat.cat\/PublishingImages\/formulari_icon.jpg\" alt=\"\" data-bit=\"iit\" \/><strong><a title=\"Ves al Formulari\" href=\"https:\/\/form.typeform.com\/to\/ierzQFtR#ident=xxxxx\" target=\"_blank\" rel=\"noopener\" data-saferedirecturl=\"https:\/\/www.google.com\/url?q=https:\/\/form.typeform.com\/to\/ierzQFtR%23ident%3Dxxxxx&amp;source=gmail&amp;ust=1699171694286000&amp;usg=AOvVaw1puszwd9HhDKR4Z4haMeuA\">Sol\u00b7licitud d&#8217;inscripci\u00f3\u00a0<\/a><\/strong><\/p>\n<\/div>\n<div><\/div>\n<\/div>\n","protected":false},"excerpt":{"rendered":"<p>Per si hi ha algun docent interessat, us fem arribar la informaci\u00f3\u00a0 de l&#8217;obertura i el termini de la inscripci\u00f3 als cursos de formaci\u00f3\u00a0 d&#8217;actualitzaci\u00f3 o d&#8217;iniciaci\u00f3 a la funci\u00f3 directiva. Compte, que el termini \u00e9s\u00a0 molt curt:\u00a013 de novembre.\u00a0 \u00a0 Recordar-vos que un dels requisits \u00e9s:\u00a0\u00a0Tenir una antiguitat m\u00ednima de 3 any com a [&hellip;]<\/p>\n","protected":false},"author":1,"featured_media":7843,"comment_status":"open","ping_status":"closed","sticky":false,"template":"","format":"standard","meta":{"_bbp_topic_count":0,"_bbp_reply_count":0,"_bbp_total_topic_count":0,"_bbp_total_reply_count":0,"_bbp_voice_count":0,"_bbp_anonymous_reply_count":0,"_bbp_topic_count_hidden":0,"_bbp_reply_count_hidden":0,"_bbp_forum_subforum_count":0,"site-sidebar-layout":"default","site-content-layout":"","ast-site-content-layout":"","site-content-style":"default","site-sidebar-style":"default","ast-global-header-display":"","ast-banner-title-visibility":"","ast-main-header-display":"","ast-hfb-above-header-display":"","ast-hfb-below-header-display":"","ast-hfb-mobile-header-display":"","site-post-title":"","ast-breadcrumbs-content":"","ast-featured-img":"","footer-sml-layout":"","theme-transparent-header-meta":"","adv-header-id-meta":"","stick-header-meta":"","header-above-stick-meta":"","header-main-stick-meta":"","header-below-stick-meta":"","astra-migrate-meta-layouts":"default","ast-page-background-enabled":"default","ast-page-background-meta":{"desktop":{"background-color":"var(--ast-global-color-4)","background-image":"","background-repeat":"repeat","background-position":"center center","background-size":"auto","background-attachment":"scroll","background-type":"","background-media":"","overlay-type":"","overlay-color":"","overlay-opacity":"","overlay-gradient":""},"tablet":{"background-color":"","background-image":"","background-repeat":"repeat","background-position":"center center","background-size":"auto","background-attachment":"scroll","background-type":"","background-media":"","overlay-type":"","overlay-color":"","overlay-opacity":"","overlay-gradient":""},"mobile":{"background-color":"","background-image":"","background-repeat":"repeat","background-position":"center center","background-size":"auto","background-attachment":"scroll","background-type":"","background-media":"","overlay-type":"","overlay-color":"","overlay-opacity":"","overlay-gradient":""}},"ast-content-background-meta":{"desktop":{"background-color":"var(--ast-global-color-5)","background-image":"","background-repeat":"repeat","background-position":"center center","background-size":"auto","background-attachment":"scroll","background-type":"","background-media":"","overlay-type":"","overlay-color":"","overlay-opacity":"","overlay-gradient":""},"tablet":{"background-color":"var(--ast-global-color-5)","background-image":"","background-repeat":"repeat","background-position":"center center","background-size":"auto","background-attachment":"scroll","background-type":"","background-media":"","overlay-type":"","overlay-color":"","overlay-opacity":"","overlay-gradient":""},"mobile":{"background-color":"var(--ast-global-color-5)","background-image":"","background-repeat":"repeat","background-position":"center center","background-size":"auto","background-attachment":"scroll","background-type":"","background-media":"","overlay-type":"","overlay-color":"","overlay-opacity":"","overlay-gradient":""}},"footnotes":""},"categories":[65,29],"tags":[],"class_list":["post-7842","post","type-post","status-publish","format-standard","has-post-thumbnail","hentry","category-crp","category-portada"],"post_mailing_queue_ids":[],"_links":{"self":[{"href":"https:\/\/serveiseducatius.xtec.cat\/selva1\/wp-json\/wp\/v2\/posts\/7842","targetHints":{"allow":["GET"]}}],"collection":[{"href":"https:\/\/serveiseducatius.xtec.cat\/selva1\/wp-json\/wp\/v2\/posts"}],"about":[{"href":"https:\/\/serveiseducatius.xtec.cat\/selva1\/wp-json\/wp\/v2\/types\/post"}],"author":[{"embeddable":true,"href":"https:\/\/serveiseducatius.xtec.cat\/selva1\/wp-json\/wp\/v2\/users\/1"}],"replies":[{"embeddable":true,"href":"https:\/\/serveiseducatius.xtec.cat\/selva1\/wp-json\/wp\/v2\/comments?post=7842"}],"version-history":[{"count":2,"href":"https:\/\/serveiseducatius.xtec.cat\/selva1\/wp-json\/wp\/v2\/posts\/7842\/revisions"}],"predecessor-version":[{"id":7845,"href":"https:\/\/serveiseducatius.xtec.cat\/selva1\/wp-json\/wp\/v2\/posts\/7842\/revisions\/7845"}],"wp:featuredmedia":[{"embeddable":true,"href":"https:\/\/serveiseducatius.xtec.cat\/selva1\/wp-json\/wp\/v2\/media\/7843"}],"wp:attachment":[{"href":"https:\/\/serveiseducatius.xtec.cat\/selva1\/wp-json\/wp\/v2\/media?parent=7842"}],"wp:term":[{"taxonomy":"category","embeddable":true,"href":"https:\/\/serveiseducatius.xtec.cat\/selva1\/wp-json\/wp\/v2\/categories?post=7842"},{"taxonomy":"post_tag","embeddable":true,"href":"https:\/\/serveiseducatius.xtec.cat\/selva1\/wp-json\/wp\/v2\/tags?post=7842"}],"curies":[{"name":"wp","href":"https:\/\/api.w.org\/{rel}","templated":true}]}}