{"id":7830,"date":"2023-11-02T11:42:20","date_gmt":"2023-11-02T10:42:20","guid":{"rendered":"https:\/\/serveiseducatius.xtec.cat\/selva1\/?p=7830"},"modified":"2023-11-02T12:02:37","modified_gmt":"2023-11-02T11:02:37","slug":"curs-de-docents-en-suport-vital-als-centres-educatius-iniciacio","status":"publish","type":"post","link":"https:\/\/serveiseducatius.xtec.cat\/selva1\/general\/curs-de-docents-en-suport-vital-als-centres-educatius-iniciacio\/","title":{"rendered":"Formaci\u00f3 en Suport Vital als centres educatius"},"content":{"rendered":"<p>La for<a href=\"https:\/\/serveiseducatius.xtec.cat\/selva1\/wp-content\/uploads\/usu773\/2023\/11\/suport-vital-cor.png\"><img loading=\"lazy\" decoding=\"async\" class=\"size-full wp-image-7831 alignleft\" src=\"https:\/\/serveiseducatius.xtec.cat\/selva1\/wp-content\/uploads\/usu773\/2023\/11\/suport-vital-cor.png\" alt=\"\" width=\"288\" height=\"165\" \/><\/a>maci\u00f3 en Suport Vital als centres educatius pret\u00e9n ensenyar als docents com abordar qualsevol cas d\u2019emerg\u00e8ncia vital mentre no arriba l\u2019ajuda sanit\u00e0ria. Els i les docents seran els que faran la formaci\u00f3 a l&#8217;alumnat del centre. S\u00f3n molts els casos que ens podem trobar en aquesta situaci\u00f3 en un centre educatiu. Amb aquest curs aprendrem a valorar l\u2019estat de consci\u00e8ncia d\u2019una persona, si respira o no, recon\u00e8ixer una mort sobtada, saber aplicar de forma segura i efica\u00e7 els desfibril\u00b7ladors, les maniobres en cas ennuegament, i, en tots els casos, saber actuar de forma automatitzada, estandarditzada, i normalitzada.<\/p>\n<p>Aquest programa ha estat dissenyat conjuntament amb el CCR (part sanit\u00e0ria) i el Departament d\u2019Educaci\u00f3, amb l\u2019objectiu d\u2019aconseguir que docents i alumnes tingui consci\u00e8ncia de salut, i s\u00e0piguen actuar davant de qualsevol situaci\u00f3 a fi de poder salvar una vida.<\/p>\n<p>Des del nostre CRP oferim el curs d\u2019iniciaci\u00f3, amb 5 m\u00f2duls. El codi de l\u2019activitat \u00e9s: <strong>5080930519\u00a0<\/strong>\u00a0\u00a0<b>Curs de docents en Suport Vital als centres educatius (Iniciaci\u00f3) i 5080850519 Seminari del Programa de Suport Vital als centres docents\u00a0<\/b>(pels docents que ja han superat el curs d&#8217;iniciaci\u00f3). Aquest mes de novembre comencem el curs d&#8217;iniciaci\u00f3!<\/p>\n","protected":false},"excerpt":{"rendered":"<p>La formaci\u00f3 en Suport Vital als centres educatius pret\u00e9n ensenyar als docents com abordar qualsevol cas d\u2019emerg\u00e8ncia vital mentre no arriba l\u2019ajuda sanit\u00e0ria. Els i les docents seran els que faran la formaci\u00f3 a l&#8217;alumnat del centre. S\u00f3n molts els casos que ens podem trobar en aquesta situaci\u00f3 en un centre educatiu. Amb aquest curs [&hellip;]<\/p>\n","protected":false},"author":1,"featured_media":7831,"comment_status":"open","ping_status":"closed","sticky":false,"template":"","format":"standard","meta":{"_bbp_topic_count":0,"_bbp_reply_count":0,"_bbp_total_topic_count":0,"_bbp_total_reply_count":0,"_bbp_voice_count":0,"_bbp_anonymous_reply_count":0,"_bbp_topic_count_hidden":0,"_bbp_reply_count_hidden":0,"_bbp_forum_subforum_count":0,"site-sidebar-layout":"default","site-content-layout":"","ast-site-content-layout":"","site-content-style":"default","site-sidebar-style":"default","ast-global-header-display":"","ast-banner-title-visibility":"","ast-main-header-display":"","ast-hfb-above-header-display":"","ast-hfb-below-header-display":"","ast-hfb-mobile-header-display":"","site-post-title":"","ast-breadcrumbs-content":"","ast-featured-img":"","footer-sml-layout":"","theme-transparent-header-meta":"","adv-header-id-meta":"","stick-header-meta":"","header-above-stick-meta":"","header-main-stick-meta":"","header-below-stick-meta":"","astra-migrate-meta-layouts":"default","ast-page-background-enabled":"default","ast-page-background-meta":{"desktop":{"background-color":"var(--ast-global-color-4)","background-image":"","background-repeat":"repeat","background-position":"center center","background-size":"auto","background-attachment":"scroll","background-type":"","background-media":"","overlay-type":"","overlay-color":"","overlay-opacity":"","overlay-gradient":""},"tablet":{"background-color":"","background-image":"","background-repeat":"repeat","background-position":"center center","background-size":"auto","background-attachment":"scroll","background-type":"","background-media":"","overlay-type":"","overlay-color":"","overlay-opacity":"","overlay-gradient":""},"mobile":{"background-color":"","background-image":"","background-repeat":"repeat","background-position":"center center","background-size":"auto","background-attachment":"scroll","background-type":"","background-media":"","overlay-type":"","overlay-color":"","overlay-opacity":"","overlay-gradient":""}},"ast-content-background-meta":{"desktop":{"background-color":"var(--ast-global-color-5)","background-image":"","background-repeat":"repeat","background-position":"center center","background-size":"auto","background-attachment":"scroll","background-type":"","background-media":"","overlay-type":"","overlay-color":"","overlay-opacity":"","overlay-gradient":""},"tablet":{"background-color":"var(--ast-global-color-5)","background-image":"","background-repeat":"repeat","background-position":"center center","background-size":"auto","background-attachment":"scroll","background-type":"","background-media":"","overlay-type":"","overlay-color":"","overlay-opacity":"","overlay-gradient":""},"mobile":{"background-color":"var(--ast-global-color-5)","background-image":"","background-repeat":"repeat","background-position":"center center","background-size":"auto","background-attachment":"scroll","background-type":"","background-media":"","overlay-type":"","overlay-color":"","overlay-opacity":"","overlay-gradient":""}},"footnotes":""},"categories":[65,1,29],"tags":[],"class_list":["post-7830","post","type-post","status-publish","format-standard","has-post-thumbnail","hentry","category-crp","category-general","category-portada"],"post_mailing_queue_ids":[],"_links":{"self":[{"href":"https:\/\/serveiseducatius.xtec.cat\/selva1\/wp-json\/wp\/v2\/posts\/7830","targetHints":{"allow":["GET"]}}],"collection":[{"href":"https:\/\/serveiseducatius.xtec.cat\/selva1\/wp-json\/wp\/v2\/posts"}],"about":[{"href":"https:\/\/serveiseducatius.xtec.cat\/selva1\/wp-json\/wp\/v2\/types\/post"}],"author":[{"embeddable":true,"href":"https:\/\/serveiseducatius.xtec.cat\/selva1\/wp-json\/wp\/v2\/users\/1"}],"replies":[{"embeddable":true,"href":"https:\/\/serveiseducatius.xtec.cat\/selva1\/wp-json\/wp\/v2\/comments?post=7830"}],"version-history":[{"count":4,"href":"https:\/\/serveiseducatius.xtec.cat\/selva1\/wp-json\/wp\/v2\/posts\/7830\/revisions"}],"predecessor-version":[{"id":7835,"href":"https:\/\/serveiseducatius.xtec.cat\/selva1\/wp-json\/wp\/v2\/posts\/7830\/revisions\/7835"}],"wp:featuredmedia":[{"embeddable":true,"href":"https:\/\/serveiseducatius.xtec.cat\/selva1\/wp-json\/wp\/v2\/media\/7831"}],"wp:attachment":[{"href":"https:\/\/serveiseducatius.xtec.cat\/selva1\/wp-json\/wp\/v2\/media?parent=7830"}],"wp:term":[{"taxonomy":"category","embeddable":true,"href":"https:\/\/serveiseducatius.xtec.cat\/selva1\/wp-json\/wp\/v2\/categories?post=7830"},{"taxonomy":"post_tag","embeddable":true,"href":"https:\/\/serveiseducatius.xtec.cat\/selva1\/wp-json\/wp\/v2\/tags?post=7830"}],"curies":[{"name":"wp","href":"https:\/\/api.w.org\/{rel}","templated":true}]}}