{"id":7406,"date":"2023-09-08T14:01:42","date_gmt":"2023-09-08T12:01:42","guid":{"rendered":"https:\/\/serveiseducatius.xtec.cat\/selva1\/?p=7406"},"modified":"2023-09-13T09:46:12","modified_gmt":"2023-09-13T07:46:12","slug":"si-un-mestre-no-va-amb-alegria-a-lescola-que-canvii-de-feina","status":"publish","type":"post","link":"https:\/\/serveiseducatius.xtec.cat\/selva1\/eap\/si-un-mestre-no-va-amb-alegria-a-lescola-que-canvii-de-feina\/","title":{"rendered":"\u00abSi un mestre no va amb alegria a l\u2019escola, que canvi\u00ef de feina\u00bb"},"content":{"rendered":"<p><a href=\"https:\/\/serveiseducatius.xtec.cat\/selva1\/wp-content\/uploads\/usu773\/2023\/09\/1-2.png\"><img loading=\"lazy\" decoding=\"async\" class=\"alignnone wp-image-7407\" src=\"https:\/\/serveiseducatius.xtec.cat\/selva1\/wp-content\/uploads\/usu773\/2023\/09\/1-2.png\" alt=\"\" width=\"521\" height=\"361\" srcset=\"https:\/\/serveiseducatius.xtec.cat\/selva1\/wp-content\/uploads\/usu773\/2023\/09\/1-2.png 988w, https:\/\/serveiseducatius.xtec.cat\/selva1\/wp-content\/uploads\/usu773\/2023\/09\/1-2-300x208.png 300w, https:\/\/serveiseducatius.xtec.cat\/selva1\/wp-content\/uploads\/usu773\/2023\/09\/1-2-768x532.png 768w\" sizes=\"auto, (max-width: 521px) 100vw, 521px\" \/><\/a><\/p>\n<p>Francesca Davoli va n\u00e9ixer a Reggio Emilia, es va llicenciar en pedagogia a Bolonya, i des de fa uns anys, a la\u00a0<a href=\"https:\/\/www.uvic.cat\/?gclid=CjwKCAjwyryUBhBSEiwAGN5OCMIie3M1LUSV9_HTNKjRiy1FWsjCzEfII3C-G90RYTRkscu-kQdqABoC87UQAvD_BwE\" target=\"_blank\" rel=\"nofollow noopener\">Universitat de Vic-Universitat Central de Catalunya<\/a>, ensenya als futurs mestres d\u2019educaci\u00f3 infantil tot el que ha apr\u00e8s de la pedagogia italiana: des de Maria Montessori i Loris Malaguzzi fins a Carla Rinaldi i Battista Quinto Borghi. Parlo amb ella d\u2019una etapa important\u00edssima: dels zero als sis anys. De com tractem els nens d\u2019avui. I de qu\u00e8 podem aprendre de com van ser tractats els nens d\u2019ahir.<\/p>\n<p><strong>Montessori s\u2019ha convertit en una moda?<br \/>\n<\/strong><br \/>\nS\u00ed. La pedagogia Montessori va n\u00e9ixer per a nens de classe social baixa, i avui s\u2019ha convertit en una escola privada i d\u2019elit. La venen com si fos una pedagogia nova, quan t\u00e9 m\u00e9s de cent anys. La doctora Montessori va obrir una escola a Roma per a nens pobres, que estaven totalment desprotegits i que fins i tot tenien mancances d\u2019alimentaci\u00f3. Se\u2019ls considerava discapacitats, per\u00f2 ella va demostrar que el problema no era dels nens, sin\u00f3 del seu entorn, que no els estimulava gens. Per aix\u00f2 parla de l\u2019<em>ambiente preparato<\/em>: el context escolar que afavoreix el desenvolupament dels nens.<\/p>\n<p><strong>Quins s\u00f3n els fonaments de Montessori?<br \/>\n<\/strong><br \/>\nQue l\u2019infant sigui aut\u00f2nom. I per aconseguir-ho no se l\u2019instrueix sin\u00f3 que se l\u2019acompanya. L\u2019altra clau s\u00f3n les expectatives: l\u2019adult ha de confiar que tots els nens, sense excepci\u00f3, tenen la capacitat d\u2019aprendre.<\/p>\n<p><strong>Als nens petits se\u2019ls educa massa el cap i poc el cos?<br \/>\n<\/strong><br \/>\nS\u00ed, el pedagog Malaguzzi al poema\u00a0<em>Per\u00f2 el cent existeix<\/em>\u00a0diu que els infants tenen cent llenguatges i que els adults els en robem noranta-nou. Deia que nom\u00e9s es dona import\u00e0ncia al llenguatge verbal, quan n\u2019hi ha d\u2019altres important\u00edssims: es poden comunicar manipulant, dibuixant, cantant, fent teatre, corrent\u2026 Per\u00f2 fem com si l\u2019\u00fanica forma de dir fos parlant.<\/p>\n<p><strong>L\u2019altre dia pensava en el poder de la imaginaci\u00f3: m\u2019ajuda a trobar solucions diferents i a inventar-me camins.<\/strong><\/p>\n<h6><a href=\"https:\/\/www.catorze.cat\/estudi\/mestre-181204\/?fbclid=IwAR37LiCZHY1lDFLwXFdtzRG83nJPPavI0tTkp2MWAzaw5jRvCS2AO_7SGsU\" target=\"_blank\" rel=\"noopener\"><strong>M\u00e9s informaci\u00f3<\/strong><\/a><\/h6>\n","protected":false},"excerpt":{"rendered":"<p>Francesca Davoli va n\u00e9ixer a Reggio Emilia, es va llicenciar en pedagogia a Bolonya, i des de fa uns anys, a la\u00a0Universitat de Vic-Universitat Central de Catalunya, ensenya als futurs mestres d\u2019educaci\u00f3 infantil tot el que ha apr\u00e8s de la pedagogia italiana: des de Maria Montessori i Loris Malaguzzi fins a Carla Rinaldi i Battista [&hellip;]<\/p>\n","protected":false},"author":1,"featured_media":7407,"comment_status":"open","ping_status":"closed","sticky":false,"template":"","format":"standard","meta":{"_bbp_topic_count":0,"_bbp_reply_count":0,"_bbp_total_topic_count":0,"_bbp_total_reply_count":0,"_bbp_voice_count":0,"_bbp_anonymous_reply_count":0,"_bbp_topic_count_hidden":0,"_bbp_reply_count_hidden":0,"_bbp_forum_subforum_count":0,"site-sidebar-layout":"default","site-content-layout":"","ast-site-content-layout":"","site-content-style":"default","site-sidebar-style":"default","ast-global-header-display":"","ast-banner-title-visibility":"","ast-main-header-display":"","ast-hfb-above-header-display":"","ast-hfb-below-header-display":"","ast-hfb-mobile-header-display":"","site-post-title":"","ast-breadcrumbs-content":"","ast-featured-img":"","footer-sml-layout":"","theme-transparent-header-meta":"","adv-header-id-meta":"","stick-header-meta":"","header-above-stick-meta":"","header-main-stick-meta":"","header-below-stick-meta":"","astra-migrate-meta-layouts":"default","ast-page-background-enabled":"default","ast-page-background-meta":{"desktop":{"background-color":"var(--ast-global-color-4)","background-image":"","background-repeat":"repeat","background-position":"center center","background-size":"auto","background-attachment":"scroll","background-type":"","background-media":"","overlay-type":"","overlay-color":"","overlay-opacity":"","overlay-gradient":""},"tablet":{"background-color":"","background-image":"","background-repeat":"repeat","background-position":"center center","background-size":"auto","background-attachment":"scroll","background-type":"","background-media":"","overlay-type":"","overlay-color":"","overlay-opacity":"","overlay-gradient":""},"mobile":{"background-color":"","background-image":"","background-repeat":"repeat","background-position":"center center","background-size":"auto","background-attachment":"scroll","background-type":"","background-media":"","overlay-type":"","overlay-color":"","overlay-opacity":"","overlay-gradient":""}},"ast-content-background-meta":{"desktop":{"background-color":"var(--ast-global-color-5)","background-image":"","background-repeat":"repeat","background-position":"center center","background-size":"auto","background-attachment":"scroll","background-type":"","background-media":"","overlay-type":"","overlay-color":"","overlay-opacity":"","overlay-gradient":""},"tablet":{"background-color":"var(--ast-global-color-5)","background-image":"","background-repeat":"repeat","background-position":"center center","background-size":"auto","background-attachment":"scroll","background-type":"","background-media":"","overlay-type":"","overlay-color":"","overlay-opacity":"","overlay-gradient":""},"mobile":{"background-color":"var(--ast-global-color-5)","background-image":"","background-repeat":"repeat","background-position":"center center","background-size":"auto","background-attachment":"scroll","background-type":"","background-media":"","overlay-type":"","overlay-color":"","overlay-opacity":"","overlay-gradient":""}},"footnotes":""},"categories":[67],"tags":[],"class_list":["post-7406","post","type-post","status-publish","format-standard","has-post-thumbnail","hentry","category-eap"],"post_mailing_queue_ids":[],"_links":{"self":[{"href":"https:\/\/serveiseducatius.xtec.cat\/selva1\/wp-json\/wp\/v2\/posts\/7406","targetHints":{"allow":["GET"]}}],"collection":[{"href":"https:\/\/serveiseducatius.xtec.cat\/selva1\/wp-json\/wp\/v2\/posts"}],"about":[{"href":"https:\/\/serveiseducatius.xtec.cat\/selva1\/wp-json\/wp\/v2\/types\/post"}],"author":[{"embeddable":true,"href":"https:\/\/serveiseducatius.xtec.cat\/selva1\/wp-json\/wp\/v2\/users\/1"}],"replies":[{"embeddable":true,"href":"https:\/\/serveiseducatius.xtec.cat\/selva1\/wp-json\/wp\/v2\/comments?post=7406"}],"version-history":[{"count":2,"href":"https:\/\/serveiseducatius.xtec.cat\/selva1\/wp-json\/wp\/v2\/posts\/7406\/revisions"}],"predecessor-version":[{"id":7412,"href":"https:\/\/serveiseducatius.xtec.cat\/selva1\/wp-json\/wp\/v2\/posts\/7406\/revisions\/7412"}],"wp:featuredmedia":[{"embeddable":true,"href":"https:\/\/serveiseducatius.xtec.cat\/selva1\/wp-json\/wp\/v2\/media\/7407"}],"wp:attachment":[{"href":"https:\/\/serveiseducatius.xtec.cat\/selva1\/wp-json\/wp\/v2\/media?parent=7406"}],"wp:term":[{"taxonomy":"category","embeddable":true,"href":"https:\/\/serveiseducatius.xtec.cat\/selva1\/wp-json\/wp\/v2\/categories?post=7406"},{"taxonomy":"post_tag","embeddable":true,"href":"https:\/\/serveiseducatius.xtec.cat\/selva1\/wp-json\/wp\/v2\/tags?post=7406"}],"curies":[{"name":"wp","href":"https:\/\/api.w.org\/{rel}","templated":true}]}}