{"id":7130,"date":"2023-06-22T12:22:16","date_gmt":"2023-06-22T10:22:16","guid":{"rendered":"https:\/\/serveiseducatius.xtec.cat\/selva1\/?p=7130"},"modified":"2023-06-22T12:22:16","modified_gmt":"2023-06-22T10:22:16","slug":"la-biblioteca-pilarin-bayes-opta-a-la-millor-biblioteca-del-mon-de-lany-2022","status":"publish","type":"post","link":"https:\/\/serveiseducatius.xtec.cat\/selva1\/biblionoticies\/la-biblioteca-pilarin-bayes-opta-a-la-millor-biblioteca-del-mon-de-lany-2022\/","title":{"rendered":"La Biblioteca Pilarin Bay\u00e9s opta a la millor biblioteca del m\u00f3n de l\u2019any 2022"},"content":{"rendered":"<p><a href=\"https:\/\/serveiseducatius.xtec.cat\/selva1\/wp-content\/uploads\/usu773\/2023\/06\/Biblio-Pilarin-Bayes.png\"><img loading=\"lazy\" decoding=\"async\" class=\"alignnone size-medium wp-image-7131\" src=\"https:\/\/serveiseducatius.xtec.cat\/selva1\/wp-content\/uploads\/usu773\/2023\/06\/Biblio-Pilarin-Bayes-300x200.png\" alt=\"\" width=\"300\" height=\"200\" srcset=\"https:\/\/serveiseducatius.xtec.cat\/selva1\/wp-content\/uploads\/usu773\/2023\/06\/Biblio-Pilarin-Bayes-300x200.png 300w, https:\/\/serveiseducatius.xtec.cat\/selva1\/wp-content\/uploads\/usu773\/2023\/06\/Biblio-Pilarin-Bayes-768x512.png 768w, https:\/\/serveiseducatius.xtec.cat\/selva1\/wp-content\/uploads\/usu773\/2023\/06\/Biblio-Pilarin-Bayes.png 788w\" sizes=\"auto, (max-width: 300px) 100vw, 300px\" \/><\/a><\/p>\n<p style=\"text-align: justify;\">El premi \u201cBiblioteca P\u00fablica de l\u2019Any 2022\u201d que atorga la Federaci\u00f3 Internacional d\u2019Associacions i Institucions Bibliotec\u00e0ries (IFLA), valora l\u2019arquitectura, la sostenibilitat, la polival\u00e8ncia, el contingut social i cultural i l\u2019adequaci\u00f3 als Objectius de Desenvolupament Sostenible (ODS), entre altres criteris.<\/p>\n<p><a href=\"https:\/\/www.vic.cat\/ciutat\/noticies\/la-biblioteca-pilarin-bayes-opta-a-la-millor-biblioteca-del-mon-de-l2019any-2022\" target=\"_blank\" rel=\"noopener\"><strong>M\u00e9s informaci\u00f3 a Vic.cat<\/strong><\/a><\/p>\n<p><a href=\"https:\/\/www.bibliotecapilarinbayes.cat\/\" target=\"_blank\" rel=\"noopener\"><strong>P\u00e0gina web de la biblioteca<\/strong><\/a><\/p>\n","protected":false},"excerpt":{"rendered":"<p>El premi \u201cBiblioteca P\u00fablica de l\u2019Any 2022\u201d que atorga la Federaci\u00f3 Internacional d\u2019Associacions i Institucions Bibliotec\u00e0ries (IFLA), valora l\u2019arquitectura, la sostenibilitat, la polival\u00e8ncia, el contingut social i cultural i l\u2019adequaci\u00f3 als Objectius de Desenvolupament Sostenible (ODS), entre altres criteris. M\u00e9s informaci\u00f3 a Vic.cat P\u00e0gina web de la biblioteca<\/p>\n","protected":false},"author":1,"featured_media":7131,"comment_status":"open","ping_status":"closed","sticky":false,"template":"","format":"standard","meta":{"_bbp_topic_count":0,"_bbp_reply_count":0,"_bbp_total_topic_count":0,"_bbp_total_reply_count":0,"_bbp_voice_count":0,"_bbp_anonymous_reply_count":0,"_bbp_topic_count_hidden":0,"_bbp_reply_count_hidden":0,"_bbp_forum_subforum_count":0,"site-sidebar-layout":"default","site-content-layout":"","ast-site-content-layout":"","site-content-style":"default","site-sidebar-style":"default","ast-global-header-display":"","ast-banner-title-visibility":"","ast-main-header-display":"","ast-hfb-above-header-display":"","ast-hfb-below-header-display":"","ast-hfb-mobile-header-display":"","site-post-title":"","ast-breadcrumbs-content":"","ast-featured-img":"","footer-sml-layout":"","theme-transparent-header-meta":"","adv-header-id-meta":"","stick-header-meta":"","header-above-stick-meta":"","header-main-stick-meta":"","header-below-stick-meta":"","astra-migrate-meta-layouts":"default","ast-page-background-enabled":"default","ast-page-background-meta":{"desktop":{"background-color":"var(--ast-global-color-4)","background-image":"","background-repeat":"repeat","background-position":"center center","background-size":"auto","background-attachment":"scroll","background-type":"","background-media":"","overlay-type":"","overlay-color":"","overlay-opacity":"","overlay-gradient":""},"tablet":{"background-color":"","background-image":"","background-repeat":"repeat","background-position":"center center","background-size":"auto","background-attachment":"scroll","background-type":"","background-media":"","overlay-type":"","overlay-color":"","overlay-opacity":"","overlay-gradient":""},"mobile":{"background-color":"","background-image":"","background-repeat":"repeat","background-position":"center center","background-size":"auto","background-attachment":"scroll","background-type":"","background-media":"","overlay-type":"","overlay-color":"","overlay-opacity":"","overlay-gradient":""}},"ast-content-background-meta":{"desktop":{"background-color":"var(--ast-global-color-5)","background-image":"","background-repeat":"repeat","background-position":"center center","background-size":"auto","background-attachment":"scroll","background-type":"","background-media":"","overlay-type":"","overlay-color":"","overlay-opacity":"","overlay-gradient":""},"tablet":{"background-color":"var(--ast-global-color-5)","background-image":"","background-repeat":"repeat","background-position":"center center","background-size":"auto","background-attachment":"scroll","background-type":"","background-media":"","overlay-type":"","overlay-color":"","overlay-opacity":"","overlay-gradient":""},"mobile":{"background-color":"var(--ast-global-color-5)","background-image":"","background-repeat":"repeat","background-position":"center center","background-size":"auto","background-attachment":"scroll","background-type":"","background-media":"","overlay-type":"","overlay-color":"","overlay-opacity":"","overlay-gradient":""}},"footnotes":""},"categories":[76],"tags":[],"class_list":["post-7130","post","type-post","status-publish","format-standard","has-post-thumbnail","hentry","category-biblionoticies"],"post_mailing_queue_ids":[],"_links":{"self":[{"href":"https:\/\/serveiseducatius.xtec.cat\/selva1\/wp-json\/wp\/v2\/posts\/7130","targetHints":{"allow":["GET"]}}],"collection":[{"href":"https:\/\/serveiseducatius.xtec.cat\/selva1\/wp-json\/wp\/v2\/posts"}],"about":[{"href":"https:\/\/serveiseducatius.xtec.cat\/selva1\/wp-json\/wp\/v2\/types\/post"}],"author":[{"embeddable":true,"href":"https:\/\/serveiseducatius.xtec.cat\/selva1\/wp-json\/wp\/v2\/users\/1"}],"replies":[{"embeddable":true,"href":"https:\/\/serveiseducatius.xtec.cat\/selva1\/wp-json\/wp\/v2\/comments?post=7130"}],"version-history":[{"count":1,"href":"https:\/\/serveiseducatius.xtec.cat\/selva1\/wp-json\/wp\/v2\/posts\/7130\/revisions"}],"predecessor-version":[{"id":7132,"href":"https:\/\/serveiseducatius.xtec.cat\/selva1\/wp-json\/wp\/v2\/posts\/7130\/revisions\/7132"}],"wp:featuredmedia":[{"embeddable":true,"href":"https:\/\/serveiseducatius.xtec.cat\/selva1\/wp-json\/wp\/v2\/media\/7131"}],"wp:attachment":[{"href":"https:\/\/serveiseducatius.xtec.cat\/selva1\/wp-json\/wp\/v2\/media?parent=7130"}],"wp:term":[{"taxonomy":"category","embeddable":true,"href":"https:\/\/serveiseducatius.xtec.cat\/selva1\/wp-json\/wp\/v2\/categories?post=7130"},{"taxonomy":"post_tag","embeddable":true,"href":"https:\/\/serveiseducatius.xtec.cat\/selva1\/wp-json\/wp\/v2\/tags?post=7130"}],"curies":[{"name":"wp","href":"https:\/\/api.w.org\/{rel}","templated":true}]}}