{"id":6689,"date":"2023-03-15T16:41:08","date_gmt":"2023-03-15T15:41:08","guid":{"rendered":"https:\/\/serveiseducatius.xtec.cat\/selva1\/?p=6689"},"modified":"2023-03-15T16:41:08","modified_gmt":"2023-03-15T15:41:08","slug":"propostes-i-recursos-per-treballar-la-poesia-a-laula-21-marc-dia-mundial-de-la-poesia","status":"publish","type":"post","link":"https:\/\/serveiseducatius.xtec.cat\/selva1\/portada\/propostes-i-recursos-per-treballar-la-poesia-a-laula-21-marc-dia-mundial-de-la-poesia\/","title":{"rendered":"Propostes i recursos per treballar la poesia a l&#8217;aula. 21 Mar\u00e7: Dia Mundial de la Poesia"},"content":{"rendered":"<p><a href=\"https:\/\/serveiseducatius.xtec.cat\/selva1\/wp-content\/uploads\/usu773\/2023\/03\/2-1.png\"><img loading=\"lazy\" decoding=\"async\" class=\"alignnone size-medium wp-image-6690\" src=\"https:\/\/serveiseducatius.xtec.cat\/selva1\/wp-content\/uploads\/usu773\/2023\/03\/2-1-300x214.png\" alt=\"\" width=\"300\" height=\"214\" srcset=\"https:\/\/serveiseducatius.xtec.cat\/selva1\/wp-content\/uploads\/usu773\/2023\/03\/2-1-300x214.png 300w, https:\/\/serveiseducatius.xtec.cat\/selva1\/wp-content\/uploads\/usu773\/2023\/03\/2-1.png 611w\" sizes=\"auto, (max-width: 300px) 100vw, 300px\" \/><\/a><\/p>\n<p>La La Nati Bergad\u00e0 diu que la poesia \u00e9s un <a href=\"https:\/\/natibergada.acblnk.com\/url\/ver\/389972370\/2068186\/cbc89fc7879ad80c2b5277e3adddca85\" target=\"_blank\" rel=\"noopener\"><strong>recurs educatiu amb un gran potencial pedag\u00f2gic<\/strong> <\/a>que podem incloure a les aules d&#8217;infantil, prim\u00e0ria i secund\u00e0ria. Treballar la poesia aporta molts beneficis pels infants i joves.<\/p>\n<p>Aquest article l&#8217;he elaborat conjuntament amb en Dani Espresate, esperem que us sigui \u00fatil \ud83d\ude09<\/p>\n<p>La poesia \u00e9s un recurs que engresca i motiva a l&#8217;alumnat. Les met\u00e0fores, els jocs de paraules, les repeticions de sons, els embarbussaments, els rodolins, els cal\u00b7ligrames, les hist\u00f2ries amagades&#8230;, afavoreixen que els infants i joves desenvolupin el llenguatge i la sensibilitat liter\u00e0ria.<\/p>\n<p>Cal que la poesia tingui m\u00e9s pres\u00e8ncia a les aules, que no quedi limitada exclusivament a ocasions especials com Nadal i Sant Jordi. Cal que fem un canvi de mirada i apostem per una educaci\u00f3 liter\u00e0ria integral.<\/p>\n<p>El 21 de mar\u00e7 \u00e9s el <a href=\"https:\/\/natibergada.acblnk.com\/url\/ver\/389972370\/2068186\/cbc89fc7879ad80c2b5277e3adddca85\" target=\"_blank\" rel=\"noopener\"><strong>Dia Mundial de la Poesia<\/strong><\/a>, aquestes propostes i recursos et poden ser \u00fatils per celebrar una data tan assenyalada.<\/p>\n<p>\ud83d\udc49 <a href=\"https:\/\/natibergada.acblnk.com\/url\/ver\/389972370\/2068186\/cbc89fc7879ad80c2b5277e3adddca85\" target=\"_blank\" rel=\"noopener\"><strong>Propostes i recursos per treballar la poesia a l&#8217;aula<\/strong><\/a><\/p>\n","protected":false},"excerpt":{"rendered":"<p>La La Nati Bergad\u00e0 diu que la poesia \u00e9s un recurs educatiu amb un gran potencial pedag\u00f2gic que podem incloure a les aules d&#8217;infantil, prim\u00e0ria i secund\u00e0ria. Treballar la poesia aporta molts beneficis pels infants i joves. Aquest article l&#8217;he elaborat conjuntament amb en Dani Espresate, esperem que us sigui \u00fatil \ud83d\ude09 La poesia \u00e9s [&hellip;]<\/p>\n","protected":false},"author":1,"featured_media":6690,"comment_status":"open","ping_status":"closed","sticky":false,"template":"","format":"standard","meta":{"_bbp_topic_count":0,"_bbp_reply_count":0,"_bbp_total_topic_count":0,"_bbp_total_reply_count":0,"_bbp_voice_count":0,"_bbp_anonymous_reply_count":0,"_bbp_topic_count_hidden":0,"_bbp_reply_count_hidden":0,"_bbp_forum_subforum_count":0,"site-sidebar-layout":"default","site-content-layout":"","ast-site-content-layout":"","site-content-style":"default","site-sidebar-style":"default","ast-global-header-display":"","ast-banner-title-visibility":"","ast-main-header-display":"","ast-hfb-above-header-display":"","ast-hfb-below-header-display":"","ast-hfb-mobile-header-display":"","site-post-title":"","ast-breadcrumbs-content":"","ast-featured-img":"","footer-sml-layout":"","theme-transparent-header-meta":"","adv-header-id-meta":"","stick-header-meta":"","header-above-stick-meta":"","header-main-stick-meta":"","header-below-stick-meta":"","astra-migrate-meta-layouts":"default","ast-page-background-enabled":"default","ast-page-background-meta":{"desktop":{"background-color":"var(--ast-global-color-4)","background-image":"","background-repeat":"repeat","background-position":"center center","background-size":"auto","background-attachment":"scroll","background-type":"","background-media":"","overlay-type":"","overlay-color":"","overlay-opacity":"","overlay-gradient":""},"tablet":{"background-color":"","background-image":"","background-repeat":"repeat","background-position":"center center","background-size":"auto","background-attachment":"scroll","background-type":"","background-media":"","overlay-type":"","overlay-color":"","overlay-opacity":"","overlay-gradient":""},"mobile":{"background-color":"","background-image":"","background-repeat":"repeat","background-position":"center center","background-size":"auto","background-attachment":"scroll","background-type":"","background-media":"","overlay-type":"","overlay-color":"","overlay-opacity":"","overlay-gradient":""}},"ast-content-background-meta":{"desktop":{"background-color":"var(--ast-global-color-5)","background-image":"","background-repeat":"repeat","background-position":"center center","background-size":"auto","background-attachment":"scroll","background-type":"","background-media":"","overlay-type":"","overlay-color":"","overlay-opacity":"","overlay-gradient":""},"tablet":{"background-color":"var(--ast-global-color-5)","background-image":"","background-repeat":"repeat","background-position":"center center","background-size":"auto","background-attachment":"scroll","background-type":"","background-media":"","overlay-type":"","overlay-color":"","overlay-opacity":"","overlay-gradient":""},"mobile":{"background-color":"var(--ast-global-color-5)","background-image":"","background-repeat":"repeat","background-position":"center center","background-size":"auto","background-attachment":"scroll","background-type":"","background-media":"","overlay-type":"","overlay-color":"","overlay-opacity":"","overlay-gradient":""}},"footnotes":""},"categories":[76,65,29],"tags":[],"class_list":["post-6689","post","type-post","status-publish","format-standard","has-post-thumbnail","hentry","category-biblionoticies","category-crp","category-portada"],"post_mailing_queue_ids":[],"_links":{"self":[{"href":"https:\/\/serveiseducatius.xtec.cat\/selva1\/wp-json\/wp\/v2\/posts\/6689","targetHints":{"allow":["GET"]}}],"collection":[{"href":"https:\/\/serveiseducatius.xtec.cat\/selva1\/wp-json\/wp\/v2\/posts"}],"about":[{"href":"https:\/\/serveiseducatius.xtec.cat\/selva1\/wp-json\/wp\/v2\/types\/post"}],"author":[{"embeddable":true,"href":"https:\/\/serveiseducatius.xtec.cat\/selva1\/wp-json\/wp\/v2\/users\/1"}],"replies":[{"embeddable":true,"href":"https:\/\/serveiseducatius.xtec.cat\/selva1\/wp-json\/wp\/v2\/comments?post=6689"}],"version-history":[{"count":1,"href":"https:\/\/serveiseducatius.xtec.cat\/selva1\/wp-json\/wp\/v2\/posts\/6689\/revisions"}],"predecessor-version":[{"id":6691,"href":"https:\/\/serveiseducatius.xtec.cat\/selva1\/wp-json\/wp\/v2\/posts\/6689\/revisions\/6691"}],"wp:featuredmedia":[{"embeddable":true,"href":"https:\/\/serveiseducatius.xtec.cat\/selva1\/wp-json\/wp\/v2\/media\/6690"}],"wp:attachment":[{"href":"https:\/\/serveiseducatius.xtec.cat\/selva1\/wp-json\/wp\/v2\/media?parent=6689"}],"wp:term":[{"taxonomy":"category","embeddable":true,"href":"https:\/\/serveiseducatius.xtec.cat\/selva1\/wp-json\/wp\/v2\/categories?post=6689"},{"taxonomy":"post_tag","embeddable":true,"href":"https:\/\/serveiseducatius.xtec.cat\/selva1\/wp-json\/wp\/v2\/tags?post=6689"}],"curies":[{"name":"wp","href":"https:\/\/api.w.org\/{rel}","templated":true}]}}