{"id":6485,"date":"2023-02-09T16:12:23","date_gmt":"2023-02-09T15:12:23","guid":{"rendered":"https:\/\/serveiseducatius.xtec.cat\/selva1\/?p=6485"},"modified":"2023-02-09T16:14:17","modified_gmt":"2023-02-09T15:14:17","slug":"inici-proves-de-competencies-6e-i-4t-eso","status":"publish","type":"post","link":"https:\/\/serveiseducatius.xtec.cat\/selva1\/portada\/inici-proves-de-competencies-6e-i-4t-eso\/","title":{"rendered":"Inici proves de compet\u00e8ncies 6\u00e8 i 4t ESO"},"content":{"rendered":"<h3><a href=\"https:\/\/serveiseducatius.xtec.cat\/selva1\/wp-content\/uploads\/usu773\/2023\/02\/2Captura.jpg\"><img loading=\"lazy\" decoding=\"async\" class=\"alignnone size-full wp-image-6487\" src=\"https:\/\/serveiseducatius.xtec.cat\/selva1\/wp-content\/uploads\/usu773\/2023\/02\/2Captura.jpg\" alt=\"\" width=\"255\" height=\"63\" \/><\/a><\/h3>\n<h3><strong>PROVA AVALUACI\u00d3 6\u00e8<\/strong><\/h3>\n<p style=\"font-weight: 400;\"><em>Des del\u00a0<strong>dilluns 13 de febrer<\/strong>, els centres educatius tindreu acc\u00e9s a l\u2019aplicaci\u00f3 inform\u00e0tica per a la gesti\u00f3 de la prova i poder dur a terme les seg\u00fcents tasques:<\/em><\/p>\n<ul>\n<li style=\"font-weight: 400;\"><em>Crear grups i assignar l\u2019alumnat al grup-classe corresponent.<\/em><\/li>\n<li style=\"font-weight: 400;\"><em>Comprovar i donar d&#8217;alta al RALC l&#8217;alumnat del centre que no aparegui al llistat de l&#8217;aplicaci\u00f3.<\/em><\/li>\n<li style=\"font-weight: 400;\"><em>Indicar l&#8217;alumnat que ha de fer la prova de manera diferenciada, segons la normativa de la convocat\u00f2ria.<\/em><\/li>\n<li style=\"font-weight: 400;\"><em>Proposar aplicadors\/es, faran la seva tasca en el mateix centre d&#8217;origen.<\/em><\/li>\n<li style=\"font-weight: 400;\"><em>Proposar correctors\/es d\u2019entre els aplicadors\/es indicats, es designaran d&#8217;entre els docents aplicadors, tenint en compte criteris d&#8217;idone\u00eftat i disponibilitat i far\u00e0 la correcci\u00f3 en l\u00ednia des d&#8217;una plataforma digital.<\/em><\/li>\n<li style=\"font-weight: 400;\"><em>Informar dels dies festius del centre en el per\u00edode del 21 d\u2019abril al 10 de maig, a efectes de l&#8217;enviament del material.<\/em><\/li>\n<\/ul>\n<p style=\"font-weight: 400;\"><strong><em>IMPORTANT! El termini per fer aquestes tasques comen\u00e7a el 13 de febrer i finalitza el 24 de febrer de 2023.<\/em><\/strong><\/p>\n<h3><strong>PROVA AVALUACI\u00d3 4t ESO<\/strong><\/h3>\n<p style=\"font-weight: 400;\"><em>Des del\u00a0<strong>dilluns 6 de febrer<\/strong>, els centres educatius tindreu acc\u00e9s a l\u2019aplicaci\u00f3 inform\u00e0tica per a la gesti\u00f3 de la prova i poder dur a terme les seg\u00fcents tasques:<\/em><\/p>\n<ul>\n<li style=\"font-weight: 400;\"><em>Crear grups i assignar l\u2019alumnat al grup-classe corresponent.<\/em><\/li>\n<li style=\"font-weight: 400;\"><em>Comprovar i donar d&#8217;alta al RALC l&#8217;alumnat del centre que no aparegui al llistat de l&#8217;aplicaci\u00f3.<\/em><\/li>\n<li style=\"font-weight: 400;\"><em>Indicar l&#8217;alumnat que ha de fer la prova de manera diferenciada, segons la normativa de la convocat\u00f2ria.<\/em><\/li>\n<li style=\"font-weight: 400;\"><em>Proposar aplicadors\/es, faran la seva tasca en el mateix centre d&#8217;origen.<\/em><\/li>\n<li style=\"font-weight: 400;\"><em>Proposar correctors\/es d\u2019entre els aplicadors\/es indicats, es designaran d&#8217;entre els docents aplicadors, tenint en compte criteris d&#8217;idone\u00eftat i disponibilitat i far\u00e0 la correcci\u00f3 en l\u00ednia des d&#8217;una plataforma digital.<\/em><\/li>\n<li style=\"font-weight: 400;\"><em>Informar dels dies festius del centre en el per\u00edode del 19 d\u2019abril al 4 de maig, a efectes de l&#8217;enviament del material.<\/em><\/li>\n<\/ul>\n<p style=\"font-weight: 400;\"><strong><em>IMPORTANT! El termini per fer aquestes tasques comen\u00e7a el 6 de febrer i finalitza el 17 de febrer de 2023.<\/em><\/strong><\/p>\n","protected":false},"excerpt":{"rendered":"<p>PROVA AVALUACI\u00d3 6\u00e8 Des del\u00a0dilluns 13 de febrer, els centres educatius tindreu acc\u00e9s a l\u2019aplicaci\u00f3 inform\u00e0tica per a la gesti\u00f3 de la prova i poder dur a terme les seg\u00fcents tasques: Crear grups i assignar l\u2019alumnat al grup-classe corresponent. Comprovar i donar d&#8217;alta al RALC l&#8217;alumnat del centre que no aparegui al llistat de l&#8217;aplicaci\u00f3. [&hellip;]<\/p>\n","protected":false},"author":1,"featured_media":6487,"comment_status":"open","ping_status":"closed","sticky":false,"template":"","format":"standard","meta":{"_bbp_topic_count":0,"_bbp_reply_count":0,"_bbp_total_topic_count":0,"_bbp_total_reply_count":0,"_bbp_voice_count":0,"_bbp_anonymous_reply_count":0,"_bbp_topic_count_hidden":0,"_bbp_reply_count_hidden":0,"_bbp_forum_subforum_count":0,"site-sidebar-layout":"default","site-content-layout":"","ast-site-content-layout":"","site-content-style":"default","site-sidebar-style":"default","ast-global-header-display":"","ast-banner-title-visibility":"","ast-main-header-display":"","ast-hfb-above-header-display":"","ast-hfb-below-header-display":"","ast-hfb-mobile-header-display":"","site-post-title":"","ast-breadcrumbs-content":"","ast-featured-img":"","footer-sml-layout":"","theme-transparent-header-meta":"","adv-header-id-meta":"","stick-header-meta":"","header-above-stick-meta":"","header-main-stick-meta":"","header-below-stick-meta":"","astra-migrate-meta-layouts":"default","ast-page-background-enabled":"default","ast-page-background-meta":{"desktop":{"background-color":"var(--ast-global-color-4)","background-image":"","background-repeat":"repeat","background-position":"center center","background-size":"auto","background-attachment":"scroll","background-type":"","background-media":"","overlay-type":"","overlay-color":"","overlay-opacity":"","overlay-gradient":""},"tablet":{"background-color":"","background-image":"","background-repeat":"repeat","background-position":"center center","background-size":"auto","background-attachment":"scroll","background-type":"","background-media":"","overlay-type":"","overlay-color":"","overlay-opacity":"","overlay-gradient":""},"mobile":{"background-color":"","background-image":"","background-repeat":"repeat","background-position":"center center","background-size":"auto","background-attachment":"scroll","background-type":"","background-media":"","overlay-type":"","overlay-color":"","overlay-opacity":"","overlay-gradient":""}},"ast-content-background-meta":{"desktop":{"background-color":"var(--ast-global-color-5)","background-image":"","background-repeat":"repeat","background-position":"center center","background-size":"auto","background-attachment":"scroll","background-type":"","background-media":"","overlay-type":"","overlay-color":"","overlay-opacity":"","overlay-gradient":""},"tablet":{"background-color":"var(--ast-global-color-5)","background-image":"","background-repeat":"repeat","background-position":"center center","background-size":"auto","background-attachment":"scroll","background-type":"","background-media":"","overlay-type":"","overlay-color":"","overlay-opacity":"","overlay-gradient":""},"mobile":{"background-color":"var(--ast-global-color-5)","background-image":"","background-repeat":"repeat","background-position":"center center","background-size":"auto","background-attachment":"scroll","background-type":"","background-media":"","overlay-type":"","overlay-color":"","overlay-opacity":"","overlay-gradient":""}},"footnotes":""},"categories":[65,29],"tags":[],"class_list":["post-6485","post","type-post","status-publish","format-standard","has-post-thumbnail","hentry","category-crp","category-portada"],"post_mailing_queue_ids":[],"_links":{"self":[{"href":"https:\/\/serveiseducatius.xtec.cat\/selva1\/wp-json\/wp\/v2\/posts\/6485","targetHints":{"allow":["GET"]}}],"collection":[{"href":"https:\/\/serveiseducatius.xtec.cat\/selva1\/wp-json\/wp\/v2\/posts"}],"about":[{"href":"https:\/\/serveiseducatius.xtec.cat\/selva1\/wp-json\/wp\/v2\/types\/post"}],"author":[{"embeddable":true,"href":"https:\/\/serveiseducatius.xtec.cat\/selva1\/wp-json\/wp\/v2\/users\/1"}],"replies":[{"embeddable":true,"href":"https:\/\/serveiseducatius.xtec.cat\/selva1\/wp-json\/wp\/v2\/comments?post=6485"}],"version-history":[{"count":2,"href":"https:\/\/serveiseducatius.xtec.cat\/selva1\/wp-json\/wp\/v2\/posts\/6485\/revisions"}],"predecessor-version":[{"id":6488,"href":"https:\/\/serveiseducatius.xtec.cat\/selva1\/wp-json\/wp\/v2\/posts\/6485\/revisions\/6488"}],"wp:featuredmedia":[{"embeddable":true,"href":"https:\/\/serveiseducatius.xtec.cat\/selva1\/wp-json\/wp\/v2\/media\/6487"}],"wp:attachment":[{"href":"https:\/\/serveiseducatius.xtec.cat\/selva1\/wp-json\/wp\/v2\/media?parent=6485"}],"wp:term":[{"taxonomy":"category","embeddable":true,"href":"https:\/\/serveiseducatius.xtec.cat\/selva1\/wp-json\/wp\/v2\/categories?post=6485"},{"taxonomy":"post_tag","embeddable":true,"href":"https:\/\/serveiseducatius.xtec.cat\/selva1\/wp-json\/wp\/v2\/tags?post=6485"}],"curies":[{"name":"wp","href":"https:\/\/api.w.org\/{rel}","templated":true}]}}