{"id":6361,"date":"2023-01-27T10:15:26","date_gmt":"2023-01-27T09:15:26","guid":{"rendered":"https:\/\/serveiseducatius.xtec.cat\/selva1\/?p=6361"},"modified":"2023-01-27T10:16:39","modified_gmt":"2023-01-27T09:16:39","slug":"un-estudi-de-la-udg-alerta-que-el-10-dels-infants-ha-viscut-una-situacio-de-violencia-masclista-a-casa","status":"publish","type":"post","link":"https:\/\/serveiseducatius.xtec.cat\/selva1\/eap\/un-estudi-de-la-udg-alerta-que-el-10-dels-infants-ha-viscut-una-situacio-de-violencia-masclista-a-casa\/","title":{"rendered":"Un estudi de la UdG alerta que el 10% dels infants ha viscut una situaci\u00f3 de viol\u00e8ncia masclista a casa"},"content":{"rendered":"<p><a href=\"https:\/\/serveiseducatius.xtec.cat\/selva1\/wp-content\/uploads\/usu773\/2023\/01\/Captura-5.png\"><img loading=\"lazy\" decoding=\"async\" class=\"size-medium wp-image-6362 alignleft\" src=\"https:\/\/serveiseducatius.xtec.cat\/selva1\/wp-content\/uploads\/usu773\/2023\/01\/Captura-5-300x171.png\" alt=\"\" width=\"300\" height=\"171\" srcset=\"https:\/\/serveiseducatius.xtec.cat\/selva1\/wp-content\/uploads\/usu773\/2023\/01\/Captura-5-300x171.png 300w, https:\/\/serveiseducatius.xtec.cat\/selva1\/wp-content\/uploads\/usu773\/2023\/01\/Captura-5.png 673w\" sizes=\"auto, (max-width: 300px) 100vw, 300px\" \/><\/a><\/p>\n<h3><\/h3>\n<h3 class=\"article-subtitle headline-article__subtitle\" style=\"text-align: left;\">El 59 % es plantejaria no demanar ajuda si aix\u00f2 pogu\u00e9s tenir conseq\u00fc\u00e8ncies per la seva mare<\/h3>\n<p>&nbsp;<\/p>\n<p>&nbsp;<\/p>\n<p class=\"article-body__text article-body__text--entry article-body__text-middle\" style=\"text-align: justify;\">Un equip cient\u00edfic de la\u00a0<a class=\"link copy\" title=\"Universitat de Girona\" href=\"https:\/\/www.diaridegirona.cat\/tags\/udg\/\">Universitat de Girona<\/a>\u00a0(UdG), amb el suport de l\u2019Observatori Social de la Fundaci\u00f3 La Caixa,<strong>\u00a0ha elaborat un model d\u2019actuaci\u00f3 per posar a l\u2019abast del professorat eines\u00a0<\/strong>per prevenir i detectar de manera preco\u00e7 la viol\u00e8ncia masclista a les llars de l\u2019alumnat. Aquest document \u00e9s fruit del projecte de recerca SomAqu\u00ed!, dut a terme els anys 2021 i 2022.\u00a0<strong>La singularitat de la iniciativa \u00e9s que ha donat un paper actiu als mateixos infants i joves<\/strong>\u00a0en la recerca. I els resultats\u00a0mostren que<strong>\u00a0el 10 % ha viscut una situaci\u00f3 de viol\u00e8ncia masclista a casa seva<\/strong>\u00a0i el\u00a0<strong>59 % es plantejaria no demanar ajuda si aix\u00f2 pogu\u00e9s tenir conseq\u00fc\u00e8ncies per la seva mare<\/strong>.<\/p>\n<div class=\"article-body--seo-closed\" style=\"text-align: justify;\">\n<p class=\"article-body__text \" style=\"text-align: justify;\">SomAqu\u00ed!\u00a0\u00e9s un projecte de recerca de l\u2019Observatori Social de la Fundaci\u00f3\u00a0<a class=\"link copy\" title=\"la Caixa\" href=\"https:\/\/www.diaridegirona.cat\/tags\/caixabank\/\">la Caixa<\/a>, amb la direcci\u00f3 cient\u00edfica del grup de recerca en Inf\u00e0ncia, Joventut i Comunitat &#8211; Liberi de la UdG, i ha comptat amb la col\u00b7laboraci\u00f3 del Departament de Drets Socials i el Departament d\u2019Educaci\u00f3 de la Generalitat. Els resultats del projecte, premiat en la convocat\u00f2ria Social Research Call 2020 de la Fundaci\u00f3 la Caixa, s\u2019han presentat avui a CaixaForum Macaya, a Barcelona,\u00a0<strong>en un acte titulat \u00abEl paper dels infants i els adolescents en la detecci\u00f3 de la viol\u00e8ncia masclista. Qu\u00e8 s\u2019hi pot fer des dels centres educatius?\u00bb.<\/strong><\/p>\n<div id=\"intext-sunmedia-1\" style=\"text-align: justify;\">\n<div id=\"sm-it-main-container-1674810585573\" class=\"sm-it-main-container\" data-it=\"4b0f5652-a678-4e6d-b499-803030953118\" data-device=\"desktop\" data-index=\"0\">\n<div id=\"sm-reference-1674810585573\" class=\"sm-reference\"><\/div>\n<\/div>\n<\/div>\n<p class=\"article-body__text \" style=\"text-align: justify;\">L\u2019objectiu principal del projecte ha estat l\u2019elaboraci\u00f3 d\u2019una guia d\u2019actuaci\u00f3 aplicable als centres educatius per ajudar a posar fi a la viol\u00e8ncia masclista que infants i adolescents\u00a0viuen casa seva. Amb aquest prop\u00f2sit, sis grups d\u2019experts i expertes conjuntament amb infants i\u00a0adolescents de\u00a0<a class=\"link copy\" title=\"Figueres\" href=\"https:\/\/www.diaridegirona.cat\/alt-emporda\/figueres\/\"><strong>Figueres<\/strong><\/a><strong>, Girona<\/strong>, Palau d\u2019Anglesola, Tortosa i Vic han\u00a0acompanyat a l\u2019equip d\u2019investigaci\u00f3 al llarg de tota la recerca.<\/p>\n<\/div>\n<p class=\"article-body__text article-body__text--entry article-body__text-middle\" style=\"text-align: justify;\">Un equip cient\u00edfic de la\u00a0<a class=\"link copy\" title=\"Universitat de Girona\" href=\"https:\/\/www.diaridegirona.cat\/tags\/udg\/\">Universitat de Girona<\/a>\u00a0(UdG), amb el suport de l\u2019Observatori Social de la Fundaci\u00f3 La Caixa,<strong>\u00a0ha elaborat un model d\u2019actuaci\u00f3 per posar a l\u2019abast del professorat eines\u00a0<\/strong>per prevenir i detectar de manera preco\u00e7 la viol\u00e8ncia masclista a les llars de l\u2019alumnat. Aquest document \u00e9s fruit del projecte de recerca SomAqu\u00ed!, dut a terme els anys 2021 i 2022.\u00a0<strong>La singularitat de la iniciativa \u00e9s que ha donat un paper actiu als mateixos infants i joves<\/strong>\u00a0en la recerca. I els resultats\u00a0mostren que<strong>\u00a0el 10 % ha viscut una situaci\u00f3 de viol\u00e8ncia masclista a casa seva<\/strong>\u00a0i el\u00a0<strong>59 % es plantejaria no demanar ajuda si aix\u00f2 pogu\u00e9s tenir conseq\u00fc\u00e8ncies per la seva mare<\/strong>.<\/p>\n<div class=\"article-body--seo-closed\">\n<p class=\"article-body__text \" style=\"text-align: justify;\">SomAqu\u00ed!\u00a0\u00e9s un projecte de recerca de l\u2019Observatori Social de la Fundaci\u00f3\u00a0<a class=\"link copy\" title=\"la Caixa\" href=\"https:\/\/www.diaridegirona.cat\/tags\/caixabank\/\">la Caixa<\/a>, amb la direcci\u00f3 cient\u00edfica del grup de recerca en Inf\u00e0ncia, Joventut i Comunitat &#8211; Liberi de la UdG, i ha comptat amb la col\u00b7laboraci\u00f3 del Departament de Drets Socials i el Departament d\u2019Educaci\u00f3 de la Generalitat. Els resultats del projecte, premiat en la convocat\u00f2ria Social Research Call 2020 de la Fundaci\u00f3 la Caixa, s\u2019han presentat avui a CaixaForum Macaya, a Barcelona,\u00a0<strong>en un acte titulat \u00abEl paper dels infants i els adolescents en la detecci\u00f3 de la viol\u00e8ncia masclista. Qu\u00e8 s\u2019hi pot fer des dels centres educatius?\u00bb.<\/strong><\/p>\n<div id=\"intext-sunmedia-1\" style=\"text-align: justify;\">\n<div id=\"sm-it-main-container-1674810585573\" class=\"sm-it-main-container\" data-it=\"4b0f5652-a678-4e6d-b499-803030953118\" data-device=\"desktop\" data-index=\"0\">\n<div id=\"sm-reference-1674810585573\" class=\"sm-reference\"><\/div>\n<\/div>\n<\/div>\n<p class=\"article-body__text \" style=\"text-align: justify;\">L\u2019objectiu principal del projecte ha estat l\u2019elaboraci\u00f3 d\u2019una guia d\u2019actuaci\u00f3 aplicable als centres educatius per ajudar a posar fi a la viol\u00e8ncia masclista que infants i adolescents\u00a0viuen casa seva. Amb aquest prop\u00f2sit, sis grups d\u2019experts i expertes conjuntament amb infants i\u00a0adolescents de\u00a0<a class=\"link copy\" title=\"Figueres\" href=\"https:\/\/www.diaridegirona.cat\/alt-emporda\/figueres\/\"><strong>Figueres<\/strong><\/a><strong>, Girona<\/strong>, Palau d\u2019Anglesola, Tortosa i Vic han\u00a0acompanyat a l\u2019equip d\u2019investigaci\u00f3 al llarg de tota la recerca.<\/p>\n<p style=\"text-align: justify;\"><a href=\"https:\/\/www.diaridegirona.cat\/girona\/2023\/01\/26\/estudi-udg-alerta-10-dels-82041532.html?utm_source=newsletter&amp;amp%3Butm_medium=email&amp;amp%3Butm_campaign=autonewsletter&amp;amp%3Butm_content=Titulars%20del%20dia&amp;pnespid=B6Uz915AsXQMmlPK5p7RTUYT.RYyyaZpswpDG7gYN5XKgOyUmXYU.rPl6fxlAluKhXsuSrc\" target=\"_blank\" rel=\"noopener\"><strong>M\u00e9s informaci\u00f3 al Diari de Girona<\/strong><\/a><\/p>\n<\/div>\n","protected":false},"excerpt":{"rendered":"<p>El 59 % es plantejaria no demanar ajuda si aix\u00f2 pogu\u00e9s tenir conseq\u00fc\u00e8ncies per la seva mare &nbsp; &nbsp; Un equip cient\u00edfic de la\u00a0Universitat de Girona\u00a0(UdG), amb el suport de l\u2019Observatori Social de la Fundaci\u00f3 La Caixa,\u00a0ha elaborat un model d\u2019actuaci\u00f3 per posar a l\u2019abast del professorat eines\u00a0per prevenir i detectar de manera preco\u00e7 la [&hellip;]<\/p>\n","protected":false},"author":1,"featured_media":6362,"comment_status":"open","ping_status":"closed","sticky":false,"template":"","format":"standard","meta":{"_bbp_topic_count":0,"_bbp_reply_count":0,"_bbp_total_topic_count":0,"_bbp_total_reply_count":0,"_bbp_voice_count":0,"_bbp_anonymous_reply_count":0,"_bbp_topic_count_hidden":0,"_bbp_reply_count_hidden":0,"_bbp_forum_subforum_count":0,"site-sidebar-layout":"default","site-content-layout":"","ast-site-content-layout":"","site-content-style":"default","site-sidebar-style":"default","ast-global-header-display":"","ast-banner-title-visibility":"","ast-main-header-display":"","ast-hfb-above-header-display":"","ast-hfb-below-header-display":"","ast-hfb-mobile-header-display":"","site-post-title":"","ast-breadcrumbs-content":"","ast-featured-img":"","footer-sml-layout":"","theme-transparent-header-meta":"","adv-header-id-meta":"","stick-header-meta":"","header-above-stick-meta":"","header-main-stick-meta":"","header-below-stick-meta":"","astra-migrate-meta-layouts":"default","ast-page-background-enabled":"default","ast-page-background-meta":{"desktop":{"background-color":"var(--ast-global-color-4)","background-image":"","background-repeat":"repeat","background-position":"center center","background-size":"auto","background-attachment":"scroll","background-type":"","background-media":"","overlay-type":"","overlay-color":"","overlay-opacity":"","overlay-gradient":""},"tablet":{"background-color":"","background-image":"","background-repeat":"repeat","background-position":"center center","background-size":"auto","background-attachment":"scroll","background-type":"","background-media":"","overlay-type":"","overlay-color":"","overlay-opacity":"","overlay-gradient":""},"mobile":{"background-color":"","background-image":"","background-repeat":"repeat","background-position":"center center","background-size":"auto","background-attachment":"scroll","background-type":"","background-media":"","overlay-type":"","overlay-color":"","overlay-opacity":"","overlay-gradient":""}},"ast-content-background-meta":{"desktop":{"background-color":"var(--ast-global-color-5)","background-image":"","background-repeat":"repeat","background-position":"center center","background-size":"auto","background-attachment":"scroll","background-type":"","background-media":"","overlay-type":"","overlay-color":"","overlay-opacity":"","overlay-gradient":""},"tablet":{"background-color":"var(--ast-global-color-5)","background-image":"","background-repeat":"repeat","background-position":"center center","background-size":"auto","background-attachment":"scroll","background-type":"","background-media":"","overlay-type":"","overlay-color":"","overlay-opacity":"","overlay-gradient":""},"mobile":{"background-color":"var(--ast-global-color-5)","background-image":"","background-repeat":"repeat","background-position":"center center","background-size":"auto","background-attachment":"scroll","background-type":"","background-media":"","overlay-type":"","overlay-color":"","overlay-opacity":"","overlay-gradient":""}},"footnotes":""},"categories":[67],"tags":[],"class_list":["post-6361","post","type-post","status-publish","format-standard","has-post-thumbnail","hentry","category-eap"],"post_mailing_queue_ids":[],"_links":{"self":[{"href":"https:\/\/serveiseducatius.xtec.cat\/selva1\/wp-json\/wp\/v2\/posts\/6361","targetHints":{"allow":["GET"]}}],"collection":[{"href":"https:\/\/serveiseducatius.xtec.cat\/selva1\/wp-json\/wp\/v2\/posts"}],"about":[{"href":"https:\/\/serveiseducatius.xtec.cat\/selva1\/wp-json\/wp\/v2\/types\/post"}],"author":[{"embeddable":true,"href":"https:\/\/serveiseducatius.xtec.cat\/selva1\/wp-json\/wp\/v2\/users\/1"}],"replies":[{"embeddable":true,"href":"https:\/\/serveiseducatius.xtec.cat\/selva1\/wp-json\/wp\/v2\/comments?post=6361"}],"version-history":[{"count":3,"href":"https:\/\/serveiseducatius.xtec.cat\/selva1\/wp-json\/wp\/v2\/posts\/6361\/revisions"}],"predecessor-version":[{"id":6365,"href":"https:\/\/serveiseducatius.xtec.cat\/selva1\/wp-json\/wp\/v2\/posts\/6361\/revisions\/6365"}],"wp:featuredmedia":[{"embeddable":true,"href":"https:\/\/serveiseducatius.xtec.cat\/selva1\/wp-json\/wp\/v2\/media\/6362"}],"wp:attachment":[{"href":"https:\/\/serveiseducatius.xtec.cat\/selva1\/wp-json\/wp\/v2\/media?parent=6361"}],"wp:term":[{"taxonomy":"category","embeddable":true,"href":"https:\/\/serveiseducatius.xtec.cat\/selva1\/wp-json\/wp\/v2\/categories?post=6361"},{"taxonomy":"post_tag","embeddable":true,"href":"https:\/\/serveiseducatius.xtec.cat\/selva1\/wp-json\/wp\/v2\/tags?post=6361"}],"curies":[{"name":"wp","href":"https:\/\/api.w.org\/{rel}","templated":true}]}}