{"id":5892,"date":"2022-10-25T17:21:06","date_gmt":"2022-10-25T15:21:06","guid":{"rendered":"https:\/\/serveiseducatius.xtec.cat\/selva1\/?p=5892"},"modified":"2022-10-25T17:21:06","modified_gmt":"2022-10-25T15:21:06","slug":"habits-lectors-i-educacio-llegir-per-entendre-i-fer-el-mon","status":"publish","type":"post","link":"https:\/\/serveiseducatius.xtec.cat\/selva1\/biblionoticies\/habits-lectors-i-educacio-llegir-per-entendre-i-fer-el-mon\/","title":{"rendered":"H\u00e0bits lectors i educaci\u00f3: Llegir per entendre (i fer) el m\u00f3n"},"content":{"rendered":"<p><a href=\"https:\/\/serveiseducatius.xtec.cat\/selva1\/wp-content\/uploads\/usu773\/2022\/10\/captura-23.png\"><img loading=\"lazy\" decoding=\"async\" class=\"size-full wp-image-5893 alignleft\" src=\"https:\/\/serveiseducatius.xtec.cat\/selva1\/wp-content\/uploads\/usu773\/2022\/10\/captura-23.png\" alt=\"\" width=\"286\" height=\"231\" \/><\/a><\/p>\n<p><a href=\"https:\/\/cat.grao.com\/ca\/producte\/revista-articles-095-octubre-22-habits-lectors-i-educacio-llegir-per-entendre-i-fer-el-mon-ar095\" target=\"_blank\" rel=\"noopener\">H\u00e0bits lectors i educaci\u00f3: Llegir per entendre (i fer) el m\u00f3n<\/a><\/p>\n<p>Monogr\u00e0fic de la revista\u00a0<a href=\"http:\/\/visor.grao.com\/?params=eyJET0MiOiJBUjA5NV9NRy5wZGYiLCJET1dOTE9BRCI6Imh0dHBzOlwvXC9jYXQuZ3Jhby5jb21cL2NhXC9wcm9kdWN0ZXNcL2Rlc2Nhcmdhci1wZGY_c2x1Zz1yZXZpc3RhLWFydGljbGVzLTA5NS1vY3R1YnJlLTIyLWhhYml0cy1sZWN0b3JzLWktZWR1Y2FjaW8tbGxlZ2lyLXBlci1lbnRlbmRyZS1pLWZlci1lbC1tb24tYXIwOTUiLCJJRFBST0RVQ1RPIjo0MjgwNSwiSVAiOiIqIiwiRVhQSVJFIjoxNjY2NzczOTU5fQ==&amp;signature=e7SSsuQy8vDTQjMql0LSnn4SfR4IIl1b7Js3R1_h2Io=\" target=\"_blank\" rel=\"noopener\">Articles<\/a>\u00a0n\u00famero 95 (octubre 2022). La publicaci\u00f3 vol reflexionar sobre la promoci\u00f3 de la lectura i la diversitat d\u2019experi\u00e8ncies. Cal un comprom\u00eds de fam\u00edlies, biblioteques, editors, institucions de tota mena per fomentar l\u2019h\u00e0bit lector entre la ciutadania.<\/p>\n","protected":false},"excerpt":{"rendered":"<p>H\u00e0bits lectors i educaci\u00f3: Llegir per entendre (i fer) el m\u00f3n Monogr\u00e0fic de la revista\u00a0Articles\u00a0n\u00famero 95 (octubre 2022). La publicaci\u00f3 vol reflexionar sobre la promoci\u00f3 de la lectura i la diversitat d\u2019experi\u00e8ncies. Cal un comprom\u00eds de fam\u00edlies, biblioteques, editors, institucions de tota mena per fomentar l\u2019h\u00e0bit lector entre la ciutadania.<\/p>\n","protected":false},"author":1,"featured_media":5893,"comment_status":"open","ping_status":"closed","sticky":false,"template":"","format":"standard","meta":{"_bbp_topic_count":0,"_bbp_reply_count":0,"_bbp_total_topic_count":0,"_bbp_total_reply_count":0,"_bbp_voice_count":0,"_bbp_anonymous_reply_count":0,"_bbp_topic_count_hidden":0,"_bbp_reply_count_hidden":0,"_bbp_forum_subforum_count":0,"site-sidebar-layout":"default","site-content-layout":"","ast-site-content-layout":"","site-content-style":"default","site-sidebar-style":"default","ast-global-header-display":"","ast-banner-title-visibility":"","ast-main-header-display":"","ast-hfb-above-header-display":"","ast-hfb-below-header-display":"","ast-hfb-mobile-header-display":"","site-post-title":"","ast-breadcrumbs-content":"","ast-featured-img":"","footer-sml-layout":"","theme-transparent-header-meta":"","adv-header-id-meta":"","stick-header-meta":"","header-above-stick-meta":"","header-main-stick-meta":"","header-below-stick-meta":"","astra-migrate-meta-layouts":"default","ast-page-background-enabled":"default","ast-page-background-meta":{"desktop":{"background-color":"var(--ast-global-color-4)","background-image":"","background-repeat":"repeat","background-position":"center center","background-size":"auto","background-attachment":"scroll","background-type":"","background-media":"","overlay-type":"","overlay-color":"","overlay-opacity":"","overlay-gradient":""},"tablet":{"background-color":"","background-image":"","background-repeat":"repeat","background-position":"center center","background-size":"auto","background-attachment":"scroll","background-type":"","background-media":"","overlay-type":"","overlay-color":"","overlay-opacity":"","overlay-gradient":""},"mobile":{"background-color":"","background-image":"","background-repeat":"repeat","background-position":"center center","background-size":"auto","background-attachment":"scroll","background-type":"","background-media":"","overlay-type":"","overlay-color":"","overlay-opacity":"","overlay-gradient":""}},"ast-content-background-meta":{"desktop":{"background-color":"var(--ast-global-color-5)","background-image":"","background-repeat":"repeat","background-position":"center center","background-size":"auto","background-attachment":"scroll","background-type":"","background-media":"","overlay-type":"","overlay-color":"","overlay-opacity":"","overlay-gradient":""},"tablet":{"background-color":"var(--ast-global-color-5)","background-image":"","background-repeat":"repeat","background-position":"center center","background-size":"auto","background-attachment":"scroll","background-type":"","background-media":"","overlay-type":"","overlay-color":"","overlay-opacity":"","overlay-gradient":""},"mobile":{"background-color":"var(--ast-global-color-5)","background-image":"","background-repeat":"repeat","background-position":"center center","background-size":"auto","background-attachment":"scroll","background-type":"","background-media":"","overlay-type":"","overlay-color":"","overlay-opacity":"","overlay-gradient":""}},"footnotes":""},"categories":[76],"tags":[],"class_list":["post-5892","post","type-post","status-publish","format-standard","has-post-thumbnail","hentry","category-biblionoticies"],"post_mailing_queue_ids":[],"_links":{"self":[{"href":"https:\/\/serveiseducatius.xtec.cat\/selva1\/wp-json\/wp\/v2\/posts\/5892","targetHints":{"allow":["GET"]}}],"collection":[{"href":"https:\/\/serveiseducatius.xtec.cat\/selva1\/wp-json\/wp\/v2\/posts"}],"about":[{"href":"https:\/\/serveiseducatius.xtec.cat\/selva1\/wp-json\/wp\/v2\/types\/post"}],"author":[{"embeddable":true,"href":"https:\/\/serveiseducatius.xtec.cat\/selva1\/wp-json\/wp\/v2\/users\/1"}],"replies":[{"embeddable":true,"href":"https:\/\/serveiseducatius.xtec.cat\/selva1\/wp-json\/wp\/v2\/comments?post=5892"}],"version-history":[{"count":1,"href":"https:\/\/serveiseducatius.xtec.cat\/selva1\/wp-json\/wp\/v2\/posts\/5892\/revisions"}],"predecessor-version":[{"id":5894,"href":"https:\/\/serveiseducatius.xtec.cat\/selva1\/wp-json\/wp\/v2\/posts\/5892\/revisions\/5894"}],"wp:featuredmedia":[{"embeddable":true,"href":"https:\/\/serveiseducatius.xtec.cat\/selva1\/wp-json\/wp\/v2\/media\/5893"}],"wp:attachment":[{"href":"https:\/\/serveiseducatius.xtec.cat\/selva1\/wp-json\/wp\/v2\/media?parent=5892"}],"wp:term":[{"taxonomy":"category","embeddable":true,"href":"https:\/\/serveiseducatius.xtec.cat\/selva1\/wp-json\/wp\/v2\/categories?post=5892"},{"taxonomy":"post_tag","embeddable":true,"href":"https:\/\/serveiseducatius.xtec.cat\/selva1\/wp-json\/wp\/v2\/tags?post=5892"}],"curies":[{"name":"wp","href":"https:\/\/api.w.org\/{rel}","templated":true}]}}