{"id":5869,"date":"2022-10-24T13:40:53","date_gmt":"2022-10-24T11:40:53","guid":{"rendered":"https:\/\/serveiseducatius.xtec.cat\/selva1\/?p=5869"},"modified":"2022-10-24T13:40:53","modified_gmt":"2022-10-24T11:40:53","slug":"jostein-gaarder-i-el-futur-dels-nostres-fills","status":"publish","type":"post","link":"https:\/\/serveiseducatius.xtec.cat\/selva1\/eap\/jostein-gaarder-i-el-futur-dels-nostres-fills\/","title":{"rendered":"Jostein Gaarder i el futur dels nostres fills"},"content":{"rendered":"<p><a href=\"https:\/\/serveiseducatius.xtec.cat\/selva1\/wp-content\/uploads\/usu773\/2022\/10\/captura-22.png\"><img loading=\"lazy\" decoding=\"async\" class=\"alignnone size-medium wp-image-5870\" src=\"https:\/\/serveiseducatius.xtec.cat\/selva1\/wp-content\/uploads\/usu773\/2022\/10\/captura-22-300x203.png\" alt=\"\" width=\"300\" height=\"203\" srcset=\"https:\/\/serveiseducatius.xtec.cat\/selva1\/wp-content\/uploads\/usu773\/2022\/10\/captura-22-300x203.png 300w, https:\/\/serveiseducatius.xtec.cat\/selva1\/wp-content\/uploads\/usu773\/2022\/10\/captura-22-768x519.png 768w, https:\/\/serveiseducatius.xtec.cat\/selva1\/wp-content\/uploads\/usu773\/2022\/10\/captura-22.png 1021w\" sizes=\"auto, (max-width: 300px) 100vw, 300px\" \/><\/a><\/p>\n<p>Jostein Gaarder (Oslo, 1952) \u00e9s escriptor i fil\u00f2sof. \u00c9s l\u2019autor del best-seller internacional\u00a0<em>El m\u00f3n de Sofia<\/em>, que ha venut m\u00e9s de 50 milions d\u2019exemplars a tot el m\u00f3n i s\u2019ha tradu\u00eft a m\u00e9s de 60 lleng\u00fces. A\u00a0<em><a href=\"https:\/\/ca.bookshop.org\/a\/7813\/9788417918750\" target=\"_blank\" rel=\"nofollow noopener\">Nosaltres som ara i aqu\u00ed<\/a><\/em>, que publica Amsterdam tradu\u00eft per Mar Vidal, es pregunta: quin futur espera als nostres fills? La q\u00fcesti\u00f3 \u00e9s a la vegada fruit de l\u2019amor per la vida i el temor a un futur no tan lluny\u00e0, l\u2019autor desembeina la ploma per tornar a sorprendre\u2019ns amb un text c\u00e0lid i clarivident que entrella\u00e7a natura i pensament, ci\u00e8ncia i creen\u00e7a, auge i decad\u00e8ncia, vida i mort.<\/p>\n<p>Amb un to tendre i di\u00e0fan, en forma de carta als seus sis nets, Gaarder ens encoratja a enfrontar el repte m\u00e9s important dels nostres temps: com podem tenir cura de la civilitzaci\u00f3 i del planeta alhora? Us n\u2019oferim un fragment i\u00a0<strong>en sortegem 2 exemplars.\u00a0Podeu participar-hi fins al 30 d\u2019octubre: nom\u00e9s cal que ens envieu un mail amb el t\u00edtol del llibre i el vostre nom i cognom a\u00a0<a href=\"mailto:participacatorze@gmail.com\" target=\"_blank\" rel=\"nofollow noopener\">participacatorze@gmail.com<\/a>\u00a0*<\/strong><\/p>\n<p>La naturalesa humana es caracteritza per un sentit de l\u2019orientaci\u00f3 generalment horitzontal i a curt termini.<\/p>\n<p>Sempre hem estat pendents de possibles perills o de possibles canvis. Tenim la capacitat natural de protegir-nos a nosaltres mateixos i als nostres, per\u00f2, en canvi, no tenim el mateix instint per protegir els nostres descendents llunyans, i molt menys per protegir altres esp\u00e8cies.<\/p>\n<p>Mentre que, com a \u00e9ssers vius, tenim profundament arrelat l\u2019instint d\u2019afavorir els nostres gens, no tenim la mateixa capacitat natural per protegir aquests mateixos gens de quatre o vuit generacions m\u00e9s endavant. Per\u00f2 hem d\u2019aprendre a fer-ho, de la mateixa manera que hem hagut d\u2019aprendre tots els nostres drets humans. O, altrament dit, igual com hem hagut d\u2019interioritzar aquestes normes i fer que tots les sentim com a pr\u00f2pies.<\/p>\n<p>Des que ens vam originar, a \u00c0frica, hem estat lliurant una batalla constant per impedir que la nostra branca fos escap\u00e7ada de l\u2019arbre evolutiu. I ha estat una lluita reeixida, perqu\u00e8 encara som aqu\u00ed. Per\u00f2 la humanitat com a esp\u00e8cie ha estat tan pr\u00f2spera que estem amena\u00e7ant el nostre mitj\u00e0 de vida. De fet, tant hem reeixit que estem amena\u00e7ant els mitjans de vida de totes les esp\u00e8cies vives.<\/p>\n<p>Per a l\u2019\u00e9sser hum\u00e0 juganer, inventiu i vanit\u00f3s pot ser f\u00e0cil oblidar que, al cap i a la fi, som natura. Per\u00f2 som tan juganers, inventius i vanitosos que la diversi\u00f3 i els jocs s\u2019han imposat sobre la responsabilitat pel futur del planeta?<\/p>\n<p>Ja no ens podem limitar a relacionar-nos simplement els uns amb els altres. Tamb\u00e9 pertanyem al planeta on vivim. Aquesta tamb\u00e9 \u00e9s una part essencial de la nostra identitat.<\/p>\n<p><a href=\"https:\/\/www.catorze.cat\/biblioteca\/jostein-gaarder-futur-fills-188730\/\" target=\"_blank\" rel=\"noopener\"><strong>M\u00e9s informaci\u00f3<\/strong><\/a><\/p>\n","protected":false},"excerpt":{"rendered":"<p>Jostein Gaarder (Oslo, 1952) \u00e9s escriptor i fil\u00f2sof. \u00c9s l\u2019autor del best-seller internacional\u00a0El m\u00f3n de Sofia, que ha venut m\u00e9s de 50 milions d\u2019exemplars a tot el m\u00f3n i s\u2019ha tradu\u00eft a m\u00e9s de 60 lleng\u00fces. A\u00a0Nosaltres som ara i aqu\u00ed, que publica Amsterdam tradu\u00eft per Mar Vidal, es pregunta: quin futur espera als nostres [&hellip;]<\/p>\n","protected":false},"author":1,"featured_media":5870,"comment_status":"open","ping_status":"closed","sticky":false,"template":"","format":"standard","meta":{"_bbp_topic_count":0,"_bbp_reply_count":0,"_bbp_total_topic_count":0,"_bbp_total_reply_count":0,"_bbp_voice_count":0,"_bbp_anonymous_reply_count":0,"_bbp_topic_count_hidden":0,"_bbp_reply_count_hidden":0,"_bbp_forum_subforum_count":0,"site-sidebar-layout":"default","site-content-layout":"","ast-site-content-layout":"","site-content-style":"default","site-sidebar-style":"default","ast-global-header-display":"","ast-banner-title-visibility":"","ast-main-header-display":"","ast-hfb-above-header-display":"","ast-hfb-below-header-display":"","ast-hfb-mobile-header-display":"","site-post-title":"","ast-breadcrumbs-content":"","ast-featured-img":"","footer-sml-layout":"","theme-transparent-header-meta":"","adv-header-id-meta":"","stick-header-meta":"","header-above-stick-meta":"","header-main-stick-meta":"","header-below-stick-meta":"","astra-migrate-meta-layouts":"default","ast-page-background-enabled":"default","ast-page-background-meta":{"desktop":{"background-color":"var(--ast-global-color-4)","background-image":"","background-repeat":"repeat","background-position":"center center","background-size":"auto","background-attachment":"scroll","background-type":"","background-media":"","overlay-type":"","overlay-color":"","overlay-opacity":"","overlay-gradient":""},"tablet":{"background-color":"","background-image":"","background-repeat":"repeat","background-position":"center center","background-size":"auto","background-attachment":"scroll","background-type":"","background-media":"","overlay-type":"","overlay-color":"","overlay-opacity":"","overlay-gradient":""},"mobile":{"background-color":"","background-image":"","background-repeat":"repeat","background-position":"center center","background-size":"auto","background-attachment":"scroll","background-type":"","background-media":"","overlay-type":"","overlay-color":"","overlay-opacity":"","overlay-gradient":""}},"ast-content-background-meta":{"desktop":{"background-color":"var(--ast-global-color-5)","background-image":"","background-repeat":"repeat","background-position":"center center","background-size":"auto","background-attachment":"scroll","background-type":"","background-media":"","overlay-type":"","overlay-color":"","overlay-opacity":"","overlay-gradient":""},"tablet":{"background-color":"var(--ast-global-color-5)","background-image":"","background-repeat":"repeat","background-position":"center center","background-size":"auto","background-attachment":"scroll","background-type":"","background-media":"","overlay-type":"","overlay-color":"","overlay-opacity":"","overlay-gradient":""},"mobile":{"background-color":"var(--ast-global-color-5)","background-image":"","background-repeat":"repeat","background-position":"center center","background-size":"auto","background-attachment":"scroll","background-type":"","background-media":"","overlay-type":"","overlay-color":"","overlay-opacity":"","overlay-gradient":""}},"footnotes":""},"categories":[67],"tags":[],"class_list":["post-5869","post","type-post","status-publish","format-standard","has-post-thumbnail","hentry","category-eap"],"post_mailing_queue_ids":[],"_links":{"self":[{"href":"https:\/\/serveiseducatius.xtec.cat\/selva1\/wp-json\/wp\/v2\/posts\/5869","targetHints":{"allow":["GET"]}}],"collection":[{"href":"https:\/\/serveiseducatius.xtec.cat\/selva1\/wp-json\/wp\/v2\/posts"}],"about":[{"href":"https:\/\/serveiseducatius.xtec.cat\/selva1\/wp-json\/wp\/v2\/types\/post"}],"author":[{"embeddable":true,"href":"https:\/\/serveiseducatius.xtec.cat\/selva1\/wp-json\/wp\/v2\/users\/1"}],"replies":[{"embeddable":true,"href":"https:\/\/serveiseducatius.xtec.cat\/selva1\/wp-json\/wp\/v2\/comments?post=5869"}],"version-history":[{"count":1,"href":"https:\/\/serveiseducatius.xtec.cat\/selva1\/wp-json\/wp\/v2\/posts\/5869\/revisions"}],"predecessor-version":[{"id":5871,"href":"https:\/\/serveiseducatius.xtec.cat\/selva1\/wp-json\/wp\/v2\/posts\/5869\/revisions\/5871"}],"wp:featuredmedia":[{"embeddable":true,"href":"https:\/\/serveiseducatius.xtec.cat\/selva1\/wp-json\/wp\/v2\/media\/5870"}],"wp:attachment":[{"href":"https:\/\/serveiseducatius.xtec.cat\/selva1\/wp-json\/wp\/v2\/media?parent=5869"}],"wp:term":[{"taxonomy":"category","embeddable":true,"href":"https:\/\/serveiseducatius.xtec.cat\/selva1\/wp-json\/wp\/v2\/categories?post=5869"},{"taxonomy":"post_tag","embeddable":true,"href":"https:\/\/serveiseducatius.xtec.cat\/selva1\/wp-json\/wp\/v2\/tags?post=5869"}],"curies":[{"name":"wp","href":"https:\/\/api.w.org\/{rel}","templated":true}]}}