{"id":5624,"date":"2022-09-19T12:12:17","date_gmt":"2022-09-19T10:12:17","guid":{"rendered":"https:\/\/serveiseducatius.xtec.cat\/selva1\/?p=5624"},"modified":"2022-09-19T12:13:00","modified_gmt":"2022-09-19T10:13:00","slug":"oberta-la-inscripcio-al-34-festival-de-cinema-de-girona-seccio-infants-i-joves","status":"publish","type":"post","link":"https:\/\/serveiseducatius.xtec.cat\/selva1\/portada\/oberta-la-inscripcio-al-34-festival-de-cinema-de-girona-seccio-infants-i-joves\/","title":{"rendered":"Oberta la inscripci\u00f3 al 34 Festival de Cinema de Girona &#8211; Secci\u00f3 Infants i Joves"},"content":{"rendered":"<p><a href=\"https:\/\/serveiseducatius.xtec.cat\/selva1\/wp-content\/uploads\/usu773\/2022\/09\/Captura-25.png\"><img loading=\"lazy\" decoding=\"async\" class=\"size-medium wp-image-5625 alignleft\" src=\"https:\/\/serveiseducatius.xtec.cat\/selva1\/wp-content\/uploads\/usu773\/2022\/09\/Captura-25-300x82.png\" alt=\"\" width=\"300\" height=\"82\" srcset=\"https:\/\/serveiseducatius.xtec.cat\/selva1\/wp-content\/uploads\/usu773\/2022\/09\/Captura-25-300x82.png 300w, https:\/\/serveiseducatius.xtec.cat\/selva1\/wp-content\/uploads\/usu773\/2022\/09\/Captura-25-768x210.png 768w, https:\/\/serveiseducatius.xtec.cat\/selva1\/wp-content\/uploads\/usu773\/2022\/09\/Captura-25.png 909w\" sizes=\"auto, (max-width: 300px) 100vw, 300px\" \/><\/a><\/p>\n<p>Ja teniu oberta la inscripci\u00f3 al Festival de Cinema de Girona &#8211; Secci\u00f3 Infants i Joves, que es dur\u00e0 a terme durant la setmana del 8 al 13 de novembre. Aquest curs s&#8217;ofereixen sis programes diferents en funci\u00f3 de l&#8217;edat dels grups d&#8217;alumnes, des d&#8217;educaci\u00f3 infantil fins a Batxillerat.<\/p>\n<p>Es mantenen les sessions en streaming per si us ve de gust organitzar una festa del cinema a l&#8217;aula o al centre, com en els dos darrers anys.<br \/>\nTamb\u00e9 recupereu la possibilitat de sessions presencials als cinemes, tot i que molt probablement no es podran atendre totes les demandes, at\u00e8s que\u00a0 es disposa de menys aforament que fa tres cursos.<br \/>\nEs mantenen tamb\u00e9 les projeccions per fam\u00edlies a baix cost en cap de setmana.<\/p>\n<p>Seguint les vostres sugger\u00e8ncies, hi haur\u00e0 una projecci\u00f3 pr\u00e8via de les 6 sales adre\u00e7ada exclusivament als mestres\/responsables de grup.<\/p>\n<p>Som-hi doncs!<br \/>\nA l&#8217;adre\u00e7a\u00a0<a href=\"https:\/\/sites.google.com\/gironafilmfestival.com\/giff-infants-i-joves\/benvinguda\" target=\"_blank\" rel=\"noopener\" data-saferedirecturl=\"https:\/\/www.google.com\/url?q=https:\/\/sites.google.com\/gironafilmfestival.com\/giff-infants-i-joves\/benvinguda&amp;source=gmail&amp;ust=1663663618073000&amp;usg=AOvVaw3SGOoDL0o2LFfizzePkwAS\">ja.cat\/giff-infants-<wbr \/>i-joves<\/a>\u00a0trobareu m\u00e9s informaci\u00f3, tot tipus de recursos i acc\u00e9s a la inscripci\u00f3.<\/p>\n","protected":false},"excerpt":{"rendered":"<p>Ja teniu oberta la inscripci\u00f3 al Festival de Cinema de Girona &#8211; Secci\u00f3 Infants i Joves, que es dur\u00e0 a terme durant la setmana del 8 al 13 de novembre. Aquest curs s&#8217;ofereixen sis programes diferents en funci\u00f3 de l&#8217;edat dels grups d&#8217;alumnes, des d&#8217;educaci\u00f3 infantil fins a Batxillerat. Es mantenen les sessions en streaming [&hellip;]<\/p>\n","protected":false},"author":1,"featured_media":5625,"comment_status":"open","ping_status":"closed","sticky":false,"template":"","format":"standard","meta":{"_bbp_topic_count":0,"_bbp_reply_count":0,"_bbp_total_topic_count":0,"_bbp_total_reply_count":0,"_bbp_voice_count":0,"_bbp_anonymous_reply_count":0,"_bbp_topic_count_hidden":0,"_bbp_reply_count_hidden":0,"_bbp_forum_subforum_count":0,"site-sidebar-layout":"default","site-content-layout":"","ast-site-content-layout":"","site-content-style":"default","site-sidebar-style":"default","ast-global-header-display":"","ast-banner-title-visibility":"","ast-main-header-display":"","ast-hfb-above-header-display":"","ast-hfb-below-header-display":"","ast-hfb-mobile-header-display":"","site-post-title":"","ast-breadcrumbs-content":"","ast-featured-img":"","footer-sml-layout":"","theme-transparent-header-meta":"","adv-header-id-meta":"","stick-header-meta":"","header-above-stick-meta":"","header-main-stick-meta":"","header-below-stick-meta":"","astra-migrate-meta-layouts":"default","ast-page-background-enabled":"default","ast-page-background-meta":{"desktop":{"background-color":"var(--ast-global-color-4)","background-image":"","background-repeat":"repeat","background-position":"center center","background-size":"auto","background-attachment":"scroll","background-type":"","background-media":"","overlay-type":"","overlay-color":"","overlay-opacity":"","overlay-gradient":""},"tablet":{"background-color":"","background-image":"","background-repeat":"repeat","background-position":"center center","background-size":"auto","background-attachment":"scroll","background-type":"","background-media":"","overlay-type":"","overlay-color":"","overlay-opacity":"","overlay-gradient":""},"mobile":{"background-color":"","background-image":"","background-repeat":"repeat","background-position":"center center","background-size":"auto","background-attachment":"scroll","background-type":"","background-media":"","overlay-type":"","overlay-color":"","overlay-opacity":"","overlay-gradient":""}},"ast-content-background-meta":{"desktop":{"background-color":"var(--ast-global-color-5)","background-image":"","background-repeat":"repeat","background-position":"center center","background-size":"auto","background-attachment":"scroll","background-type":"","background-media":"","overlay-type":"","overlay-color":"","overlay-opacity":"","overlay-gradient":""},"tablet":{"background-color":"var(--ast-global-color-5)","background-image":"","background-repeat":"repeat","background-position":"center center","background-size":"auto","background-attachment":"scroll","background-type":"","background-media":"","overlay-type":"","overlay-color":"","overlay-opacity":"","overlay-gradient":""},"mobile":{"background-color":"var(--ast-global-color-5)","background-image":"","background-repeat":"repeat","background-position":"center center","background-size":"auto","background-attachment":"scroll","background-type":"","background-media":"","overlay-type":"","overlay-color":"","overlay-opacity":"","overlay-gradient":""}},"footnotes":""},"categories":[65,29],"tags":[],"class_list":["post-5624","post","type-post","status-publish","format-standard","has-post-thumbnail","hentry","category-crp","category-portada"],"post_mailing_queue_ids":[],"_links":{"self":[{"href":"https:\/\/serveiseducatius.xtec.cat\/selva1\/wp-json\/wp\/v2\/posts\/5624","targetHints":{"allow":["GET"]}}],"collection":[{"href":"https:\/\/serveiseducatius.xtec.cat\/selva1\/wp-json\/wp\/v2\/posts"}],"about":[{"href":"https:\/\/serveiseducatius.xtec.cat\/selva1\/wp-json\/wp\/v2\/types\/post"}],"author":[{"embeddable":true,"href":"https:\/\/serveiseducatius.xtec.cat\/selva1\/wp-json\/wp\/v2\/users\/1"}],"replies":[{"embeddable":true,"href":"https:\/\/serveiseducatius.xtec.cat\/selva1\/wp-json\/wp\/v2\/comments?post=5624"}],"version-history":[{"count":2,"href":"https:\/\/serveiseducatius.xtec.cat\/selva1\/wp-json\/wp\/v2\/posts\/5624\/revisions"}],"predecessor-version":[{"id":5627,"href":"https:\/\/serveiseducatius.xtec.cat\/selva1\/wp-json\/wp\/v2\/posts\/5624\/revisions\/5627"}],"wp:featuredmedia":[{"embeddable":true,"href":"https:\/\/serveiseducatius.xtec.cat\/selva1\/wp-json\/wp\/v2\/media\/5625"}],"wp:attachment":[{"href":"https:\/\/serveiseducatius.xtec.cat\/selva1\/wp-json\/wp\/v2\/media?parent=5624"}],"wp:term":[{"taxonomy":"category","embeddable":true,"href":"https:\/\/serveiseducatius.xtec.cat\/selva1\/wp-json\/wp\/v2\/categories?post=5624"},{"taxonomy":"post_tag","embeddable":true,"href":"https:\/\/serveiseducatius.xtec.cat\/selva1\/wp-json\/wp\/v2\/tags?post=5624"}],"curies":[{"name":"wp","href":"https:\/\/api.w.org\/{rel}","templated":true}]}}