{"id":5018,"date":"2022-05-22T10:21:33","date_gmt":"2022-05-22T08:21:33","guid":{"rendered":"https:\/\/serveiseducatius.xtec.cat\/selva1\/?p=5018"},"modified":"2022-05-22T10:25:11","modified_gmt":"2022-05-22T08:25:11","slug":"campus-de-cultura-popular-de-girona-20e-curs-destiu-de-cultura-popular-i-tradicional","status":"publish","type":"post","link":"https:\/\/serveiseducatius.xtec.cat\/selva1\/portada\/campus-de-cultura-popular-de-girona-20e-curs-destiu-de-cultura-popular-i-tradicional\/","title":{"rendered":"CAMPUS DE CULTURA POPULAR DE GIRONA &#8211; 20\u00e8 curs d&#8217;estiu de cultura popular i tradicional"},"content":{"rendered":"<p><a href=\"https:\/\/serveiseducatius.xtec.cat\/selva1\/wp-content\/uploads\/usu773\/2022\/05\/9.png\"><img loading=\"lazy\" decoding=\"async\" class=\"alignnone size-full wp-image-5019\" src=\"https:\/\/serveiseducatius.xtec.cat\/selva1\/wp-content\/uploads\/usu773\/2022\/05\/9.png\" alt=\"\" width=\"281\" height=\"172\" \/><\/a><\/p>\n<div><span style=\"font-family: Calibri;\"><strong>CAMPUS DE CULTURA POPULAR DE GIRONA &#8211; 20\u00e8 curs d&#8217;estiu de cultura popular i tradicional<\/strong><\/span><\/div>\n<div><span style=\"font-family: Calibri;\">\u00a0<\/span><\/div>\n<div><span style=\"font-family: Calibri;\">Curs a Girona, de l&#8217;1 al 3 de juliol de 2022. Organitzat per\u00a0<em><strong>Escampillem<\/strong><\/em>, l&#8217;<em><strong>AUCOC<\/strong><\/em>\u00a0i l&#8217;<em><strong>Institut de Ci\u00e8ncies de l&#8217;Educaci\u00f3 de la Universitat de Girona<\/strong><\/em>. dins el marc del festival\u00a0<strong>Und\u00e0rius<\/strong>. Reconegut pel\u00a0<strong>Departament d&#8217;Educaci\u00f3<\/strong>\u00a0com a curs de\u00a0<strong>30 hores<\/strong>\u00a0i per la\u00a0<strong>Universitat de Girona<\/strong>\u00a0amb\u00a0<strong>1\u00a0<\/strong><strong>cr\u00e8dit ECTS<\/strong>, per\u00f2 tamb\u00e9 obert a tothom coincidint amb l&#8217;<strong>UND\u00c0RIUS-Festival de cultura popular i tradicional de Girona<\/strong>.<br \/>\n<\/span><\/div>\n<div><span style=\"font-family: Calibri;\">\u00a0<\/span><\/div>\n<div><span style=\"font-family: Calibri;\">Els qui vulgueu el reconeixement del\u00a0<strong>Departament d&#8217;Educaci\u00f3<\/strong>\u00a0caldr\u00e0 que us inscriviu directament a trav\u00e9s de l&#8217;<b>ICE de la UdG<\/b>\u00a0a la p\u00e0gina &lt;\u00a0<a href=\"https:\/\/apps.udg.edu\/MAU\/icefnu\/Client\/Oferta\/Detall\/9893?apart=0\" target=\"_blank\" rel=\"noopener\" data-saferedirecturl=\"https:\/\/www.google.com\/url?q=https:\/\/apps.udg.edu\/MAU\/icefnu\/Client\/Oferta\/Detall\/9893?apart%3D0&amp;source=gmail&amp;ust=1653203972780000&amp;usg=AOvVaw1GW3pFgqORzidtRuy3ePmK\">https:\/\/apps.udg.edu\/MAU\/<wbr \/>icefnu\/Client\/Oferta\/Detall\/<wbr \/>9893?apart=0<\/a>\u00a0&gt;. L&#8217;activitat \u00e9s oberta i gratu\u00efta si no voleu cap certificaci\u00f3, per\u00f2 algunes activitats requereixen inscripci\u00f3 pr\u00e8via si l&#8217;aforament \u00e9s limitat.<\/span><\/div>\n<div><\/div>\n<div><\/div>\n<div><a href=\"https:\/\/mail.google.com\/mail\/u\/0\/?tab=rm&amp;ogbl#inbox\/FMfcgzGpFzvBcmLKMWWZHfkZTFZVFpTr\" target=\"_blank\" rel=\"noopener\"><strong>M\u00e9s informaci\u00f3<\/strong><\/a><\/div>\n","protected":false},"excerpt":{"rendered":"<p>CAMPUS DE CULTURA POPULAR DE GIRONA &#8211; 20\u00e8 curs d&#8217;estiu de cultura popular i tradicional \u00a0 Curs a Girona, de l&#8217;1 al 3 de juliol de 2022. Organitzat per\u00a0Escampillem, l&#8217;AUCOC\u00a0i l&#8217;Institut de Ci\u00e8ncies de l&#8217;Educaci\u00f3 de la Universitat de Girona. dins el marc del festival\u00a0Und\u00e0rius. Reconegut pel\u00a0Departament d&#8217;Educaci\u00f3\u00a0com a curs de\u00a030 hores\u00a0i per la\u00a0Universitat de [&hellip;]<\/p>\n","protected":false},"author":1,"featured_media":5021,"comment_status":"open","ping_status":"closed","sticky":false,"template":"","format":"standard","meta":{"_bbp_topic_count":0,"_bbp_reply_count":0,"_bbp_total_topic_count":0,"_bbp_total_reply_count":0,"_bbp_voice_count":0,"_bbp_anonymous_reply_count":0,"_bbp_topic_count_hidden":0,"_bbp_reply_count_hidden":0,"_bbp_forum_subforum_count":0,"site-sidebar-layout":"default","site-content-layout":"","ast-site-content-layout":"","site-content-style":"default","site-sidebar-style":"default","ast-global-header-display":"","ast-banner-title-visibility":"","ast-main-header-display":"","ast-hfb-above-header-display":"","ast-hfb-below-header-display":"","ast-hfb-mobile-header-display":"","site-post-title":"","ast-breadcrumbs-content":"","ast-featured-img":"","footer-sml-layout":"","theme-transparent-header-meta":"","adv-header-id-meta":"","stick-header-meta":"","header-above-stick-meta":"","header-main-stick-meta":"","header-below-stick-meta":"","astra-migrate-meta-layouts":"default","ast-page-background-enabled":"default","ast-page-background-meta":{"desktop":{"background-color":"var(--ast-global-color-4)","background-image":"","background-repeat":"repeat","background-position":"center center","background-size":"auto","background-attachment":"scroll","background-type":"","background-media":"","overlay-type":"","overlay-color":"","overlay-opacity":"","overlay-gradient":""},"tablet":{"background-color":"","background-image":"","background-repeat":"repeat","background-position":"center center","background-size":"auto","background-attachment":"scroll","background-type":"","background-media":"","overlay-type":"","overlay-color":"","overlay-opacity":"","overlay-gradient":""},"mobile":{"background-color":"","background-image":"","background-repeat":"repeat","background-position":"center center","background-size":"auto","background-attachment":"scroll","background-type":"","background-media":"","overlay-type":"","overlay-color":"","overlay-opacity":"","overlay-gradient":""}},"ast-content-background-meta":{"desktop":{"background-color":"var(--ast-global-color-5)","background-image":"","background-repeat":"repeat","background-position":"center center","background-size":"auto","background-attachment":"scroll","background-type":"","background-media":"","overlay-type":"","overlay-color":"","overlay-opacity":"","overlay-gradient":""},"tablet":{"background-color":"var(--ast-global-color-5)","background-image":"","background-repeat":"repeat","background-position":"center center","background-size":"auto","background-attachment":"scroll","background-type":"","background-media":"","overlay-type":"","overlay-color":"","overlay-opacity":"","overlay-gradient":""},"mobile":{"background-color":"var(--ast-global-color-5)","background-image":"","background-repeat":"repeat","background-position":"center center","background-size":"auto","background-attachment":"scroll","background-type":"","background-media":"","overlay-type":"","overlay-color":"","overlay-opacity":"","overlay-gradient":""}},"footnotes":""},"categories":[65,29],"tags":[],"class_list":["post-5018","post","type-post","status-publish","format-standard","has-post-thumbnail","hentry","category-crp","category-portada"],"post_mailing_queue_ids":[],"_links":{"self":[{"href":"https:\/\/serveiseducatius.xtec.cat\/selva1\/wp-json\/wp\/v2\/posts\/5018","targetHints":{"allow":["GET"]}}],"collection":[{"href":"https:\/\/serveiseducatius.xtec.cat\/selva1\/wp-json\/wp\/v2\/posts"}],"about":[{"href":"https:\/\/serveiseducatius.xtec.cat\/selva1\/wp-json\/wp\/v2\/types\/post"}],"author":[{"embeddable":true,"href":"https:\/\/serveiseducatius.xtec.cat\/selva1\/wp-json\/wp\/v2\/users\/1"}],"replies":[{"embeddable":true,"href":"https:\/\/serveiseducatius.xtec.cat\/selva1\/wp-json\/wp\/v2\/comments?post=5018"}],"version-history":[{"count":2,"href":"https:\/\/serveiseducatius.xtec.cat\/selva1\/wp-json\/wp\/v2\/posts\/5018\/revisions"}],"predecessor-version":[{"id":5024,"href":"https:\/\/serveiseducatius.xtec.cat\/selva1\/wp-json\/wp\/v2\/posts\/5018\/revisions\/5024"}],"wp:featuredmedia":[{"embeddable":true,"href":"https:\/\/serveiseducatius.xtec.cat\/selva1\/wp-json\/wp\/v2\/media\/5021"}],"wp:attachment":[{"href":"https:\/\/serveiseducatius.xtec.cat\/selva1\/wp-json\/wp\/v2\/media?parent=5018"}],"wp:term":[{"taxonomy":"category","embeddable":true,"href":"https:\/\/serveiseducatius.xtec.cat\/selva1\/wp-json\/wp\/v2\/categories?post=5018"},{"taxonomy":"post_tag","embeddable":true,"href":"https:\/\/serveiseducatius.xtec.cat\/selva1\/wp-json\/wp\/v2\/tags?post=5018"}],"curies":[{"name":"wp","href":"https:\/\/api.w.org\/{rel}","templated":true}]}}