{"id":4918,"date":"2022-04-30T20:36:21","date_gmt":"2022-04-30T18:36:21","guid":{"rendered":"https:\/\/serveiseducatius.xtec.cat\/selva1\/?p=4918"},"modified":"2022-04-30T20:37:11","modified_gmt":"2022-04-30T18:37:11","slug":"mor-la-pedagoga-maria-antonia-canals-professora-emerita-de-la-udg","status":"publish","type":"post","link":"https:\/\/serveiseducatius.xtec.cat\/selva1\/portada\/mor-la-pedagoga-maria-antonia-canals-professora-emerita-de-la-udg\/","title":{"rendered":"Mor la pedagoga Maria Ant\u00f2nia Canals, professora em\u00e8rita de la UDG"},"content":{"rendered":"<p><a href=\"https:\/\/serveiseducatius.xtec.cat\/selva1\/wp-content\/uploads\/usu773\/2022\/04\/Captura-16.png\"><img loading=\"lazy\" decoding=\"async\" class=\"size-medium wp-image-4919 alignleft\" src=\"https:\/\/serveiseducatius.xtec.cat\/selva1\/wp-content\/uploads\/usu773\/2022\/04\/Captura-16-300x105.png\" alt=\"\" width=\"300\" height=\"105\" srcset=\"https:\/\/serveiseducatius.xtec.cat\/selva1\/wp-content\/uploads\/usu773\/2022\/04\/Captura-16-300x105.png 300w, https:\/\/serveiseducatius.xtec.cat\/selva1\/wp-content\/uploads\/usu773\/2022\/04\/Captura-16.png 624w\" sizes=\"auto, (max-width: 300px) 100vw, 300px\" \/><\/a><\/p>\n<p>Tenia 91 anys i va destacar en la innovaci\u00f3 en educaci\u00f3 matem\u00e0tica.<\/p>\n<p class=\"article-body__text article-body__text--entry article-body__text-middle\" style=\"text-align: justify;\">La pedagoga\u00a0<strong>Maria Ant\u00f2nia Canals<\/strong>, professora em\u00e8rita de Did\u00e0ctica de les Matem\u00e0tiques de la\u00a0<a class=\"link copy\" title=\"UdG\" href=\"https:\/\/www.diaridegirona.cat\/tags\/udg\/\">UdG<\/a>,\u00a0<strong>va morir ahir als 91 anys<\/strong>. La universitat va destacar el seu llegat, posant de relleu que en els darrers anys ha estat treballant en el GAMAR de la UdG de manera molt activa i amb molt entusiasme. \u00a0&#8220;Ens queda el seu mestratge, la seva passi\u00f3 per les matem\u00e0tiques i la seva estimaci\u00f3 als infants&#8221;, ha comunicat l&#8217;Associaci\u00f3 de Mestres Rosa Sensat, de la qual Canals n&#8217;era cofundadora.\u00a0 La professora i matem\u00e0tica \u2013nascuda del 1930 a Barcelona- \u00e9s una figura clau de la pedagogia a Catalunya i ha treballat en la formaci\u00f3 de mestres a la UAB, la Universitat de Vic i la Universitat de Girona. &#8220;Deixa un gran llegat en la comunitat universit\u00e0ria, esdevenint un referent de la Did\u00e0ctica de les Matem\u00e0tiques al nostre pa\u00eds&#8221;, apunta la consellera de Recerca i Universitats, Gemma Geis.<\/p>\n<div class=\"article-body--seo-closed\">\n<p class=\"article-body__text \" style=\"text-align: justify;\">De fam\u00edlia de mestres i\u00a0<strong>introductora del m\u00e8tode Montessori a Catalunya<\/strong>, Canals es va graduar en Magisteri el 1950, es va llicenciar en Ci\u00e8ncies Exactes a la Universitat de Barcelona el 1953 i va fundar l&#8217;escola Ton i Guida al barri de Verdum de Barcelona el 1962. \u00c9s autora de nombroses publicacions sobre l&#8217;ensenyament de les matem\u00e0tiques i va presidir la Federaci\u00f3 d&#8217;Entitats per l&#8217;Ensenyament de les Matem\u00e0tiques a Catalunya. L&#8217;any 2001 es va jubilar i des d&#8217;aleshores dirigia el Gabinet de Materials i de Recerca per a la Matem\u00e0tica a l&#8217;Escola (Gamar), que va fundar l&#8217;any 2002 a la Universitat de Girona.<\/p>\n<div id=\"intext-sunmedia-1\">\n<div id=\"sm-it-main-container-1651343509362\" class=\"sm-it-main-container\" data-it=\"4b0f5652-a678-4e6d-b499-803030953118\" data-device=\"desktop\" data-index=\"0\">\n<div id=\"sm-alternative-1651343509362\" class=\"sm-alternative\" data-it=\"4b0f5652-a678-4e6d-b499-803030953118\" data-index=\"0\" data-device=\"desktop\"><\/div>\n<div class=\"teads-inread xs-screen\">\n<div>\n<div class=\"teads-ui-components-adchoices\"><a href=\"https:\/\/www.diaridegirona.cat\/educacio\/2022\/04\/30\/mor-pedagoga-maria-antonia-canals-65564171.html\" target=\"_blank\" rel=\"noopener\">M\u00e9s informaci\u00f3<\/a><\/div>\n<\/div>\n<\/div>\n<\/div>\n<\/div>\n<\/div>\n","protected":false},"excerpt":{"rendered":"<p>Tenia 91 anys i va destacar en la innovaci\u00f3 en educaci\u00f3 matem\u00e0tica. La pedagoga\u00a0Maria Ant\u00f2nia Canals, professora em\u00e8rita de Did\u00e0ctica de les Matem\u00e0tiques de la\u00a0UdG,\u00a0va morir ahir als 91 anys. La universitat va destacar el seu llegat, posant de relleu que en els darrers anys ha estat treballant en el GAMAR de la UdG de [&hellip;]<\/p>\n","protected":false},"author":1,"featured_media":4919,"comment_status":"open","ping_status":"closed","sticky":false,"template":"","format":"standard","meta":{"_bbp_topic_count":0,"_bbp_reply_count":0,"_bbp_total_topic_count":0,"_bbp_total_reply_count":0,"_bbp_voice_count":0,"_bbp_anonymous_reply_count":0,"_bbp_topic_count_hidden":0,"_bbp_reply_count_hidden":0,"_bbp_forum_subforum_count":0,"site-sidebar-layout":"default","site-content-layout":"","ast-site-content-layout":"","site-content-style":"default","site-sidebar-style":"default","ast-global-header-display":"","ast-banner-title-visibility":"","ast-main-header-display":"","ast-hfb-above-header-display":"","ast-hfb-below-header-display":"","ast-hfb-mobile-header-display":"","site-post-title":"","ast-breadcrumbs-content":"","ast-featured-img":"","footer-sml-layout":"","theme-transparent-header-meta":"","adv-header-id-meta":"","stick-header-meta":"","header-above-stick-meta":"","header-main-stick-meta":"","header-below-stick-meta":"","astra-migrate-meta-layouts":"default","ast-page-background-enabled":"default","ast-page-background-meta":{"desktop":{"background-color":"var(--ast-global-color-4)","background-image":"","background-repeat":"repeat","background-position":"center center","background-size":"auto","background-attachment":"scroll","background-type":"","background-media":"","overlay-type":"","overlay-color":"","overlay-opacity":"","overlay-gradient":""},"tablet":{"background-color":"","background-image":"","background-repeat":"repeat","background-position":"center center","background-size":"auto","background-attachment":"scroll","background-type":"","background-media":"","overlay-type":"","overlay-color":"","overlay-opacity":"","overlay-gradient":""},"mobile":{"background-color":"","background-image":"","background-repeat":"repeat","background-position":"center center","background-size":"auto","background-attachment":"scroll","background-type":"","background-media":"","overlay-type":"","overlay-color":"","overlay-opacity":"","overlay-gradient":""}},"ast-content-background-meta":{"desktop":{"background-color":"var(--ast-global-color-5)","background-image":"","background-repeat":"repeat","background-position":"center center","background-size":"auto","background-attachment":"scroll","background-type":"","background-media":"","overlay-type":"","overlay-color":"","overlay-opacity":"","overlay-gradient":""},"tablet":{"background-color":"var(--ast-global-color-5)","background-image":"","background-repeat":"repeat","background-position":"center center","background-size":"auto","background-attachment":"scroll","background-type":"","background-media":"","overlay-type":"","overlay-color":"","overlay-opacity":"","overlay-gradient":""},"mobile":{"background-color":"var(--ast-global-color-5)","background-image":"","background-repeat":"repeat","background-position":"center center","background-size":"auto","background-attachment":"scroll","background-type":"","background-media":"","overlay-type":"","overlay-color":"","overlay-opacity":"","overlay-gradient":""}},"footnotes":""},"categories":[65,29],"tags":[],"class_list":["post-4918","post","type-post","status-publish","format-standard","has-post-thumbnail","hentry","category-crp","category-portada"],"post_mailing_queue_ids":[],"_links":{"self":[{"href":"https:\/\/serveiseducatius.xtec.cat\/selva1\/wp-json\/wp\/v2\/posts\/4918","targetHints":{"allow":["GET"]}}],"collection":[{"href":"https:\/\/serveiseducatius.xtec.cat\/selva1\/wp-json\/wp\/v2\/posts"}],"about":[{"href":"https:\/\/serveiseducatius.xtec.cat\/selva1\/wp-json\/wp\/v2\/types\/post"}],"author":[{"embeddable":true,"href":"https:\/\/serveiseducatius.xtec.cat\/selva1\/wp-json\/wp\/v2\/users\/1"}],"replies":[{"embeddable":true,"href":"https:\/\/serveiseducatius.xtec.cat\/selva1\/wp-json\/wp\/v2\/comments?post=4918"}],"version-history":[{"count":2,"href":"https:\/\/serveiseducatius.xtec.cat\/selva1\/wp-json\/wp\/v2\/posts\/4918\/revisions"}],"predecessor-version":[{"id":4921,"href":"https:\/\/serveiseducatius.xtec.cat\/selva1\/wp-json\/wp\/v2\/posts\/4918\/revisions\/4921"}],"wp:featuredmedia":[{"embeddable":true,"href":"https:\/\/serveiseducatius.xtec.cat\/selva1\/wp-json\/wp\/v2\/media\/4919"}],"wp:attachment":[{"href":"https:\/\/serveiseducatius.xtec.cat\/selva1\/wp-json\/wp\/v2\/media?parent=4918"}],"wp:term":[{"taxonomy":"category","embeddable":true,"href":"https:\/\/serveiseducatius.xtec.cat\/selva1\/wp-json\/wp\/v2\/categories?post=4918"},{"taxonomy":"post_tag","embeddable":true,"href":"https:\/\/serveiseducatius.xtec.cat\/selva1\/wp-json\/wp\/v2\/tags?post=4918"}],"curies":[{"name":"wp","href":"https:\/\/api.w.org\/{rel}","templated":true}]}}