{"id":4810,"date":"2022-03-24T12:36:09","date_gmt":"2022-03-24T11:36:09","guid":{"rendered":"https:\/\/serveiseducatius.xtec.cat\/selva1\/?p=4810"},"modified":"2022-03-24T12:36:09","modified_gmt":"2022-03-24T11:36:09","slug":"semifinalistes-certamen-de-lectura-en-veu-alta","status":"publish","type":"post","link":"https:\/\/serveiseducatius.xtec.cat\/selva1\/portada\/semifinalistes-certamen-de-lectura-en-veu-alta\/","title":{"rendered":"Semifinalistes Certamen de Lectura en Veu Alta"},"content":{"rendered":"<p><a href=\"https:\/\/serveiseducatius.xtec.cat\/selva1\/wp-content\/uploads\/usu773\/2022\/03\/Captura-7.jpg\"><img loading=\"lazy\" decoding=\"async\" class=\"alignnone size-medium wp-image-4811\" src=\"https:\/\/serveiseducatius.xtec.cat\/selva1\/wp-content\/uploads\/usu773\/2022\/03\/Captura-7-300x193.jpg\" alt=\"\" width=\"300\" height=\"193\" srcset=\"https:\/\/serveiseducatius.xtec.cat\/selva1\/wp-content\/uploads\/usu773\/2022\/03\/Captura-7-300x193.jpg 300w, https:\/\/serveiseducatius.xtec.cat\/selva1\/wp-content\/uploads\/usu773\/2022\/03\/Captura-7-1024x659.jpg 1024w, https:\/\/serveiseducatius.xtec.cat\/selva1\/wp-content\/uploads\/usu773\/2022\/03\/Captura-7-768x494.jpg 768w, https:\/\/serveiseducatius.xtec.cat\/selva1\/wp-content\/uploads\/usu773\/2022\/03\/Captura-7.jpg 1311w\" sizes=\"auto, (max-width: 300px) 100vw, 300px\" \/><\/a><\/p>\n<p>El passat 23 de mar\u00e7 es va reunir el jurat del <a href=\"https:\/\/sites.google.com\/view\/clva-20-21\/inici\" target=\"_blank\" rel=\"noopener\">XVIII\u00e8 Certamen de Lectura en Veu Alta<\/a> format per M Dolors Serra Rigau, Teresa Garcia Recasens i Anna Garriga Planas. Despr\u00e9s de visualitzar les lectures i de deliberar, van emetre el veredicte. Els guanyadors de cada categoria i que han passat a la seg\u00fcent fase han estat:<\/p>\n<ul>\n<li><strong>Categoria Grumets Vermells<\/strong> (cicle mitj\u00e0 de prim\u00e0ria): <strong>\u00c8lia Vila Sub\u00ed<\/strong>, del centre educatiu Sant Salvador d&#8217;Horta de Santa Coloma de Farners<\/li>\n<li><strong>Categoria Grumets Verds<\/strong> (cicle superior de prim\u00e0ria): <strong>Martina Alonso de Celada Valent\u00ed<\/strong>, del centre educatiu Pompeu Fabra d&#8217;Angl\u00e8s<\/li>\n<li><strong>Categoria Timoners<\/strong> (alumnat nouvingut de cicle superior de prim\u00e0ria i 1r-2n ESO): <strong>Navpreet Singh Kaur<\/strong>, del centre educatiu Sant Salvador d&#8217;Horta de Santa Coloma de Farners<\/li>\n<li><strong>Categoria Corsaris<\/strong> (1r i 2n ESO): <strong>Carla Moragas Vidal<\/strong>, del centre educatiu INS Anton Busquets i Punset de Sant Hilari Sacalm<\/li>\n<li><strong>Categoria Tropa de Corsaris<\/strong> (3r i 4t ESO): <strong>Ikram Boudarja, Diana Hranovskyy i Abril Ramon<\/strong>, del centre educatiu INS Anton Busquets i Punset de Sant Hilari Sacalm<\/li>\n<\/ul>\n<p>MOLTES FELICITATS I BONES LECTURES!<\/p>\n<p>Aquests alumnes han passat a la\u00a0<strong>final territorial de Girona<\/strong>, que tindr\u00e0 lloc durant el\u00a0<strong>divendres 29 d\u2019abril<\/strong>\u00a0al teatre La Sitja de\u00a0<strong>Fornells de la Selva<\/strong>. Des de l\u2019organitzaci\u00f3 es posaran en contacte amb els centres vencedors.<\/p>\n<p>Podeu veure la presentaci\u00f3 que hem enviat als centres al seg\u00fcent <a href=\"https:\/\/docs.google.com\/presentation\/d\/e\/2PACX-1vT8KuAgnUdRJDZRkAOWL1yA4LS_S5FlE-9dMH_3cFGh73MtxpwPFrOWKQ6KdULktQ\/pub?start=false&amp;loop=false&amp;delayms=3000&amp;slide=id.p1\" target=\"_blank\" rel=\"noopener\"><strong>enlla\u00e7<\/strong><\/a>. Tots els participants rebran un diploma i un llibre com a obsequi. Moltes gr\u00e0cies per la vostra participaci\u00f3 i us esperem en l\u2019edici\u00f3 vinent!<\/p>\n","protected":false},"excerpt":{"rendered":"<p>El passat 23 de mar\u00e7 es va reunir el jurat del XVIII\u00e8 Certamen de Lectura en Veu Alta format per M Dolors Serra Rigau, Teresa Garcia Recasens i Anna Garriga Planas. Despr\u00e9s de visualitzar les lectures i de deliberar, van emetre el veredicte. Els guanyadors de cada categoria i que han passat a la seg\u00fcent [&hellip;]<\/p>\n","protected":false},"author":1,"featured_media":4811,"comment_status":"open","ping_status":"closed","sticky":false,"template":"","format":"standard","meta":{"_bbp_topic_count":0,"_bbp_reply_count":0,"_bbp_total_topic_count":0,"_bbp_total_reply_count":0,"_bbp_voice_count":0,"_bbp_anonymous_reply_count":0,"_bbp_topic_count_hidden":0,"_bbp_reply_count_hidden":0,"_bbp_forum_subforum_count":0,"site-sidebar-layout":"default","site-content-layout":"","ast-site-content-layout":"","site-content-style":"default","site-sidebar-style":"default","ast-global-header-display":"","ast-banner-title-visibility":"","ast-main-header-display":"","ast-hfb-above-header-display":"","ast-hfb-below-header-display":"","ast-hfb-mobile-header-display":"","site-post-title":"","ast-breadcrumbs-content":"","ast-featured-img":"","footer-sml-layout":"","theme-transparent-header-meta":"","adv-header-id-meta":"","stick-header-meta":"","header-above-stick-meta":"","header-main-stick-meta":"","header-below-stick-meta":"","astra-migrate-meta-layouts":"default","ast-page-background-enabled":"default","ast-page-background-meta":{"desktop":{"background-color":"var(--ast-global-color-4)","background-image":"","background-repeat":"repeat","background-position":"center center","background-size":"auto","background-attachment":"scroll","background-type":"","background-media":"","overlay-type":"","overlay-color":"","overlay-opacity":"","overlay-gradient":""},"tablet":{"background-color":"","background-image":"","background-repeat":"repeat","background-position":"center center","background-size":"auto","background-attachment":"scroll","background-type":"","background-media":"","overlay-type":"","overlay-color":"","overlay-opacity":"","overlay-gradient":""},"mobile":{"background-color":"","background-image":"","background-repeat":"repeat","background-position":"center center","background-size":"auto","background-attachment":"scroll","background-type":"","background-media":"","overlay-type":"","overlay-color":"","overlay-opacity":"","overlay-gradient":""}},"ast-content-background-meta":{"desktop":{"background-color":"var(--ast-global-color-5)","background-image":"","background-repeat":"repeat","background-position":"center center","background-size":"auto","background-attachment":"scroll","background-type":"","background-media":"","overlay-type":"","overlay-color":"","overlay-opacity":"","overlay-gradient":""},"tablet":{"background-color":"var(--ast-global-color-5)","background-image":"","background-repeat":"repeat","background-position":"center center","background-size":"auto","background-attachment":"scroll","background-type":"","background-media":"","overlay-type":"","overlay-color":"","overlay-opacity":"","overlay-gradient":""},"mobile":{"background-color":"var(--ast-global-color-5)","background-image":"","background-repeat":"repeat","background-position":"center center","background-size":"auto","background-attachment":"scroll","background-type":"","background-media":"","overlay-type":"","overlay-color":"","overlay-opacity":"","overlay-gradient":""}},"footnotes":""},"categories":[65,29],"tags":[],"class_list":["post-4810","post","type-post","status-publish","format-standard","has-post-thumbnail","hentry","category-crp","category-portada"],"post_mailing_queue_ids":[],"_links":{"self":[{"href":"https:\/\/serveiseducatius.xtec.cat\/selva1\/wp-json\/wp\/v2\/posts\/4810","targetHints":{"allow":["GET"]}}],"collection":[{"href":"https:\/\/serveiseducatius.xtec.cat\/selva1\/wp-json\/wp\/v2\/posts"}],"about":[{"href":"https:\/\/serveiseducatius.xtec.cat\/selva1\/wp-json\/wp\/v2\/types\/post"}],"author":[{"embeddable":true,"href":"https:\/\/serveiseducatius.xtec.cat\/selva1\/wp-json\/wp\/v2\/users\/1"}],"replies":[{"embeddable":true,"href":"https:\/\/serveiseducatius.xtec.cat\/selva1\/wp-json\/wp\/v2\/comments?post=4810"}],"version-history":[{"count":1,"href":"https:\/\/serveiseducatius.xtec.cat\/selva1\/wp-json\/wp\/v2\/posts\/4810\/revisions"}],"predecessor-version":[{"id":4812,"href":"https:\/\/serveiseducatius.xtec.cat\/selva1\/wp-json\/wp\/v2\/posts\/4810\/revisions\/4812"}],"wp:featuredmedia":[{"embeddable":true,"href":"https:\/\/serveiseducatius.xtec.cat\/selva1\/wp-json\/wp\/v2\/media\/4811"}],"wp:attachment":[{"href":"https:\/\/serveiseducatius.xtec.cat\/selva1\/wp-json\/wp\/v2\/media?parent=4810"}],"wp:term":[{"taxonomy":"category","embeddable":true,"href":"https:\/\/serveiseducatius.xtec.cat\/selva1\/wp-json\/wp\/v2\/categories?post=4810"},{"taxonomy":"post_tag","embeddable":true,"href":"https:\/\/serveiseducatius.xtec.cat\/selva1\/wp-json\/wp\/v2\/tags?post=4810"}],"curies":[{"name":"wp","href":"https:\/\/api.w.org\/{rel}","templated":true}]}}