{"id":4723,"date":"2022-03-12T18:54:24","date_gmt":"2022-03-12T17:54:24","guid":{"rendered":"https:\/\/serveiseducatius.xtec.cat\/selva1\/?p=4723"},"modified":"2022-03-12T18:57:52","modified_gmt":"2022-03-12T17:57:52","slug":"dos-alumnes-de-lins-montsoriu-guanyen-la-13a-olimpiada-de-geologia-de-catalunya","status":"publish","type":"post","link":"https:\/\/serveiseducatius.xtec.cat\/selva1\/portada\/dos-alumnes-de-lins-montsoriu-guanyen-la-13a-olimpiada-de-geologia-de-catalunya\/","title":{"rendered":"Dos alumnes de l\u2019INS Montsoriu guanyen la 13a Olimp\u00edada de Geologia de Catalunya"},"content":{"rendered":"<p><a href=\"https:\/\/serveiseducatius.xtec.cat\/selva1\/wp-content\/uploads\/usu773\/2022\/03\/Captura.png\"><img loading=\"lazy\" decoding=\"async\" class=\"alignnone size-full wp-image-4724\" src=\"https:\/\/serveiseducatius.xtec.cat\/selva1\/wp-content\/uploads\/usu773\/2022\/03\/Captura.png\" alt=\"\" width=\"258\" height=\"263\" \/><\/a><\/p>\n<h2 class=\"text-primary mb-2 text-black\">Arnau Gubern i Josep Puigdevall, classificats en segona i tercera posici\u00f3, respectivament<\/h2>\n<div class=\"space text-justify\">\n<p>Dos alumnes de l\u2019Institut Montsoriu d\u2019Arb\u00facies, Arnau Gubern i Josep Puigdevall van quedar segon i tercer classificat, respectivament, a la 13a Olimp\u00edada de Geologia de Catalunya, que es va celebrar el passat divendres 4 de mar\u00e7 a Girona. Els dos arbuciencs juntament amb el primer classificat de l\u2019INS Cass\u00e0 de la Selva representaran Girona a l\u2019Olimp\u00edada estatal que tindr\u00e0 lloc a Almeria el proper 26 de mar\u00e7.<\/p>\n<p><a href=\"https:\/\/arbucies.cat\/ca\/noticies\/educacio\/dos-alumnes-de-lins-montsoriu-guanyen-la-13a-olimpiada-de-geologia-de-catalunya-.html\" target=\"_blank\" rel=\"noopener\"><strong>M\u00e9s informaci\u00f3<\/strong><\/a><\/p>\n<p>Asociaci\u00f3n Espa\u00f1ola para la Ense\u00f1anza de las Ciencias de la Tierra &#8211; <a href=\"http:\/\/www.aepect.org\/13a-olimpiada-de-geologia-de-catalunya\/\" target=\"_blank\" rel=\"noopener\"><strong>13a Olimp\u00edada de Geologia de Catalunya<\/strong><\/a><\/p>\n<h2 class=\"span7 inside site-description\"><\/h2>\n<\/div>\n","protected":false},"excerpt":{"rendered":"<p>Arnau Gubern i Josep Puigdevall, classificats en segona i tercera posici\u00f3, respectivament Dos alumnes de l\u2019Institut Montsoriu d\u2019Arb\u00facies, Arnau Gubern i Josep Puigdevall van quedar segon i tercer classificat, respectivament, a la 13a Olimp\u00edada de Geologia de Catalunya, que es va celebrar el passat divendres 4 de mar\u00e7 a Girona. Els dos arbuciencs juntament amb [&hellip;]<\/p>\n","protected":false},"author":1,"featured_media":4724,"comment_status":"open","ping_status":"closed","sticky":false,"template":"","format":"standard","meta":{"_bbp_topic_count":0,"_bbp_reply_count":0,"_bbp_total_topic_count":0,"_bbp_total_reply_count":0,"_bbp_voice_count":0,"_bbp_anonymous_reply_count":0,"_bbp_topic_count_hidden":0,"_bbp_reply_count_hidden":0,"_bbp_forum_subforum_count":0,"site-sidebar-layout":"default","site-content-layout":"","ast-site-content-layout":"","site-content-style":"default","site-sidebar-style":"default","ast-global-header-display":"","ast-banner-title-visibility":"","ast-main-header-display":"","ast-hfb-above-header-display":"","ast-hfb-below-header-display":"","ast-hfb-mobile-header-display":"","site-post-title":"","ast-breadcrumbs-content":"","ast-featured-img":"","footer-sml-layout":"","theme-transparent-header-meta":"","adv-header-id-meta":"","stick-header-meta":"","header-above-stick-meta":"","header-main-stick-meta":"","header-below-stick-meta":"","astra-migrate-meta-layouts":"default","ast-page-background-enabled":"default","ast-page-background-meta":{"desktop":{"background-color":"var(--ast-global-color-4)","background-image":"","background-repeat":"repeat","background-position":"center center","background-size":"auto","background-attachment":"scroll","background-type":"","background-media":"","overlay-type":"","overlay-color":"","overlay-opacity":"","overlay-gradient":""},"tablet":{"background-color":"","background-image":"","background-repeat":"repeat","background-position":"center center","background-size":"auto","background-attachment":"scroll","background-type":"","background-media":"","overlay-type":"","overlay-color":"","overlay-opacity":"","overlay-gradient":""},"mobile":{"background-color":"","background-image":"","background-repeat":"repeat","background-position":"center center","background-size":"auto","background-attachment":"scroll","background-type":"","background-media":"","overlay-type":"","overlay-color":"","overlay-opacity":"","overlay-gradient":""}},"ast-content-background-meta":{"desktop":{"background-color":"var(--ast-global-color-5)","background-image":"","background-repeat":"repeat","background-position":"center center","background-size":"auto","background-attachment":"scroll","background-type":"","background-media":"","overlay-type":"","overlay-color":"","overlay-opacity":"","overlay-gradient":""},"tablet":{"background-color":"var(--ast-global-color-5)","background-image":"","background-repeat":"repeat","background-position":"center center","background-size":"auto","background-attachment":"scroll","background-type":"","background-media":"","overlay-type":"","overlay-color":"","overlay-opacity":"","overlay-gradient":""},"mobile":{"background-color":"var(--ast-global-color-5)","background-image":"","background-repeat":"repeat","background-position":"center center","background-size":"auto","background-attachment":"scroll","background-type":"","background-media":"","overlay-type":"","overlay-color":"","overlay-opacity":"","overlay-gradient":""}},"footnotes":""},"categories":[65,29],"tags":[],"class_list":["post-4723","post","type-post","status-publish","format-standard","has-post-thumbnail","hentry","category-crp","category-portada"],"post_mailing_queue_ids":[],"_links":{"self":[{"href":"https:\/\/serveiseducatius.xtec.cat\/selva1\/wp-json\/wp\/v2\/posts\/4723","targetHints":{"allow":["GET"]}}],"collection":[{"href":"https:\/\/serveiseducatius.xtec.cat\/selva1\/wp-json\/wp\/v2\/posts"}],"about":[{"href":"https:\/\/serveiseducatius.xtec.cat\/selva1\/wp-json\/wp\/v2\/types\/post"}],"author":[{"embeddable":true,"href":"https:\/\/serveiseducatius.xtec.cat\/selva1\/wp-json\/wp\/v2\/users\/1"}],"replies":[{"embeddable":true,"href":"https:\/\/serveiseducatius.xtec.cat\/selva1\/wp-json\/wp\/v2\/comments?post=4723"}],"version-history":[{"count":2,"href":"https:\/\/serveiseducatius.xtec.cat\/selva1\/wp-json\/wp\/v2\/posts\/4723\/revisions"}],"predecessor-version":[{"id":4726,"href":"https:\/\/serveiseducatius.xtec.cat\/selva1\/wp-json\/wp\/v2\/posts\/4723\/revisions\/4726"}],"wp:featuredmedia":[{"embeddable":true,"href":"https:\/\/serveiseducatius.xtec.cat\/selva1\/wp-json\/wp\/v2\/media\/4724"}],"wp:attachment":[{"href":"https:\/\/serveiseducatius.xtec.cat\/selva1\/wp-json\/wp\/v2\/media?parent=4723"}],"wp:term":[{"taxonomy":"category","embeddable":true,"href":"https:\/\/serveiseducatius.xtec.cat\/selva1\/wp-json\/wp\/v2\/categories?post=4723"},{"taxonomy":"post_tag","embeddable":true,"href":"https:\/\/serveiseducatius.xtec.cat\/selva1\/wp-json\/wp\/v2\/tags?post=4723"}],"curies":[{"name":"wp","href":"https:\/\/api.w.org\/{rel}","templated":true}]}}