{"id":4662,"date":"2022-03-02T16:38:21","date_gmt":"2022-03-02T15:38:21","guid":{"rendered":"https:\/\/serveiseducatius.xtec.cat\/selva1\/?p=4662"},"modified":"2022-03-02T16:38:29","modified_gmt":"2022-03-02T15:38:29","slug":"voleu-portar-la-poesia-dibuixada-a-les-vostres-aules","status":"publish","type":"post","link":"https:\/\/serveiseducatius.xtec.cat\/selva1\/biblionoticies\/voleu-portar-la-poesia-dibuixada-a-les-vostres-aules\/","title":{"rendered":"Voleu portar la Poesia Dibuixada a les vostres aules?"},"content":{"rendered":"<p><a href=\"https:\/\/serveiseducatius.xtec.cat\/selva1\/wp-content\/uploads\/usu773\/2022\/03\/Captura.jpg\"><img loading=\"lazy\" decoding=\"async\" class=\"alignnone size-medium wp-image-4663\" src=\"https:\/\/serveiseducatius.xtec.cat\/selva1\/wp-content\/uploads\/usu773\/2022\/03\/Captura-300x211.jpg\" alt=\"\" width=\"300\" height=\"211\" srcset=\"https:\/\/serveiseducatius.xtec.cat\/selva1\/wp-content\/uploads\/usu773\/2022\/03\/Captura-300x211.jpg 300w, https:\/\/serveiseducatius.xtec.cat\/selva1\/wp-content\/uploads\/usu773\/2022\/03\/Captura.jpg 691w\" sizes=\"auto, (max-width: 300px) 100vw, 300px\" \/><\/a><\/p>\n<p><strong><a href=\"https:\/\/lletra.uoc.edu\/ca\/tema\/poesia-dibuixada\" target=\"_blank\" rel=\"noreferrer noopener\">Poesia dibuixada<\/a><\/strong>\u00a0a les aules \u00e9s un\u00a0<strong>projecte d\u2019innovaci\u00f3\u00a0<\/strong>que d\u00f3na suport a docents que vulguin materialitzar l\u2019\u00fas de la Poesia dibuixada a les seves aules. \u00c9s un projecte adequat per\u00a0<strong>totes les etapes educatives,\u00a0<\/strong>sobretot per prim\u00e0ria, secund\u00e0ria i batxillerat.<\/p>\n<p>La participaci\u00f3 en el projecte\u00a0<strong>no t\u00e9 cap cost<\/strong>\u00a0i els docents participants rebran una\u00a0<strong>certificaci\u00f3 d\u2019innovaci\u00f3 docent.<\/strong>\u00a0Els docents interessats a participar d\u2019aquest projecte, cal que omplin el<strong>\u00a0<a href=\"https:\/\/forms.gle\/CRo4nUpk1ik2LDv76\" target=\"_blank\" rel=\"noreferrer noopener\">formulari<\/a><\/strong>.<\/p>\n<p><a href=\"https:\/\/natibergada.cat\/poesia-dibuixada\/?utm_campaign=poesia-dibuixada&amp;utm_medium=email&amp;utm_source=acumbamail\" target=\"_blank\" rel=\"noopener\">M\u00e9s informaci\u00f3<\/a><\/p>\n","protected":false},"excerpt":{"rendered":"<p>Poesia dibuixada\u00a0a les aules \u00e9s un\u00a0projecte d\u2019innovaci\u00f3\u00a0que d\u00f3na suport a docents que vulguin materialitzar l\u2019\u00fas de la Poesia dibuixada a les seves aules. \u00c9s un projecte adequat per\u00a0totes les etapes educatives,\u00a0sobretot per prim\u00e0ria, secund\u00e0ria i batxillerat. La participaci\u00f3 en el projecte\u00a0no t\u00e9 cap cost\u00a0i els docents participants rebran una\u00a0certificaci\u00f3 d\u2019innovaci\u00f3 docent.\u00a0Els docents interessats a participar [&hellip;]<\/p>\n","protected":false},"author":1,"featured_media":4663,"comment_status":"open","ping_status":"closed","sticky":false,"template":"","format":"standard","meta":{"_bbp_topic_count":0,"_bbp_reply_count":0,"_bbp_total_topic_count":0,"_bbp_total_reply_count":0,"_bbp_voice_count":0,"_bbp_anonymous_reply_count":0,"_bbp_topic_count_hidden":0,"_bbp_reply_count_hidden":0,"_bbp_forum_subforum_count":0,"site-sidebar-layout":"default","site-content-layout":"","ast-site-content-layout":"","site-content-style":"default","site-sidebar-style":"default","ast-global-header-display":"","ast-banner-title-visibility":"","ast-main-header-display":"","ast-hfb-above-header-display":"","ast-hfb-below-header-display":"","ast-hfb-mobile-header-display":"","site-post-title":"","ast-breadcrumbs-content":"","ast-featured-img":"","footer-sml-layout":"","theme-transparent-header-meta":"","adv-header-id-meta":"","stick-header-meta":"","header-above-stick-meta":"","header-main-stick-meta":"","header-below-stick-meta":"","astra-migrate-meta-layouts":"default","ast-page-background-enabled":"default","ast-page-background-meta":{"desktop":{"background-color":"var(--ast-global-color-4)","background-image":"","background-repeat":"repeat","background-position":"center center","background-size":"auto","background-attachment":"scroll","background-type":"","background-media":"","overlay-type":"","overlay-color":"","overlay-opacity":"","overlay-gradient":""},"tablet":{"background-color":"","background-image":"","background-repeat":"repeat","background-position":"center center","background-size":"auto","background-attachment":"scroll","background-type":"","background-media":"","overlay-type":"","overlay-color":"","overlay-opacity":"","overlay-gradient":""},"mobile":{"background-color":"","background-image":"","background-repeat":"repeat","background-position":"center center","background-size":"auto","background-attachment":"scroll","background-type":"","background-media":"","overlay-type":"","overlay-color":"","overlay-opacity":"","overlay-gradient":""}},"ast-content-background-meta":{"desktop":{"background-color":"var(--ast-global-color-5)","background-image":"","background-repeat":"repeat","background-position":"center center","background-size":"auto","background-attachment":"scroll","background-type":"","background-media":"","overlay-type":"","overlay-color":"","overlay-opacity":"","overlay-gradient":""},"tablet":{"background-color":"var(--ast-global-color-5)","background-image":"","background-repeat":"repeat","background-position":"center center","background-size":"auto","background-attachment":"scroll","background-type":"","background-media":"","overlay-type":"","overlay-color":"","overlay-opacity":"","overlay-gradient":""},"mobile":{"background-color":"var(--ast-global-color-5)","background-image":"","background-repeat":"repeat","background-position":"center center","background-size":"auto","background-attachment":"scroll","background-type":"","background-media":"","overlay-type":"","overlay-color":"","overlay-opacity":"","overlay-gradient":""}},"footnotes":""},"categories":[76],"tags":[],"class_list":["post-4662","post","type-post","status-publish","format-standard","has-post-thumbnail","hentry","category-biblionoticies"],"post_mailing_queue_ids":[],"_links":{"self":[{"href":"https:\/\/serveiseducatius.xtec.cat\/selva1\/wp-json\/wp\/v2\/posts\/4662","targetHints":{"allow":["GET"]}}],"collection":[{"href":"https:\/\/serveiseducatius.xtec.cat\/selva1\/wp-json\/wp\/v2\/posts"}],"about":[{"href":"https:\/\/serveiseducatius.xtec.cat\/selva1\/wp-json\/wp\/v2\/types\/post"}],"author":[{"embeddable":true,"href":"https:\/\/serveiseducatius.xtec.cat\/selva1\/wp-json\/wp\/v2\/users\/1"}],"replies":[{"embeddable":true,"href":"https:\/\/serveiseducatius.xtec.cat\/selva1\/wp-json\/wp\/v2\/comments?post=4662"}],"version-history":[{"count":1,"href":"https:\/\/serveiseducatius.xtec.cat\/selva1\/wp-json\/wp\/v2\/posts\/4662\/revisions"}],"predecessor-version":[{"id":4664,"href":"https:\/\/serveiseducatius.xtec.cat\/selva1\/wp-json\/wp\/v2\/posts\/4662\/revisions\/4664"}],"wp:featuredmedia":[{"embeddable":true,"href":"https:\/\/serveiseducatius.xtec.cat\/selva1\/wp-json\/wp\/v2\/media\/4663"}],"wp:attachment":[{"href":"https:\/\/serveiseducatius.xtec.cat\/selva1\/wp-json\/wp\/v2\/media?parent=4662"}],"wp:term":[{"taxonomy":"category","embeddable":true,"href":"https:\/\/serveiseducatius.xtec.cat\/selva1\/wp-json\/wp\/v2\/categories?post=4662"},{"taxonomy":"post_tag","embeddable":true,"href":"https:\/\/serveiseducatius.xtec.cat\/selva1\/wp-json\/wp\/v2\/tags?post=4662"}],"curies":[{"name":"wp","href":"https:\/\/api.w.org\/{rel}","templated":true}]}}