{"id":4643,"date":"2022-02-21T16:12:39","date_gmt":"2022-02-21T15:12:39","guid":{"rendered":"https:\/\/serveiseducatius.xtec.cat\/selva1\/?p=4643"},"modified":"2022-03-07T09:18:15","modified_gmt":"2022-03-07T08:18:15","slug":"salo-de-lensenyament-del-16-al-20-de-marc","status":"publish","type":"post","link":"https:\/\/serveiseducatius.xtec.cat\/selva1\/portada\/salo-de-lensenyament-del-16-al-20-de-marc\/","title":{"rendered":"Sal\u00f3 de l&#8217;Ensenyament, del 16 al 20 de mar\u00e7"},"content":{"rendered":"<p><span dir=\"ltr\"><a href=\"https:\/\/serveiseducatius.xtec.cat\/selva1\/wp-content\/uploads\/usu773\/2022\/02\/Sal\u00b4ensenyament.png\"><img loading=\"lazy\" decoding=\"async\" class=\"size-full wp-image-4644 alignleft\" src=\"https:\/\/serveiseducatius.xtec.cat\/selva1\/wp-content\/uploads\/usu773\/2022\/02\/Sal\u00b4ensenyament.png\" alt=\"\" width=\"215\" height=\"190\" \/><\/a>Si ets docent , ja pots reservar la teva entrada al Sal\u00f3 de l&#8217;Ensenyament. Fins a l&#8217;11 de mar\u00e7, ja et pots inscriure com a docents per accedir, de forma gratu\u00efta, al Sal\u00f3 de l\u2019Ensenyament 2022. La validaci\u00f3 de l\u2019acreditaci\u00f3 pot trigar uns dies i, per tant, us recomanem que feu la gesti\u00f3 al m\u00e9s aviat possible. <\/span><span style=\"font-family: inherit; font-size: 1em;\">El Sal\u00f3 se celebra del 16 al 20 de mar\u00e7, al recinte firal de Montju\u00efc. <\/span><\/p>\n<p><span style=\"font-family: inherit; font-size: 1em;\">Trobareu tota la informaci\u00f3 a <\/span><a style=\"font-family: inherit; font-size: 1em;\" title=\"Ves a la p\u00e0gina\" href=\"https:\/\/educacio.gencat.cat\/ca\/salo-ensenyament\/\" target=\"_blank\" rel=\"noopener\"><strong>Sal\u00f3 de l&#8217;Enseny\u200bament 2022<\/strong> <\/a><span style=\"font-family: inherit; font-size: 1em; font-weight: normal;\">La trobada agrupa diverses iniciatives adre\u00e7ades a estudiants, fam\u00edlies i professionals del m\u00f3n de l&#8217;educaci\u00f3, i t\u00e9 com a objectiu principal presentar totes les novetats curriculars del curs 2022-2023. <\/span><span style=\"font-family: inherit; font-size: 1em;\">Si vols con\u00e8ixer tota l&#8217;oferta d&#8217;estudis, estem treballant per oferir-te tota la informaci\u00f3 actualitzada i la que m\u00e9s s&#8217;ajusta als teus interessos.<\/span><\/p>\n<div class=\"basic_text_peq pd-15 pd-30 link-dotted\">\n<p>Si ets estudiant, no dubtis a visitar-nos. T&#8217;acompanyem en la teva tria posant al teu abast els recursos i les dades que necessites per prendre la millor decisi\u00f3. Imagina el teu futur professional i deixa&#8217;t assessorar per arribar-hi. Els tutors tampoc no hi podeu faltar! Els Sal\u00f3 us ofereix tots els recursos necessaris perqu\u00e8 pugueu treballar les activitats d&#8217;orientaci\u00f3 a l&#8217;aula abans de visitar-nos amb els alumnes. El Sal\u00f3 d&#8217;Ensenyament espera la teva assist\u00e8ncia!<\/p>\n<\/div>\n","protected":false},"excerpt":{"rendered":"<p>Si ets docent , ja pots reservar la teva entrada al Sal\u00f3 de l&#8217;Ensenyament. Fins a l&#8217;11 de mar\u00e7, ja et pots inscriure com a docents per accedir, de forma gratu\u00efta, al Sal\u00f3 de l\u2019Ensenyament 2022. La validaci\u00f3 de l\u2019acreditaci\u00f3 pot trigar uns dies i, per tant, us recomanem que feu la gesti\u00f3 al m\u00e9s [&hellip;]<\/p>\n","protected":false},"author":1,"featured_media":4644,"comment_status":"open","ping_status":"closed","sticky":false,"template":"","format":"standard","meta":{"_bbp_topic_count":0,"_bbp_reply_count":0,"_bbp_total_topic_count":0,"_bbp_total_reply_count":0,"_bbp_voice_count":0,"_bbp_anonymous_reply_count":0,"_bbp_topic_count_hidden":0,"_bbp_reply_count_hidden":0,"_bbp_forum_subforum_count":0,"site-sidebar-layout":"default","site-content-layout":"","ast-site-content-layout":"","site-content-style":"default","site-sidebar-style":"default","ast-global-header-display":"","ast-banner-title-visibility":"","ast-main-header-display":"","ast-hfb-above-header-display":"","ast-hfb-below-header-display":"","ast-hfb-mobile-header-display":"","site-post-title":"","ast-breadcrumbs-content":"","ast-featured-img":"","footer-sml-layout":"","theme-transparent-header-meta":"","adv-header-id-meta":"","stick-header-meta":"","header-above-stick-meta":"","header-main-stick-meta":"","header-below-stick-meta":"","astra-migrate-meta-layouts":"default","ast-page-background-enabled":"default","ast-page-background-meta":{"desktop":{"background-color":"var(--ast-global-color-4)","background-image":"","background-repeat":"repeat","background-position":"center center","background-size":"auto","background-attachment":"scroll","background-type":"","background-media":"","overlay-type":"","overlay-color":"","overlay-opacity":"","overlay-gradient":""},"tablet":{"background-color":"","background-image":"","background-repeat":"repeat","background-position":"center center","background-size":"auto","background-attachment":"scroll","background-type":"","background-media":"","overlay-type":"","overlay-color":"","overlay-opacity":"","overlay-gradient":""},"mobile":{"background-color":"","background-image":"","background-repeat":"repeat","background-position":"center center","background-size":"auto","background-attachment":"scroll","background-type":"","background-media":"","overlay-type":"","overlay-color":"","overlay-opacity":"","overlay-gradient":""}},"ast-content-background-meta":{"desktop":{"background-color":"var(--ast-global-color-5)","background-image":"","background-repeat":"repeat","background-position":"center center","background-size":"auto","background-attachment":"scroll","background-type":"","background-media":"","overlay-type":"","overlay-color":"","overlay-opacity":"","overlay-gradient":""},"tablet":{"background-color":"var(--ast-global-color-5)","background-image":"","background-repeat":"repeat","background-position":"center center","background-size":"auto","background-attachment":"scroll","background-type":"","background-media":"","overlay-type":"","overlay-color":"","overlay-opacity":"","overlay-gradient":""},"mobile":{"background-color":"var(--ast-global-color-5)","background-image":"","background-repeat":"repeat","background-position":"center center","background-size":"auto","background-attachment":"scroll","background-type":"","background-media":"","overlay-type":"","overlay-color":"","overlay-opacity":"","overlay-gradient":""}},"footnotes":""},"categories":[65,29],"tags":[],"class_list":["post-4643","post","type-post","status-publish","format-standard","has-post-thumbnail","hentry","category-crp","category-portada"],"post_mailing_queue_ids":[],"_links":{"self":[{"href":"https:\/\/serveiseducatius.xtec.cat\/selva1\/wp-json\/wp\/v2\/posts\/4643","targetHints":{"allow":["GET"]}}],"collection":[{"href":"https:\/\/serveiseducatius.xtec.cat\/selva1\/wp-json\/wp\/v2\/posts"}],"about":[{"href":"https:\/\/serveiseducatius.xtec.cat\/selva1\/wp-json\/wp\/v2\/types\/post"}],"author":[{"embeddable":true,"href":"https:\/\/serveiseducatius.xtec.cat\/selva1\/wp-json\/wp\/v2\/users\/1"}],"replies":[{"embeddable":true,"href":"https:\/\/serveiseducatius.xtec.cat\/selva1\/wp-json\/wp\/v2\/comments?post=4643"}],"version-history":[{"count":2,"href":"https:\/\/serveiseducatius.xtec.cat\/selva1\/wp-json\/wp\/v2\/posts\/4643\/revisions"}],"predecessor-version":[{"id":4689,"href":"https:\/\/serveiseducatius.xtec.cat\/selva1\/wp-json\/wp\/v2\/posts\/4643\/revisions\/4689"}],"wp:featuredmedia":[{"embeddable":true,"href":"https:\/\/serveiseducatius.xtec.cat\/selva1\/wp-json\/wp\/v2\/media\/4644"}],"wp:attachment":[{"href":"https:\/\/serveiseducatius.xtec.cat\/selva1\/wp-json\/wp\/v2\/media?parent=4643"}],"wp:term":[{"taxonomy":"category","embeddable":true,"href":"https:\/\/serveiseducatius.xtec.cat\/selva1\/wp-json\/wp\/v2\/categories?post=4643"},{"taxonomy":"post_tag","embeddable":true,"href":"https:\/\/serveiseducatius.xtec.cat\/selva1\/wp-json\/wp\/v2\/tags?post=4643"}],"curies":[{"name":"wp","href":"https:\/\/api.w.org\/{rel}","templated":true}]}}