{"id":3724,"date":"2021-10-01T12:30:22","date_gmt":"2021-10-01T10:30:22","guid":{"rendered":"https:\/\/serveiseducatius.xtec.cat\/selva1\/?p=3724"},"modified":"2021-10-01T12:30:53","modified_gmt":"2021-10-01T10:30:53","slug":"xii-jornades-sobre-recerca-al-parc-nacional-daiguestortes-i-estany-de-sant-maurici","status":"publish","type":"post","link":"https:\/\/serveiseducatius.xtec.cat\/selva1\/portada\/xii-jornades-sobre-recerca-al-parc-nacional-daiguestortes-i-estany-de-sant-maurici\/","title":{"rendered":"XII Jornades sobre recerca al Parc Nacional d&#8217;Aig\u00fcestortes i Estany de Sant Maurici"},"content":{"rendered":"<p>&nbsp;<\/p>\n<p style=\"font-weight: 400;\"><a href=\"https:\/\/serveiseducatius.xtec.cat\/selva1\/wp-content\/uploads\/usu773\/2021\/10\/Aiguestortes.png\"><img loading=\"lazy\" decoding=\"async\" class=\"alignnone size-medium wp-image-3725\" src=\"https:\/\/serveiseducatius.xtec.cat\/selva1\/wp-content\/uploads\/usu773\/2021\/10\/Aiguestortes-300x145.png\" alt=\"\" width=\"300\" height=\"145\" srcset=\"https:\/\/serveiseducatius.xtec.cat\/selva1\/wp-content\/uploads\/usu773\/2021\/10\/Aiguestortes-300x145.png 300w, https:\/\/serveiseducatius.xtec.cat\/selva1\/wp-content\/uploads\/usu773\/2021\/10\/Aiguestortes.png 344w\" sizes=\"auto, (max-width: 300px) 100vw, 300px\" \/><\/a><\/p>\n<p style=\"font-weight: 400;\">En un context desigual al de la darrera edici\u00f3, presentem les\u00a0<strong>XII Jornades sobre recerca al Parc Nacional d\u2019Aig\u00fcestortes i Estany de Sant Maurici<\/strong>. Un format diferent per a un \u00e8poca diferent on la recerca cient\u00edfica no s\u2019ha aturat i s\u2019ha mostrat m\u00e9s necess\u00e0ria i \u00fatil que mai.<\/p>\n<p style=\"font-weight: 400;\">Per a potenciar la interacci\u00f3 entre els diferents equips de recerca s\u2019ha optat per fer dues sortides de camp amb una tria de presentacions multidisciplin\u00e0ries in situ de manera que es facin explicacions m\u00e9s immersives a la vegada que m\u00e9s disteses. Per primer cop, les Jornades de Recerca es podran seguir en directe pel\u00a0<a href=\"https:\/\/www.youtube.com\/channel\/UC_kiDMegUC4auEhP8a-vSEQ\" data-saferedirecturl=\"https:\/\/www.google.com\/url?q=https:\/\/www.youtube.com\/channel\/UC_kiDMegUC4auEhP8a-vSEQ&amp;source=gmail&amp;ust=1633169248330000&amp;usg=AFQjCNEmdR30w5YmSvLVgjCo4QU2XgpTjg\">canal de\u00a0<em>Youtube<\/em>\u00a0del Parc Nacional<\/a>.<\/p>\n<p style=\"font-weight: 400;\">En aquesta 12a edici\u00f3 es presenten un seguit de pon\u00e8ncies sobre l\u2019element m\u00e9s present al Parc: l\u2019aigua, sense oblidar la seva vegetaci\u00f3 ni la seva fauna. Finalment, la recerca human\u00edstica tamb\u00e9 far\u00e0 acte de pres\u00e8ncia tant a les presentacions com a les sortides de camp.<\/p>\n<p style=\"font-weight: 400;\">En el seg\u00fcent enlla\u00e7 podreu trobar els enlla\u00e7os d\u2019inscripci\u00f3:\u00a0<a href=\"https:\/\/eur03.safelinks.protection.outlook.com\/?url=http%3A%2F%2Fparcsnaturals.gencat.cat%2Fca%2Fdetalls%2FActivitat_Agenda%2F20211013_XII_Jornades&amp;data=04%7C01%7Cpnaiguestortes%40gencat.cat%7C7b7be0c71de64e5ed2d508d98316ff61%7C3b9427dcd30e43bc8c06ff7253676fec%7C1%7C0%7C637684957074708422%7CUnknown%7CTWFpbGZsb3d8eyJWIjoiMC4wLjAwMDAiLCJQIjoiV2luMzIiLCJBTiI6Ik1haWwiLCJXVCI6Mn0%3D%7C1000&amp;sdata=QiPNlHEQ42RvIChMdMDmIDV6W07mQrMezOB6FNzUmxk%3D&amp;reserved=0\" data-saferedirecturl=\"https:\/\/www.google.com\/url?q=https:\/\/eur03.safelinks.protection.outlook.com\/?url%3Dhttp%253A%252F%252Fparcsnaturals.gencat.cat%252Fca%252Fdetalls%252FActivitat_Agenda%252F20211013_XII_Jornades%26data%3D04%257C01%257Cpnaiguestortes%2540gencat.cat%257C7b7be0c71de64e5ed2d508d98316ff61%257C3b9427dcd30e43bc8c06ff7253676fec%257C1%257C0%257C637684957074708422%257CUnknown%257CTWFpbGZsb3d8eyJWIjoiMC4wLjAwMDAiLCJQIjoiV2luMzIiLCJBTiI6Ik1haWwiLCJXVCI6Mn0%253D%257C1000%26sdata%3DQiPNlHEQ42RvIChMdMDmIDV6W07mQrMezOB6FNzUmxk%253D%26reserved%3D0&amp;source=gmail&amp;ust=1633169248330000&amp;usg=AFQjCNFhYtOTNgKPG1km9GhDAcooflk9dg\">http:\/\/parcsnaturals.gencat.cat\/ca\/detalls\/Activitat_Agenda\/20211013_XII_Jornades<\/a><\/p>\n<p style=\"font-weight: 400;\">\n","protected":false},"excerpt":{"rendered":"<p>&nbsp; En un context desigual al de la darrera edici\u00f3, presentem les\u00a0XII Jornades sobre recerca al Parc Nacional d\u2019Aig\u00fcestortes i Estany de Sant Maurici. Un format diferent per a un \u00e8poca diferent on la recerca cient\u00edfica no s\u2019ha aturat i s\u2019ha mostrat m\u00e9s necess\u00e0ria i \u00fatil que mai. Per a potenciar la interacci\u00f3 entre els [&hellip;]<\/p>\n","protected":false},"author":1,"featured_media":3725,"comment_status":"open","ping_status":"closed","sticky":false,"template":"","format":"standard","meta":{"_bbp_topic_count":0,"_bbp_reply_count":0,"_bbp_total_topic_count":0,"_bbp_total_reply_count":0,"_bbp_voice_count":0,"_bbp_anonymous_reply_count":0,"_bbp_topic_count_hidden":0,"_bbp_reply_count_hidden":0,"_bbp_forum_subforum_count":0,"site-sidebar-layout":"default","site-content-layout":"","ast-site-content-layout":"","site-content-style":"default","site-sidebar-style":"default","ast-global-header-display":"","ast-banner-title-visibility":"","ast-main-header-display":"","ast-hfb-above-header-display":"","ast-hfb-below-header-display":"","ast-hfb-mobile-header-display":"","site-post-title":"","ast-breadcrumbs-content":"","ast-featured-img":"","footer-sml-layout":"","theme-transparent-header-meta":"","adv-header-id-meta":"","stick-header-meta":"","header-above-stick-meta":"","header-main-stick-meta":"","header-below-stick-meta":"","astra-migrate-meta-layouts":"default","ast-page-background-enabled":"default","ast-page-background-meta":{"desktop":{"background-color":"var(--ast-global-color-4)","background-image":"","background-repeat":"repeat","background-position":"center center","background-size":"auto","background-attachment":"scroll","background-type":"","background-media":"","overlay-type":"","overlay-color":"","overlay-opacity":"","overlay-gradient":""},"tablet":{"background-color":"","background-image":"","background-repeat":"repeat","background-position":"center center","background-size":"auto","background-attachment":"scroll","background-type":"","background-media":"","overlay-type":"","overlay-color":"","overlay-opacity":"","overlay-gradient":""},"mobile":{"background-color":"","background-image":"","background-repeat":"repeat","background-position":"center center","background-size":"auto","background-attachment":"scroll","background-type":"","background-media":"","overlay-type":"","overlay-color":"","overlay-opacity":"","overlay-gradient":""}},"ast-content-background-meta":{"desktop":{"background-color":"var(--ast-global-color-5)","background-image":"","background-repeat":"repeat","background-position":"center center","background-size":"auto","background-attachment":"scroll","background-type":"","background-media":"","overlay-type":"","overlay-color":"","overlay-opacity":"","overlay-gradient":""},"tablet":{"background-color":"var(--ast-global-color-5)","background-image":"","background-repeat":"repeat","background-position":"center center","background-size":"auto","background-attachment":"scroll","background-type":"","background-media":"","overlay-type":"","overlay-color":"","overlay-opacity":"","overlay-gradient":""},"mobile":{"background-color":"var(--ast-global-color-5)","background-image":"","background-repeat":"repeat","background-position":"center center","background-size":"auto","background-attachment":"scroll","background-type":"","background-media":"","overlay-type":"","overlay-color":"","overlay-opacity":"","overlay-gradient":""}},"footnotes":""},"categories":[65,29],"tags":[],"class_list":["post-3724","post","type-post","status-publish","format-standard","has-post-thumbnail","hentry","category-crp","category-portada"],"post_mailing_queue_ids":[],"_links":{"self":[{"href":"https:\/\/serveiseducatius.xtec.cat\/selva1\/wp-json\/wp\/v2\/posts\/3724","targetHints":{"allow":["GET"]}}],"collection":[{"href":"https:\/\/serveiseducatius.xtec.cat\/selva1\/wp-json\/wp\/v2\/posts"}],"about":[{"href":"https:\/\/serveiseducatius.xtec.cat\/selva1\/wp-json\/wp\/v2\/types\/post"}],"author":[{"embeddable":true,"href":"https:\/\/serveiseducatius.xtec.cat\/selva1\/wp-json\/wp\/v2\/users\/1"}],"replies":[{"embeddable":true,"href":"https:\/\/serveiseducatius.xtec.cat\/selva1\/wp-json\/wp\/v2\/comments?post=3724"}],"version-history":[{"count":1,"href":"https:\/\/serveiseducatius.xtec.cat\/selva1\/wp-json\/wp\/v2\/posts\/3724\/revisions"}],"predecessor-version":[{"id":3726,"href":"https:\/\/serveiseducatius.xtec.cat\/selva1\/wp-json\/wp\/v2\/posts\/3724\/revisions\/3726"}],"wp:featuredmedia":[{"embeddable":true,"href":"https:\/\/serveiseducatius.xtec.cat\/selva1\/wp-json\/wp\/v2\/media\/3725"}],"wp:attachment":[{"href":"https:\/\/serveiseducatius.xtec.cat\/selva1\/wp-json\/wp\/v2\/media?parent=3724"}],"wp:term":[{"taxonomy":"category","embeddable":true,"href":"https:\/\/serveiseducatius.xtec.cat\/selva1\/wp-json\/wp\/v2\/categories?post=3724"},{"taxonomy":"post_tag","embeddable":true,"href":"https:\/\/serveiseducatius.xtec.cat\/selva1\/wp-json\/wp\/v2\/tags?post=3724"}],"curies":[{"name":"wp","href":"https:\/\/api.w.org\/{rel}","templated":true}]}}