{"id":2352,"date":"2021-02-17T13:24:00","date_gmt":"2021-02-17T12:24:00","guid":{"rendered":"http:\/\/serveiseducatius.xtec.cat\/selva1\/?p=2352"},"modified":"2021-02-17T13:24:00","modified_gmt":"2021-02-17T12:24:00","slug":"conferencia-telematica-fins-lultim-ale","status":"publish","type":"post","link":"https:\/\/serveiseducatius.xtec.cat\/selva1\/portada\/conferencia-telematica-fins-lultim-ale\/","title":{"rendered":"Confer\u00e8ncia telem\u00e0tica Fins l\u2019\u00faltim al\u00e8"},"content":{"rendered":"<p dir=\"ltr\"><a href=\"https:\/\/serveiseducatius.xtec.cat\/selva1\/wp-content\/uploads\/usu773\/2021\/02\/Captura-3.png\"><img loading=\"lazy\" decoding=\"async\" class=\"alignnone size-medium wp-image-2353\" src=\"https:\/\/serveiseducatius.xtec.cat\/selva1\/wp-content\/uploads\/usu773\/2021\/02\/Captura-3-229x300.png\" alt=\"\" width=\"229\" height=\"300\" srcset=\"https:\/\/serveiseducatius.xtec.cat\/selva1\/wp-content\/uploads\/usu773\/2021\/02\/Captura-3-229x300.png 229w, https:\/\/serveiseducatius.xtec.cat\/selva1\/wp-content\/uploads\/usu773\/2021\/02\/Captura-3.png 244w\" sizes=\"auto, (max-width: 229px) 100vw, 229px\" \/><\/a><\/p>\n<p dir=\"ltr\">Els companys del SE de l\u2019Alt Empord\u00e0 ens conviden a la confer\u00e8ncia telem\u00e0tica\u00a0<strong>Fins l\u2019\u00faltim al\u00e8 <\/strong>a c\u00e0rrec de Gerard Jurnet, professor d&#8217;educaci\u00f3 f\u00edsica. La xerrada va adre\u00e7ada als docents i tindr\u00e0 lloc <b>dimarts, 23 de febrer, a les 17.30 h<\/b>.<\/p>\n<p dir=\"ltr\">Les places s\u00f3n limitades a la capacitat del Meet i s\u2019adjudicaran per ordre d\u2019inscripci\u00f3. Les persones admeses rebran un correu de confirmaci\u00f3 amb l\u2019enlla\u00e7 a la xerrada. Recordeu que nom\u00e9s es podr\u00e0 entrar a la videoconfer\u00e8ncia amb el correu xtec de la inscripci\u00f3.<\/p>\n<p dir=\"ltr\">\u00a0Podeu accedir a la inscripci\u00f3 en el seg\u00fcent<a href=\"https:\/\/docs.google.com\/forms\/d\/e\/1FAIpQLScal3IdnKQj9FUv8xXH5LoaEbYf1clAWJqAOwEV1s_v8Z-0fQ\/viewform\">\u00a0enlla\u00e7<\/a>\u00a0M\u00e9s informaci\u00f3 sobre l\u2019activitat clicant\u00a0<a href=\"https:\/\/serveiseducatius.xtec.cat\/altemporda\/general\/fins-lultim-ale\/\">aqu\u00ed<\/a><\/p>\n","protected":false},"excerpt":{"rendered":"<p>Els companys del SE de l\u2019Alt Empord\u00e0 ens conviden a la confer\u00e8ncia telem\u00e0tica\u00a0Fins l\u2019\u00faltim al\u00e8 a c\u00e0rrec de Gerard Jurnet, professor d&#8217;educaci\u00f3 f\u00edsica. La xerrada va adre\u00e7ada als docents i tindr\u00e0 lloc dimarts, 23 de febrer, a les 17.30 h. Les places s\u00f3n limitades a la capacitat del Meet i s\u2019adjudicaran per ordre d\u2019inscripci\u00f3. Les [&hellip;]<\/p>\n","protected":false},"author":1,"featured_media":2353,"comment_status":"open","ping_status":"closed","sticky":false,"template":"","format":"standard","meta":{"_bbp_topic_count":0,"_bbp_reply_count":0,"_bbp_total_topic_count":0,"_bbp_total_reply_count":0,"_bbp_voice_count":0,"_bbp_anonymous_reply_count":0,"_bbp_topic_count_hidden":0,"_bbp_reply_count_hidden":0,"_bbp_forum_subforum_count":0,"site-sidebar-layout":"default","site-content-layout":"","ast-site-content-layout":"","site-content-style":"default","site-sidebar-style":"default","ast-global-header-display":"","ast-banner-title-visibility":"","ast-main-header-display":"","ast-hfb-above-header-display":"","ast-hfb-below-header-display":"","ast-hfb-mobile-header-display":"","site-post-title":"","ast-breadcrumbs-content":"","ast-featured-img":"","footer-sml-layout":"","theme-transparent-header-meta":"","adv-header-id-meta":"","stick-header-meta":"","header-above-stick-meta":"","header-main-stick-meta":"","header-below-stick-meta":"","astra-migrate-meta-layouts":"default","ast-page-background-enabled":"default","ast-page-background-meta":{"desktop":{"background-color":"var(--ast-global-color-4)","background-image":"","background-repeat":"repeat","background-position":"center center","background-size":"auto","background-attachment":"scroll","background-type":"","background-media":"","overlay-type":"","overlay-color":"","overlay-opacity":"","overlay-gradient":""},"tablet":{"background-color":"","background-image":"","background-repeat":"repeat","background-position":"center center","background-size":"auto","background-attachment":"scroll","background-type":"","background-media":"","overlay-type":"","overlay-color":"","overlay-opacity":"","overlay-gradient":""},"mobile":{"background-color":"","background-image":"","background-repeat":"repeat","background-position":"center center","background-size":"auto","background-attachment":"scroll","background-type":"","background-media":"","overlay-type":"","overlay-color":"","overlay-opacity":"","overlay-gradient":""}},"ast-content-background-meta":{"desktop":{"background-color":"var(--ast-global-color-5)","background-image":"","background-repeat":"repeat","background-position":"center center","background-size":"auto","background-attachment":"scroll","background-type":"","background-media":"","overlay-type":"","overlay-color":"","overlay-opacity":"","overlay-gradient":""},"tablet":{"background-color":"var(--ast-global-color-5)","background-image":"","background-repeat":"repeat","background-position":"center center","background-size":"auto","background-attachment":"scroll","background-type":"","background-media":"","overlay-type":"","overlay-color":"","overlay-opacity":"","overlay-gradient":""},"mobile":{"background-color":"var(--ast-global-color-5)","background-image":"","background-repeat":"repeat","background-position":"center center","background-size":"auto","background-attachment":"scroll","background-type":"","background-media":"","overlay-type":"","overlay-color":"","overlay-opacity":"","overlay-gradient":""}},"footnotes":""},"categories":[65,29],"tags":[],"class_list":["post-2352","post","type-post","status-publish","format-standard","has-post-thumbnail","hentry","category-crp","category-portada"],"post_mailing_queue_ids":[],"_links":{"self":[{"href":"https:\/\/serveiseducatius.xtec.cat\/selva1\/wp-json\/wp\/v2\/posts\/2352","targetHints":{"allow":["GET"]}}],"collection":[{"href":"https:\/\/serveiseducatius.xtec.cat\/selva1\/wp-json\/wp\/v2\/posts"}],"about":[{"href":"https:\/\/serveiseducatius.xtec.cat\/selva1\/wp-json\/wp\/v2\/types\/post"}],"author":[{"embeddable":true,"href":"https:\/\/serveiseducatius.xtec.cat\/selva1\/wp-json\/wp\/v2\/users\/1"}],"replies":[{"embeddable":true,"href":"https:\/\/serveiseducatius.xtec.cat\/selva1\/wp-json\/wp\/v2\/comments?post=2352"}],"version-history":[{"count":1,"href":"https:\/\/serveiseducatius.xtec.cat\/selva1\/wp-json\/wp\/v2\/posts\/2352\/revisions"}],"predecessor-version":[{"id":2354,"href":"https:\/\/serveiseducatius.xtec.cat\/selva1\/wp-json\/wp\/v2\/posts\/2352\/revisions\/2354"}],"wp:featuredmedia":[{"embeddable":true,"href":"https:\/\/serveiseducatius.xtec.cat\/selva1\/wp-json\/wp\/v2\/media\/2353"}],"wp:attachment":[{"href":"https:\/\/serveiseducatius.xtec.cat\/selva1\/wp-json\/wp\/v2\/media?parent=2352"}],"wp:term":[{"taxonomy":"category","embeddable":true,"href":"https:\/\/serveiseducatius.xtec.cat\/selva1\/wp-json\/wp\/v2\/categories?post=2352"},{"taxonomy":"post_tag","embeddable":true,"href":"https:\/\/serveiseducatius.xtec.cat\/selva1\/wp-json\/wp\/v2\/tags?post=2352"}],"curies":[{"name":"wp","href":"https:\/\/api.w.org\/{rel}","templated":true}]}}