{"id":2052,"date":"2020-12-14T09:11:54","date_gmt":"2020-12-14T08:11:54","guid":{"rendered":"http:\/\/serveiseducatius.xtec.cat\/selva1\/?p=2052"},"modified":"2020-12-14T09:14:01","modified_gmt":"2020-12-14T08:14:01","slug":"resolucio-13e-concurs-doratoria-en-llengua-anglesa-de-la-comarca-de-la-selva-19-20","status":"publish","type":"post","link":"https:\/\/serveiseducatius.xtec.cat\/selva1\/portada\/resolucio-13e-concurs-doratoria-en-llengua-anglesa-de-la-comarca-de-la-selva-19-20\/","title":{"rendered":"Resoluci\u00f3 13\u00e8 Concurs d&#8217;Orat\u00f2ria en llengua anglesa de la comarca de la Selva 19-20"},"content":{"rendered":"<p><a href=\"https:\/\/serveiseducatius.xtec.cat\/selva1\/wp-content\/uploads\/usu773\/2020\/12\/Captura-9.png\"><img loading=\"lazy\" decoding=\"async\" class=\"alignnone size-full wp-image-2053\" src=\"https:\/\/serveiseducatius.xtec.cat\/selva1\/wp-content\/uploads\/usu773\/2020\/12\/Captura-9.png\" alt=\"\" width=\"139\" height=\"123\" \/><\/a><br \/>\nEl Jurat que ha resolt la final del 13\u00e8 Concurs d\u2019orat\u00f2ria en llengua anglesa de la comarca de la Selva, una vegada s\u2019han escoltat i valorat les intervencions dels dotze finalistes, sis de la modalitat de cicle superior de prim\u00e0ria i sis del primer cicle de secund\u00e0ria, considera que han quedat<strong> finalistes<\/strong>:<\/p>\n<p>Alumnat de prim\u00e0ria:<\/p>\n<ul>\n<li>NEREA DOMINGO S\u00c1NCHEZ, ESC. Castell de Farners<\/li>\n<li>KHADIJA EL GHARIB AOUICH, ESC. Castell de Farners<\/li>\n<li>PAU RIVAS CANO, ESC. Josep Madrenys<\/li>\n<li>DAFNE BA\u00d1OS GUIRAO, ESC Els Estanys<\/li>\n<\/ul>\n<p>Alumnat de secund\u00e0ria:<\/p>\n<ul>\n<li>NOEMI DE LA TORRE G\u00c1LVEZ, C La Salle<\/li>\n<li>FATU SAWO TRERA, INS Sta Coloma de Farners<\/li>\n<li>PAULA KHICHFE VALLENARI, Sta Maria Manyanet<\/li>\n<li>ARIEL VIDAL ADELL, Cor de Maria<\/li>\n<\/ul>\n<p>Els <strong>guanyadors<\/strong> s\u00f3n:<\/p>\n<p>Alumnat de prim\u00e0ria:<\/p>\n<ul>\n<li>IVAN ALI\u00d1O GALI, ESC Castell de Farners<\/li>\n<li>AINA ROMERO DOM\u00c8NECH, ESC Els Estanys<\/li>\n<\/ul>\n<p>Alumnat de secund\u00e0ria:<\/p>\n<ul>\n<li>RAQUEL FERRANDIZ RODRIGUEZ, INS Sta Coloma de Farners<\/li>\n<li>IVON VASSILEVA TRANCHEVA, INS Sa Palomera<\/li>\n<\/ul>\n<p><strong>MOLTES FELICITATS A TOTHOM!<\/strong><\/p>\n","protected":false},"excerpt":{"rendered":"<p>El Jurat que ha resolt la final del 13\u00e8 Concurs d\u2019orat\u00f2ria en llengua anglesa de la comarca de la Selva, una vegada s\u2019han escoltat i valorat les intervencions dels dotze finalistes, sis de la modalitat de cicle superior de prim\u00e0ria i sis del primer cicle de secund\u00e0ria, considera que han quedat finalistes: Alumnat de prim\u00e0ria: [&hellip;]<\/p>\n","protected":false},"author":1,"featured_media":2053,"comment_status":"open","ping_status":"closed","sticky":false,"template":"","format":"standard","meta":{"_bbp_topic_count":0,"_bbp_reply_count":0,"_bbp_total_topic_count":0,"_bbp_total_reply_count":0,"_bbp_voice_count":0,"_bbp_anonymous_reply_count":0,"_bbp_topic_count_hidden":0,"_bbp_reply_count_hidden":0,"_bbp_forum_subforum_count":0,"site-sidebar-layout":"default","site-content-layout":"","ast-site-content-layout":"","site-content-style":"default","site-sidebar-style":"default","ast-global-header-display":"","ast-banner-title-visibility":"","ast-main-header-display":"","ast-hfb-above-header-display":"","ast-hfb-below-header-display":"","ast-hfb-mobile-header-display":"","site-post-title":"","ast-breadcrumbs-content":"","ast-featured-img":"","footer-sml-layout":"","theme-transparent-header-meta":"","adv-header-id-meta":"","stick-header-meta":"","header-above-stick-meta":"","header-main-stick-meta":"","header-below-stick-meta":"","astra-migrate-meta-layouts":"default","ast-page-background-enabled":"default","ast-page-background-meta":{"desktop":{"background-color":"var(--ast-global-color-4)","background-image":"","background-repeat":"repeat","background-position":"center center","background-size":"auto","background-attachment":"scroll","background-type":"","background-media":"","overlay-type":"","overlay-color":"","overlay-opacity":"","overlay-gradient":""},"tablet":{"background-color":"","background-image":"","background-repeat":"repeat","background-position":"center center","background-size":"auto","background-attachment":"scroll","background-type":"","background-media":"","overlay-type":"","overlay-color":"","overlay-opacity":"","overlay-gradient":""},"mobile":{"background-color":"","background-image":"","background-repeat":"repeat","background-position":"center center","background-size":"auto","background-attachment":"scroll","background-type":"","background-media":"","overlay-type":"","overlay-color":"","overlay-opacity":"","overlay-gradient":""}},"ast-content-background-meta":{"desktop":{"background-color":"var(--ast-global-color-5)","background-image":"","background-repeat":"repeat","background-position":"center center","background-size":"auto","background-attachment":"scroll","background-type":"","background-media":"","overlay-type":"","overlay-color":"","overlay-opacity":"","overlay-gradient":""},"tablet":{"background-color":"var(--ast-global-color-5)","background-image":"","background-repeat":"repeat","background-position":"center center","background-size":"auto","background-attachment":"scroll","background-type":"","background-media":"","overlay-type":"","overlay-color":"","overlay-opacity":"","overlay-gradient":""},"mobile":{"background-color":"var(--ast-global-color-5)","background-image":"","background-repeat":"repeat","background-position":"center center","background-size":"auto","background-attachment":"scroll","background-type":"","background-media":"","overlay-type":"","overlay-color":"","overlay-opacity":"","overlay-gradient":""}},"footnotes":""},"categories":[65,29],"tags":[],"class_list":["post-2052","post","type-post","status-publish","format-standard","has-post-thumbnail","hentry","category-crp","category-portada"],"post_mailing_queue_ids":[],"_links":{"self":[{"href":"https:\/\/serveiseducatius.xtec.cat\/selva1\/wp-json\/wp\/v2\/posts\/2052","targetHints":{"allow":["GET"]}}],"collection":[{"href":"https:\/\/serveiseducatius.xtec.cat\/selva1\/wp-json\/wp\/v2\/posts"}],"about":[{"href":"https:\/\/serveiseducatius.xtec.cat\/selva1\/wp-json\/wp\/v2\/types\/post"}],"author":[{"embeddable":true,"href":"https:\/\/serveiseducatius.xtec.cat\/selva1\/wp-json\/wp\/v2\/users\/1"}],"replies":[{"embeddable":true,"href":"https:\/\/serveiseducatius.xtec.cat\/selva1\/wp-json\/wp\/v2\/comments?post=2052"}],"version-history":[{"count":3,"href":"https:\/\/serveiseducatius.xtec.cat\/selva1\/wp-json\/wp\/v2\/posts\/2052\/revisions"}],"predecessor-version":[{"id":2056,"href":"https:\/\/serveiseducatius.xtec.cat\/selva1\/wp-json\/wp\/v2\/posts\/2052\/revisions\/2056"}],"wp:featuredmedia":[{"embeddable":true,"href":"https:\/\/serveiseducatius.xtec.cat\/selva1\/wp-json\/wp\/v2\/media\/2053"}],"wp:attachment":[{"href":"https:\/\/serveiseducatius.xtec.cat\/selva1\/wp-json\/wp\/v2\/media?parent=2052"}],"wp:term":[{"taxonomy":"category","embeddable":true,"href":"https:\/\/serveiseducatius.xtec.cat\/selva1\/wp-json\/wp\/v2\/categories?post=2052"},{"taxonomy":"post_tag","embeddable":true,"href":"https:\/\/serveiseducatius.xtec.cat\/selva1\/wp-json\/wp\/v2\/tags?post=2052"}],"curies":[{"name":"wp","href":"https:\/\/api.w.org\/{rel}","templated":true}]}}