{"id":2006,"date":"2020-12-01T08:33:01","date_gmt":"2020-12-01T07:33:01","guid":{"rendered":"http:\/\/serveiseducatius.xtec.cat\/selva1\/?p=2006"},"modified":"2020-12-09T09:20:19","modified_gmt":"2020-12-09T08:20:19","slug":"10-consells-per-reforcar-la-biblioteca-escolar-en-temps-de-covid","status":"publish","type":"post","link":"https:\/\/serveiseducatius.xtec.cat\/selva1\/portada\/10-consells-per-reforcar-la-biblioteca-escolar-en-temps-de-covid\/","title":{"rendered":"10 consells per refor\u00e7ar la biblioteca escolar en temps de COVID"},"content":{"rendered":"<p><a href=\"https:\/\/view.genial.ly\/5fa3b1aa88bd4c0d82ca4e7b\"><img loading=\"lazy\" decoding=\"async\" class=\"alignnone size-medium wp-image-2007\" src=\"https:\/\/serveiseducatius.xtec.cat\/selva1\/wp-content\/uploads\/usu773\/2020\/12\/captura-2-300x189.png\" alt=\"\" width=\"300\" height=\"189\" srcset=\"https:\/\/serveiseducatius.xtec.cat\/selva1\/wp-content\/uploads\/usu773\/2020\/12\/captura-2-300x189.png 300w, https:\/\/serveiseducatius.xtec.cat\/selva1\/wp-content\/uploads\/usu773\/2020\/12\/captura-2-768x483.png 768w, https:\/\/serveiseducatius.xtec.cat\/selva1\/wp-content\/uploads\/usu773\/2020\/12\/captura-2.png 980w\" sizes=\"auto, (max-width: 300px) 100vw, 300px\" \/><\/a><\/p>\n<p>Des del programa puntedu, publiquen\u00a0<a href=\"https:\/\/view.genial.ly\/5fa3b1aa88bd4c0d82ca4e7b\" target=\"_blank\" rel=\"noopener noreferrer\">10 consells per refor\u00e7ar la biblioteca escolar en temps de COVID<\/a>\u00a0amb la intenci\u00f3 d\u2019aportar idees i compartir respostes a molts dubtes que es van plantejant en el dia a dia.<\/p>\n<p>En la situaci\u00f3 actual, les biblioteques escolars han hagut de plantejar-se canvis en el funcionament. Moltes han hagut de cedir els seus espais per fer-hi classes, d\u2019altres treballen de forma deslocalitzada i han creat serveis \u201ca domicili\u201d per a les aules, algunes continuen obertes i amb moltes mesures de seguretat i restriccions\u2026 el que no han perdut les biblioteques ni les seves responsables \u00e9s el saber fer, l\u2019afany d\u2019apropar la lectura i la cultura a l\u2019alumnat, al professorat i a les fam\u00edlies. Perqu\u00e8 ara, mes que mai, les biblioteques escolars s\u00f3n imprescindibles.<\/p>\n","protected":false},"excerpt":{"rendered":"<p>Des del programa puntedu, publiquen\u00a010 consells per refor\u00e7ar la biblioteca escolar en temps de COVID\u00a0amb la intenci\u00f3 d\u2019aportar idees i compartir respostes a molts dubtes que es van plantejant en el dia a dia. En la situaci\u00f3 actual, les biblioteques escolars han hagut de plantejar-se canvis en el funcionament. Moltes han hagut de cedir els [&hellip;]<\/p>\n","protected":false},"author":1,"featured_media":2007,"comment_status":"open","ping_status":"closed","sticky":false,"template":"","format":"standard","meta":{"_bbp_topic_count":0,"_bbp_reply_count":0,"_bbp_total_topic_count":0,"_bbp_total_reply_count":0,"_bbp_voice_count":0,"_bbp_anonymous_reply_count":0,"_bbp_topic_count_hidden":0,"_bbp_reply_count_hidden":0,"_bbp_forum_subforum_count":0,"site-sidebar-layout":"default","site-content-layout":"","ast-site-content-layout":"","site-content-style":"default","site-sidebar-style":"default","ast-global-header-display":"","ast-banner-title-visibility":"","ast-main-header-display":"","ast-hfb-above-header-display":"","ast-hfb-below-header-display":"","ast-hfb-mobile-header-display":"","site-post-title":"","ast-breadcrumbs-content":"","ast-featured-img":"","footer-sml-layout":"","theme-transparent-header-meta":"","adv-header-id-meta":"","stick-header-meta":"","header-above-stick-meta":"","header-main-stick-meta":"","header-below-stick-meta":"","astra-migrate-meta-layouts":"default","ast-page-background-enabled":"default","ast-page-background-meta":{"desktop":{"background-color":"var(--ast-global-color-4)","background-image":"","background-repeat":"repeat","background-position":"center center","background-size":"auto","background-attachment":"scroll","background-type":"","background-media":"","overlay-type":"","overlay-color":"","overlay-opacity":"","overlay-gradient":""},"tablet":{"background-color":"","background-image":"","background-repeat":"repeat","background-position":"center center","background-size":"auto","background-attachment":"scroll","background-type":"","background-media":"","overlay-type":"","overlay-color":"","overlay-opacity":"","overlay-gradient":""},"mobile":{"background-color":"","background-image":"","background-repeat":"repeat","background-position":"center center","background-size":"auto","background-attachment":"scroll","background-type":"","background-media":"","overlay-type":"","overlay-color":"","overlay-opacity":"","overlay-gradient":""}},"ast-content-background-meta":{"desktop":{"background-color":"var(--ast-global-color-5)","background-image":"","background-repeat":"repeat","background-position":"center center","background-size":"auto","background-attachment":"scroll","background-type":"","background-media":"","overlay-type":"","overlay-color":"","overlay-opacity":"","overlay-gradient":""},"tablet":{"background-color":"var(--ast-global-color-5)","background-image":"","background-repeat":"repeat","background-position":"center center","background-size":"auto","background-attachment":"scroll","background-type":"","background-media":"","overlay-type":"","overlay-color":"","overlay-opacity":"","overlay-gradient":""},"mobile":{"background-color":"var(--ast-global-color-5)","background-image":"","background-repeat":"repeat","background-position":"center center","background-size":"auto","background-attachment":"scroll","background-type":"","background-media":"","overlay-type":"","overlay-color":"","overlay-opacity":"","overlay-gradient":""}},"footnotes":""},"categories":[76,29],"tags":[],"class_list":["post-2006","post","type-post","status-publish","format-standard","has-post-thumbnail","hentry","category-biblionoticies","category-portada"],"post_mailing_queue_ids":[],"_links":{"self":[{"href":"https:\/\/serveiseducatius.xtec.cat\/selva1\/wp-json\/wp\/v2\/posts\/2006","targetHints":{"allow":["GET"]}}],"collection":[{"href":"https:\/\/serveiseducatius.xtec.cat\/selva1\/wp-json\/wp\/v2\/posts"}],"about":[{"href":"https:\/\/serveiseducatius.xtec.cat\/selva1\/wp-json\/wp\/v2\/types\/post"}],"author":[{"embeddable":true,"href":"https:\/\/serveiseducatius.xtec.cat\/selva1\/wp-json\/wp\/v2\/users\/1"}],"replies":[{"embeddable":true,"href":"https:\/\/serveiseducatius.xtec.cat\/selva1\/wp-json\/wp\/v2\/comments?post=2006"}],"version-history":[{"count":1,"href":"https:\/\/serveiseducatius.xtec.cat\/selva1\/wp-json\/wp\/v2\/posts\/2006\/revisions"}],"predecessor-version":[{"id":2008,"href":"https:\/\/serveiseducatius.xtec.cat\/selva1\/wp-json\/wp\/v2\/posts\/2006\/revisions\/2008"}],"wp:featuredmedia":[{"embeddable":true,"href":"https:\/\/serveiseducatius.xtec.cat\/selva1\/wp-json\/wp\/v2\/media\/2007"}],"wp:attachment":[{"href":"https:\/\/serveiseducatius.xtec.cat\/selva1\/wp-json\/wp\/v2\/media?parent=2006"}],"wp:term":[{"taxonomy":"category","embeddable":true,"href":"https:\/\/serveiseducatius.xtec.cat\/selva1\/wp-json\/wp\/v2\/categories?post=2006"},{"taxonomy":"post_tag","embeddable":true,"href":"https:\/\/serveiseducatius.xtec.cat\/selva1\/wp-json\/wp\/v2\/tags?post=2006"}],"curies":[{"name":"wp","href":"https:\/\/api.w.org\/{rel}","templated":true}]}}