{"id":13239,"date":"2026-09-04T13:48:28","date_gmt":"2026-09-04T11:48:28","guid":{"rendered":"https:\/\/serveiseducatius.xtec.cat\/selva1\/?p=13239"},"modified":"2026-09-04T13:48:28","modified_gmt":"2026-09-04T11:48:28","slug":"informacio-per-als-centres-que-formen-part-de-la-xarxa-de-competencia-lectora-1-2-i-3","status":"publish","type":"post","link":"https:\/\/serveiseducatius.xtec.cat\/selva1\/portada\/informacio-per-als-centres-que-formen-part-de-la-xarxa-de-competencia-lectora-1-2-i-3\/","title":{"rendered":"Informaci\u00f3 per als centres que formen part de la  Xarxa de Compet\u00e8ncia Lectora 1, 2 i 3."},"content":{"rendered":"<p><a href=\"https:\/\/serveiseducatius.xtec.cat\/selva1\/wp-content\/uploads\/usu773\/2026\/09\/llegim-parella.jpg\"><img loading=\"lazy\" decoding=\"async\" class=\"alignleft  wp-image-13240\" src=\"https:\/\/serveiseducatius.xtec.cat\/selva1\/wp-content\/uploads\/usu773\/2026\/09\/llegim-parella.jpg\" alt=\"\" width=\"397\" height=\"321\" \/><\/a><\/p>\n<p><span style=\"font-weight: 400;\">Per si \u00e9s del vostre inter\u00e8s, us informem que el proper <\/span><b>22 de setembre, de 17.30 a 19.30 h<\/b><span style=\"font-weight: 400;\">, en format virtual, s&#8217;ha planificat una sessi\u00f3 explicativa sobre el programa &#8220;Llegim en parella&#8221;.<\/span><\/p>\n<p><span style=\"font-weight: 400;\">Si esteu interessats\/es en assistir-hi us agrair\u00edem que respongu\u00e9ssiu al <\/span><a href=\"https:\/\/forms.gle\/unCfiahEnqxgXZXG6\"><span style=\"font-weight: 400;\">q\u00fcestionari seg\u00fcent<\/span><\/a><span style=\"font-weight: 400;\"> per tal que es pugui fer una bona planificaci\u00f3 per a la reuni\u00f3.<\/span><\/p>\n<p><b>Reuni\u00f3 informativa Llegim en parella<\/b><b><br \/>\n<\/b><span style=\"font-weight: 400;\">Dimarts 22 de setembre, de 17.30 a 19.30 h<\/span><span style=\"font-weight: 400;\"><br \/>\n<\/span><span style=\"font-weight: 400;\">Google Meet: <\/span><a href=\"https:\/\/meet.google.com\/jvs-mfdn-fzc\"><span style=\"font-weight: 400;\">https:\/\/meet.google.com\/jvs-mfdn-fzc<\/span><\/a><\/p>\n","protected":false},"excerpt":{"rendered":"<p>Per si \u00e9s del vostre inter\u00e8s, us informem que el proper 22 de setembre, de 17.30 a 19.30 h, en format virtual, s&#8217;ha planificat una sessi\u00f3 explicativa sobre el programa &#8220;Llegim en parella&#8221;. Si esteu interessats\/es en assistir-hi us agrair\u00edem que respongu\u00e9ssiu al q\u00fcestionari seg\u00fcent per tal que es pugui fer una bona planificaci\u00f3 per [&hellip;]<\/p>\n","protected":false},"author":1,"featured_media":13240,"comment_status":"open","ping_status":"open","sticky":false,"template":"","format":"standard","meta":{"_bbp_topic_count":0,"_bbp_reply_count":0,"_bbp_total_topic_count":0,"_bbp_total_reply_count":0,"_bbp_voice_count":0,"_bbp_anonymous_reply_count":0,"_bbp_topic_count_hidden":0,"_bbp_reply_count_hidden":0,"_bbp_forum_subforum_count":0,"site-sidebar-layout":"default","site-content-layout":"","ast-site-content-layout":"default","site-content-style":"default","site-sidebar-style":"default","ast-global-header-display":"","ast-banner-title-visibility":"","ast-main-header-display":"","ast-hfb-above-header-display":"","ast-hfb-below-header-display":"","ast-hfb-mobile-header-display":"","site-post-title":"","ast-breadcrumbs-content":"","ast-featured-img":"","footer-sml-layout":"","theme-transparent-header-meta":"default","adv-header-id-meta":"","stick-header-meta":"","header-above-stick-meta":"","header-main-stick-meta":"","header-below-stick-meta":"","astra-migrate-meta-layouts":"set","ast-page-background-enabled":"default","ast-page-background-meta":{"desktop":{"background-color":"var(--ast-global-color-4)","background-image":"","background-repeat":"repeat","background-position":"center center","background-size":"auto","background-attachment":"scroll","background-type":"","background-media":"","overlay-type":"","overlay-color":"","overlay-opacity":"","overlay-gradient":""},"tablet":{"background-color":"","background-image":"","background-repeat":"repeat","background-position":"center center","background-size":"auto","background-attachment":"scroll","background-type":"","background-media":"","overlay-type":"","overlay-color":"","overlay-opacity":"","overlay-gradient":""},"mobile":{"background-color":"","background-image":"","background-repeat":"repeat","background-position":"center center","background-size":"auto","background-attachment":"scroll","background-type":"","background-media":"","overlay-type":"","overlay-color":"","overlay-opacity":"","overlay-gradient":""}},"ast-content-background-meta":{"desktop":{"background-color":"var(--ast-global-color-5)","background-image":"","background-repeat":"repeat","background-position":"center center","background-size":"auto","background-attachment":"scroll","background-type":"","background-media":"","overlay-type":"","overlay-color":"","overlay-opacity":"","overlay-gradient":""},"tablet":{"background-color":"var(--ast-global-color-5)","background-image":"","background-repeat":"repeat","background-position":"center center","background-size":"auto","background-attachment":"scroll","background-type":"","background-media":"","overlay-type":"","overlay-color":"","overlay-opacity":"","overlay-gradient":""},"mobile":{"background-color":"var(--ast-global-color-5)","background-image":"","background-repeat":"repeat","background-position":"center center","background-size":"auto","background-attachment":"scroll","background-type":"","background-media":"","overlay-type":"","overlay-color":"","overlay-opacity":"","overlay-gradient":""}},"footnotes":""},"categories":[65,68,181,29],"tags":[],"class_list":["post-13239","post","type-post","status-publish","format-standard","has-post-thumbnail","hentry","category-crp","category-elic","category-llengua","category-portada"],"post_mailing_queue_ids":[],"_links":{"self":[{"href":"https:\/\/serveiseducatius.xtec.cat\/selva1\/wp-json\/wp\/v2\/posts\/13239","targetHints":{"allow":["GET"]}}],"collection":[{"href":"https:\/\/serveiseducatius.xtec.cat\/selva1\/wp-json\/wp\/v2\/posts"}],"about":[{"href":"https:\/\/serveiseducatius.xtec.cat\/selva1\/wp-json\/wp\/v2\/types\/post"}],"author":[{"embeddable":true,"href":"https:\/\/serveiseducatius.xtec.cat\/selva1\/wp-json\/wp\/v2\/users\/1"}],"replies":[{"embeddable":true,"href":"https:\/\/serveiseducatius.xtec.cat\/selva1\/wp-json\/wp\/v2\/comments?post=13239"}],"version-history":[{"count":1,"href":"https:\/\/serveiseducatius.xtec.cat\/selva1\/wp-json\/wp\/v2\/posts\/13239\/revisions"}],"predecessor-version":[{"id":13241,"href":"https:\/\/serveiseducatius.xtec.cat\/selva1\/wp-json\/wp\/v2\/posts\/13239\/revisions\/13241"}],"wp:featuredmedia":[{"embeddable":true,"href":"https:\/\/serveiseducatius.xtec.cat\/selva1\/wp-json\/wp\/v2\/media\/13240"}],"wp:attachment":[{"href":"https:\/\/serveiseducatius.xtec.cat\/selva1\/wp-json\/wp\/v2\/media?parent=13239"}],"wp:term":[{"taxonomy":"category","embeddable":true,"href":"https:\/\/serveiseducatius.xtec.cat\/selva1\/wp-json\/wp\/v2\/categories?post=13239"},{"taxonomy":"post_tag","embeddable":true,"href":"https:\/\/serveiseducatius.xtec.cat\/selva1\/wp-json\/wp\/v2\/tags?post=13239"}],"curies":[{"name":"wp","href":"https:\/\/api.w.org\/{rel}","templated":true}]}}