{"id":13232,"date":"2026-09-04T10:24:18","date_gmt":"2026-09-04T08:24:18","guid":{"rendered":"https:\/\/serveiseducatius.xtec.cat\/selva1\/?p=13232"},"modified":"2026-09-04T10:24:18","modified_gmt":"2026-09-04T08:24:18","slug":"tot-oferta-formativa-municipal-curs-26-27","status":"publish","type":"post","link":"https:\/\/serveiseducatius.xtec.cat\/selva1\/portada\/tot-oferta-formativa-municipal-curs-26-27\/","title":{"rendered":"TOT &#8211; OFERTA FORMATIVA MUNICIPAL CURS 26\/27"},"content":{"rendered":"<p><a href=\"https:\/\/sites.google.com\/cmefarners.cat\/cme\/inici?authuser=0\" target=\"_blank\" rel=\"noopener\"><img loading=\"lazy\" decoding=\"async\" class=\"alignleft  wp-image-13233\" src=\"https:\/\/serveiseducatius.xtec.cat\/selva1\/wp-content\/uploads\/usu773\/2026\/09\/TOT-26-297x300.jpg\" alt=\"\" width=\"392\" height=\"396\" srcset=\"https:\/\/serveiseducatius.xtec.cat\/selva1\/wp-content\/uploads\/usu773\/2026\/09\/TOT-26-297x300.jpg 297w, https:\/\/serveiseducatius.xtec.cat\/selva1\/wp-content\/uploads\/usu773\/2026\/09\/TOT-26.jpg 431w\" sizes=\"auto, (max-width: 392px) 100vw, 392px\" \/><\/a><\/p>\n<div>A continuaci\u00f3 trobareu l&#8217;oferta formativa municipal a Santa Coloma de Farners, programada per aquest curs 26\/27.<\/div>\n<div><\/div>\n<div>Una programaci\u00f3 \u00e0mplia per donar resposta a les necessitats formatives de la nostra ciutat mirant d&#8217;atendre al m\u00e0xim de perfils possibles.<\/div>\n<div>Fruit del treball, en xarxa, realitzat entre diverses regidories, organismes i entitats locals per crear un mapa de serveis formatius municipals.<\/div>\n<div><\/div>\n<div>Tota la informaci\u00f3 es pot trobar de manera actualitzada en el seg\u00fcent espai web:<\/div>\n<div><a href=\"https:\/\/sites.google.com\/cmefarners.cat\/cme\/inici?authuser=0\" target=\"_blank\" rel=\"noopener noreferrer nofollow\" data-saferedirecturl=\"https:\/\/www.google.com\/url?q=https:\/\/sites.google.com\/cmefarners.cat\/cme\/inici?authuser%3D0&amp;source=gmail&amp;ust=1788591435840000&amp;usg=AOvVaw2mObNa9gtgBsO931UjFWpd\">CMEFARNERS<\/a><\/div>\n<div>Bon inici de curs!<\/div>\n","protected":false},"excerpt":{"rendered":"<p>A continuaci\u00f3 trobareu l&#8217;oferta formativa municipal a Santa Coloma de Farners, programada per aquest curs 26\/27. Una programaci\u00f3 \u00e0mplia per donar resposta a les necessitats formatives de la nostra ciutat mirant d&#8217;atendre al m\u00e0xim de perfils possibles. Fruit del treball, en xarxa, realitzat entre diverses regidories, organismes i entitats locals per crear un mapa de [&hellip;]<\/p>\n","protected":false},"author":1,"featured_media":13233,"comment_status":"open","ping_status":"open","sticky":false,"template":"","format":"standard","meta":{"_bbp_topic_count":0,"_bbp_reply_count":0,"_bbp_total_topic_count":0,"_bbp_total_reply_count":0,"_bbp_voice_count":0,"_bbp_anonymous_reply_count":0,"_bbp_topic_count_hidden":0,"_bbp_reply_count_hidden":0,"_bbp_forum_subforum_count":0,"site-sidebar-layout":"default","site-content-layout":"","ast-site-content-layout":"default","site-content-style":"default","site-sidebar-style":"default","ast-global-header-display":"","ast-banner-title-visibility":"","ast-main-header-display":"","ast-hfb-above-header-display":"","ast-hfb-below-header-display":"","ast-hfb-mobile-header-display":"","site-post-title":"","ast-breadcrumbs-content":"","ast-featured-img":"","footer-sml-layout":"","theme-transparent-header-meta":"default","adv-header-id-meta":"","stick-header-meta":"","header-above-stick-meta":"","header-main-stick-meta":"","header-below-stick-meta":"","astra-migrate-meta-layouts":"set","ast-page-background-enabled":"default","ast-page-background-meta":{"desktop":{"background-color":"var(--ast-global-color-4)","background-image":"","background-repeat":"repeat","background-position":"center center","background-size":"auto","background-attachment":"scroll","background-type":"","background-media":"","overlay-type":"","overlay-color":"","overlay-opacity":"","overlay-gradient":""},"tablet":{"background-color":"","background-image":"","background-repeat":"repeat","background-position":"center center","background-size":"auto","background-attachment":"scroll","background-type":"","background-media":"","overlay-type":"","overlay-color":"","overlay-opacity":"","overlay-gradient":""},"mobile":{"background-color":"","background-image":"","background-repeat":"repeat","background-position":"center center","background-size":"auto","background-attachment":"scroll","background-type":"","background-media":"","overlay-type":"","overlay-color":"","overlay-opacity":"","overlay-gradient":""}},"ast-content-background-meta":{"desktop":{"background-color":"var(--ast-global-color-5)","background-image":"","background-repeat":"repeat","background-position":"center center","background-size":"auto","background-attachment":"scroll","background-type":"","background-media":"","overlay-type":"","overlay-color":"","overlay-opacity":"","overlay-gradient":""},"tablet":{"background-color":"var(--ast-global-color-5)","background-image":"","background-repeat":"repeat","background-position":"center center","background-size":"auto","background-attachment":"scroll","background-type":"","background-media":"","overlay-type":"","overlay-color":"","overlay-opacity":"","overlay-gradient":""},"mobile":{"background-color":"var(--ast-global-color-5)","background-image":"","background-repeat":"repeat","background-position":"center center","background-size":"auto","background-attachment":"scroll","background-type":"","background-media":"","overlay-type":"","overlay-color":"","overlay-opacity":"","overlay-gradient":""}},"footnotes":""},"categories":[65,29],"tags":[],"class_list":["post-13232","post","type-post","status-publish","format-standard","has-post-thumbnail","hentry","category-crp","category-portada"],"post_mailing_queue_ids":[],"_links":{"self":[{"href":"https:\/\/serveiseducatius.xtec.cat\/selva1\/wp-json\/wp\/v2\/posts\/13232","targetHints":{"allow":["GET"]}}],"collection":[{"href":"https:\/\/serveiseducatius.xtec.cat\/selva1\/wp-json\/wp\/v2\/posts"}],"about":[{"href":"https:\/\/serveiseducatius.xtec.cat\/selva1\/wp-json\/wp\/v2\/types\/post"}],"author":[{"embeddable":true,"href":"https:\/\/serveiseducatius.xtec.cat\/selva1\/wp-json\/wp\/v2\/users\/1"}],"replies":[{"embeddable":true,"href":"https:\/\/serveiseducatius.xtec.cat\/selva1\/wp-json\/wp\/v2\/comments?post=13232"}],"version-history":[{"count":1,"href":"https:\/\/serveiseducatius.xtec.cat\/selva1\/wp-json\/wp\/v2\/posts\/13232\/revisions"}],"predecessor-version":[{"id":13234,"href":"https:\/\/serveiseducatius.xtec.cat\/selva1\/wp-json\/wp\/v2\/posts\/13232\/revisions\/13234"}],"wp:featuredmedia":[{"embeddable":true,"href":"https:\/\/serveiseducatius.xtec.cat\/selva1\/wp-json\/wp\/v2\/media\/13233"}],"wp:attachment":[{"href":"https:\/\/serveiseducatius.xtec.cat\/selva1\/wp-json\/wp\/v2\/media?parent=13232"}],"wp:term":[{"taxonomy":"category","embeddable":true,"href":"https:\/\/serveiseducatius.xtec.cat\/selva1\/wp-json\/wp\/v2\/categories?post=13232"},{"taxonomy":"post_tag","embeddable":true,"href":"https:\/\/serveiseducatius.xtec.cat\/selva1\/wp-json\/wp\/v2\/tags?post=13232"}],"curies":[{"name":"wp","href":"https:\/\/api.w.org\/{rel}","templated":true}]}}