{"id":13215,"date":"2026-09-03T18:28:55","date_gmt":"2026-09-03T16:28:55","guid":{"rendered":"https:\/\/serveiseducatius.xtec.cat\/selva1\/?p=13215"},"modified":"2026-09-04T09:36:09","modified_gmt":"2026-09-04T07:36:09","slug":"formacio-biblioteques-escolars-2026-2027","status":"publish","type":"post","link":"https:\/\/serveiseducatius.xtec.cat\/selva1\/portada\/formacio-biblioteques-escolars-2026-2027\/","title":{"rendered":"Formaci\u00f3 Biblioteques escolars 2026-2027"},"content":{"rendered":"<p><a href=\"https:\/\/view.genially.com\/668e46dc64294700146d9aa0\" target=\"_blank\" rel=\"noopener\"><img loading=\"lazy\" decoding=\"async\" class=\"alignleft wp-image-13229\" src=\"https:\/\/serveiseducatius.xtec.cat\/selva1\/wp-content\/uploads\/usu773\/2026\/09\/Formacio-Genially-1024x573-1-300x168.png\" alt=\"\" width=\"514\" height=\"288\" srcset=\"https:\/\/serveiseducatius.xtec.cat\/selva1\/wp-content\/uploads\/usu773\/2026\/09\/Formacio-Genially-1024x573-1-300x168.png 300w, https:\/\/serveiseducatius.xtec.cat\/selva1\/wp-content\/uploads\/usu773\/2026\/09\/Formacio-Genially-1024x573-1-768x430.png 768w, https:\/\/serveiseducatius.xtec.cat\/selva1\/wp-content\/uploads\/usu773\/2026\/09\/Formacio-Genially-1024x573-1.png 1024w\" sizes=\"auto, (max-width: 514px) 100vw, 514px\" \/><\/a><\/p>\n<p>&nbsp;<\/p>\n<p>&nbsp;<\/p>\n<p>&nbsp;<\/p>\n<p>En aquest\u00a0<a href=\"https:\/\/view.genially.com\/668e46dc64294700146d9aa0\" target=\"_blank\" rel=\"noreferrer noopener nofollow\">Genially<\/a>\u00a0trobareu la informaci\u00f3 relacionada amb els cursos del primer i del segon torn del Programa de biblioteques escolars: informaci\u00f3 general, calendari, acc\u00e9s i recomanacions.<\/p>\n<p>&nbsp;<\/p>\n<p>Us presentem l\u2019oferta formativa del Programa de biblioteques escolars.<\/p>\n<p>Els cursos es distribueixen en dos torns i s\u00f3n telem\u00e0tics. Trobareu formacions de 30 hores i, com a novetat, cursos de 20 hores.<\/p>\n<p>Inscripcions 1r torn: del 4 al 20 de setembre de 2026<\/p>\n<p>Inscripcions 2n torn: del 7 al 15 de gener de 2027<\/p>\n<p>Informaci\u00f3 general sobre la formaci\u00f3 a la p\u00e0gina\u00a0<a href=\"https:\/\/xtec.gencat.cat\/ca\/formacio\/info-general\/\" target=\"_blank\" rel=\"noreferrer noopener nofollow\"><strong>web XTEC<\/strong>.<\/a><\/p>\n<p><strong><a href=\"https:\/\/xtec.gencat.cat\/ca\/formacio\/formaciogeneralprofessorat\/biblioteques_escolars\/\" target=\"_blank\" rel=\"noreferrer noopener nofollow\">Oferta formativa de 1r torn\u00a0<\/a><\/strong>del Programa de biblioteques escolars.<\/p>\n<p>Si vols m\u00e9s informaci\u00f3 clica el seg\u00fcent <a href=\"https:\/\/projectes.xtec.cat\/bescat\/general\/formacio-biblioteques-escolars-2026-2027\/\" target=\"_blank\" rel=\"noopener\"><strong>enlla\u00e7<\/strong><\/a><\/p>\n<h1><span style=\"color: #3366ff;\"><strong>ADMINISTRACI\u00d3 POLARIS<\/strong><\/span><\/h1>\n<p>Els permisos de persona administradora a Polaris van associats a formaci\u00f3. Durant el curs 2026\/2027 hi haur\u00e0 dos tipus de formacions Polaris.<\/p>\n<div class=\"oKdM2c ZZyype Kzv0Me\">\n<div id=\"h.66bef4cfd342b274_47\" class=\"hJDwNd-AhqUyc-uQSCkd Ft7HRd-AhqUyc-uQSCkd jXK9ad D2fZ2 zu5uec OjCsFc dmUFtb\">\n<div class=\"jXK9ad-SmKAyb\">\n<div class=\"tyJCtd mGzaTb Depvyb baZpAe\">\n<h2 class=\"CjVfdc\"><span class=\"C9DxTc \" style=\"color: #3366ff;\">Administraci\u00f3 Polaris 1 (APO1). 1r torn (d&#8217;octubre a febrer)<\/span><\/h2>\n<\/div>\n<\/div>\n<\/div>\n<\/div>\n<div class=\"oKdM2c ZZyype\">\n<div id=\"h.66bef4cfd342b274_49\" class=\"hJDwNd-AhqUyc-uQSCkd Ft7HRd-AhqUyc-uQSCkd jXK9ad D2fZ2 zu5uec wHaque g5GTcb\">\n<div class=\"jXK9ad-SmKAyb\">\n<div class=\"tyJCtd mGzaTb Depvyb baZpAe\">\n<p class=\"zfr3Q CDt4Ke \" dir=\"ltr\"><span class=\"C9DxTc \">Aquest curs est\u00e0 destinat a les\u00a0<\/span><span class=\"C9DxTc \">noves persones administradores de Polaris i Vega dels centres que ja disposen de l&#8217;aplicaci\u00f3. No \u00e9s per a centres nous.<\/span><span class=\"C9DxTc \">\u00a0<\/span><\/p>\n<p class=\"zfr3Q CDt4Ke \" dir=\"ltr\"><span class=\"C9DxTc \">Les persones interessades han de fer, per un costat, la inscripci\u00f3 al curs\u00a0<\/span><a class=\"XqQF9c\" href=\"https:\/\/aplicacions.gestioeducativa.gencat.cat\/ords\/pls\/soloas\/pk_for_mod_ins.p_for_detall_activitat?p_header=Llista%20d%27activitats%5Epk_for_mod_ins.p_for_cons_activitats?p_tipus_act=PBE,BEEP,BEMD,BEB1,BEAL,BERI,BAMI,BE,BEBL,BEID,BELI,BECO,BEPO,BECM,BELF,APO1,AMPR,DIBE,ALBE,BCLS%26p_totes=S%26p_inici=1%26p_excloure_crp_rec=F&amp;p_codi=9000250555&amp;p_curs=2026-2027&amp;p_excloure_crp_rec=F\" target=\"_blank\" rel=\"noopener\"><span class=\"C9DxTc aw5Odc \">Administraci\u00f3 Polaris 1<\/span><\/a><span class=\"C9DxTc \">\u00a0i, per un altre, completar el formulari seg\u00fcent (a partir del 4 de setembre). Cal l&#8217;aprovaci\u00f3 de la inscripci\u00f3 per part de l&#8217;equip directiu.<\/span><\/p>\n<p dir=\"ltr\"><a class=\"XqQF9c\" href=\"https:\/\/aplicacions.gestioeducativa.gencat.cat\/ords\/pls\/soloas\/pk_for_mod_ins.p_for_detall_activitat?p_header=Llista%20d%27activitats%5Epk_for_mod_ins.p_for_cons_activitats?p_tipus_act=PBE,BEEP,BEMD,BEB1,BEAL,BERI,BAMI,BE,BEBL,BEID,BELI,BECO,BEPO,BECM,BELF,APO1,AMPR,DIBE,ALBE,BCLS%26p_totes=S%26p_inici=1%26p_excloure_crp_rec=F&amp;p_codi=9000250555&amp;p_curs=2026-2027&amp;p_excloure_crp_rec=F\" target=\"_blank\" rel=\"noopener\"><span class=\"C9DxTc aw5Odc \">Enlla\u00e7 a inscripci\u00f3 APO1\u00a0<\/span><\/a><span class=\"C9DxTc \">(<\/span><span class=\"C9DxTc \">inscripci\u00f3 del 04\/09\/2026 al 20\/09\/2026)<\/span><\/p>\n<h2 class=\"CjVfdc\"><span class=\"C9DxTc \" style=\"color: #3366ff;\">APO2 (2n trimestre)<\/span><\/h2>\n<p>Aquest curs estar\u00e0 destinat a les persones administradores de centres que sol\u00b7licitin l&#8217;aplicaci\u00f3 Polaris. Es far\u00e0 a partir del segon trimestre.\u00a0 En cas que el centre vulgui sol\u00b7licitar l&#8217;aplicaci\u00f3, l&#8217;equip directiu pot fer la sol\u00b7licitud mitjan\u00e7ant el formulari (a partir de setembre), al seg\u00fcent <a href=\"https:\/\/sites.google.com\/xtec.cat\/be-cataleg-educacio-gencat\/inici\/formaci%C3%B3-curs-2026-2027?authuser-2\" target=\"_blank\" rel=\"noopener\"><strong>enlla\u00e7<\/strong><\/a>:<\/p>\n<p><a href=\"https:\/\/sites.google.com\/xtec.cat\/be-cataleg-educacio-gencat\/inici\/formaci%C3%B3-curs-2026-2027?authuser-2\" target=\"_blank\" rel=\"noopener\">https:\/\/sites.google.com\/xtec.cat\/be-cataleg-educacio-gencat\/inici\/formaci%C3%B3-curs-2026-2027?authuser-2<\/a><\/p>\n<p>&nbsp;<\/p>\n<p>&nbsp;<\/p>\n<\/div>\n<\/div>\n<\/div>\n<\/div>\n","protected":false},"excerpt":{"rendered":"<p>&nbsp; &nbsp; &nbsp; En aquest\u00a0Genially\u00a0trobareu la informaci\u00f3 relacionada amb els cursos del primer i del segon torn del Programa de biblioteques escolars: informaci\u00f3 general, calendari, acc\u00e9s i recomanacions. &nbsp; Us presentem l\u2019oferta formativa del Programa de biblioteques escolars. Els cursos es distribueixen en dos torns i s\u00f3n telem\u00e0tics. Trobareu formacions de 30 hores i, com [&hellip;]<\/p>\n","protected":false},"author":1,"featured_media":13216,"comment_status":"open","ping_status":"open","sticky":false,"template":"","format":"standard","meta":{"_bbp_topic_count":0,"_bbp_reply_count":0,"_bbp_total_topic_count":0,"_bbp_total_reply_count":0,"_bbp_voice_count":0,"_bbp_anonymous_reply_count":0,"_bbp_topic_count_hidden":0,"_bbp_reply_count_hidden":0,"_bbp_forum_subforum_count":0,"site-sidebar-layout":"default","site-content-layout":"","ast-site-content-layout":"default","site-content-style":"default","site-sidebar-style":"default","ast-global-header-display":"","ast-banner-title-visibility":"","ast-main-header-display":"","ast-hfb-above-header-display":"","ast-hfb-below-header-display":"","ast-hfb-mobile-header-display":"","site-post-title":"","ast-breadcrumbs-content":"","ast-featured-img":"","footer-sml-layout":"","theme-transparent-header-meta":"default","adv-header-id-meta":"","stick-header-meta":"","header-above-stick-meta":"","header-main-stick-meta":"","header-below-stick-meta":"","astra-migrate-meta-layouts":"set","ast-page-background-enabled":"default","ast-page-background-meta":{"desktop":{"background-color":"var(--ast-global-color-4)","background-image":"","background-repeat":"repeat","background-position":"center center","background-size":"auto","background-attachment":"scroll","background-type":"","background-media":"","overlay-type":"","overlay-color":"","overlay-opacity":"","overlay-gradient":""},"tablet":{"background-color":"","background-image":"","background-repeat":"repeat","background-position":"center center","background-size":"auto","background-attachment":"scroll","background-type":"","background-media":"","overlay-type":"","overlay-color":"","overlay-opacity":"","overlay-gradient":""},"mobile":{"background-color":"","background-image":"","background-repeat":"repeat","background-position":"center center","background-size":"auto","background-attachment":"scroll","background-type":"","background-media":"","overlay-type":"","overlay-color":"","overlay-opacity":"","overlay-gradient":""}},"ast-content-background-meta":{"desktop":{"background-color":"var(--ast-global-color-5)","background-image":"","background-repeat":"repeat","background-position":"center center","background-size":"auto","background-attachment":"scroll","background-type":"","background-media":"","overlay-type":"","overlay-color":"","overlay-opacity":"","overlay-gradient":""},"tablet":{"background-color":"var(--ast-global-color-5)","background-image":"","background-repeat":"repeat","background-position":"center center","background-size":"auto","background-attachment":"scroll","background-type":"","background-media":"","overlay-type":"","overlay-color":"","overlay-opacity":"","overlay-gradient":""},"mobile":{"background-color":"var(--ast-global-color-5)","background-image":"","background-repeat":"repeat","background-position":"center center","background-size":"auto","background-attachment":"scroll","background-type":"","background-media":"","overlay-type":"","overlay-color":"","overlay-opacity":"","overlay-gradient":""}},"footnotes":""},"categories":[76,178,65,68,29],"tags":[],"class_list":["post-13215","post","type-post","status-publish","format-standard","has-post-thumbnail","hentry","category-biblionoticies","category-biblioteca-escolar","category-crp","category-elic","category-portada"],"post_mailing_queue_ids":[],"_links":{"self":[{"href":"https:\/\/serveiseducatius.xtec.cat\/selva1\/wp-json\/wp\/v2\/posts\/13215","targetHints":{"allow":["GET"]}}],"collection":[{"href":"https:\/\/serveiseducatius.xtec.cat\/selva1\/wp-json\/wp\/v2\/posts"}],"about":[{"href":"https:\/\/serveiseducatius.xtec.cat\/selva1\/wp-json\/wp\/v2\/types\/post"}],"author":[{"embeddable":true,"href":"https:\/\/serveiseducatius.xtec.cat\/selva1\/wp-json\/wp\/v2\/users\/1"}],"replies":[{"embeddable":true,"href":"https:\/\/serveiseducatius.xtec.cat\/selva1\/wp-json\/wp\/v2\/comments?post=13215"}],"version-history":[{"count":5,"href":"https:\/\/serveiseducatius.xtec.cat\/selva1\/wp-json\/wp\/v2\/posts\/13215\/revisions"}],"predecessor-version":[{"id":13231,"href":"https:\/\/serveiseducatius.xtec.cat\/selva1\/wp-json\/wp\/v2\/posts\/13215\/revisions\/13231"}],"wp:featuredmedia":[{"embeddable":true,"href":"https:\/\/serveiseducatius.xtec.cat\/selva1\/wp-json\/wp\/v2\/media\/13216"}],"wp:attachment":[{"href":"https:\/\/serveiseducatius.xtec.cat\/selva1\/wp-json\/wp\/v2\/media?parent=13215"}],"wp:term":[{"taxonomy":"category","embeddable":true,"href":"https:\/\/serveiseducatius.xtec.cat\/selva1\/wp-json\/wp\/v2\/categories?post=13215"},{"taxonomy":"post_tag","embeddable":true,"href":"https:\/\/serveiseducatius.xtec.cat\/selva1\/wp-json\/wp\/v2\/tags?post=13215"}],"curies":[{"name":"wp","href":"https:\/\/api.w.org\/{rel}","templated":true}]}}