{"id":12687,"date":"2026-04-28T12:44:43","date_gmt":"2026-04-28T10:44:43","guid":{"rendered":"https:\/\/serveiseducatius.xtec.cat\/selva1\/?p=12687"},"modified":"2026-04-28T12:52:55","modified_gmt":"2026-04-28T10:52:55","slug":"compartint-mirades-visita-pedagogica-a-les-aules-siei-de-la-selva","status":"publish","type":"post","link":"https:\/\/serveiseducatius.xtec.cat\/selva1\/portada\/compartint-mirades-visita-pedagogica-a-les-aules-siei-de-la-selva\/","title":{"rendered":"Compartint mirades: Visita pedag\u00f2gica a les aules SIEI de la Selva"},"content":{"rendered":"<p><a href=\"https:\/\/serveiseducatius.xtec.cat\/selva1\/wp-content\/uploads\/usu773\/2026\/04\/siei-1.jpeg\"><img loading=\"lazy\" decoding=\"async\" class=\"wp-image-12689 aligncenter\" src=\"https:\/\/serveiseducatius.xtec.cat\/selva1\/wp-content\/uploads\/usu773\/2026\/04\/siei-1-300x169.jpeg\" alt=\"\" width=\"621\" height=\"350\" srcset=\"https:\/\/serveiseducatius.xtec.cat\/selva1\/wp-content\/uploads\/usu773\/2026\/04\/siei-1-300x169.jpeg 300w, https:\/\/serveiseducatius.xtec.cat\/selva1\/wp-content\/uploads\/usu773\/2026\/04\/siei-1-1024x576.jpeg 1024w, https:\/\/serveiseducatius.xtec.cat\/selva1\/wp-content\/uploads\/usu773\/2026\/04\/siei-1-768x432.jpeg 768w, https:\/\/serveiseducatius.xtec.cat\/selva1\/wp-content\/uploads\/usu773\/2026\/04\/siei-1-1536x864.jpeg 1536w, https:\/\/serveiseducatius.xtec.cat\/selva1\/wp-content\/uploads\/usu773\/2026\/04\/siei-1.jpeg 2000w\" sizes=\"auto, (max-width: 621px) 100vw, 621px\" \/><\/a><\/p>\n<p><span style=\"font-weight: 400;\">L\u2019intercanvi d\u2019experi\u00e8ncies entre docents \u00e9s, sens dubte, una de les eines m\u00e9s potents per a la millora educativa. Recentment, representants de <\/span><b>set centres de la zona Selva I<\/b><span style=\"font-weight: 400;\"> van participar en una jornada de visites pedag\u00f2giques amb un objectiu clar: con\u00e8ixer de prop el funcionament i la realitat de les <\/span><b>Aules SIEI<\/b><span style=\"font-weight: 400;\"> (Suport Intensiu a l&#8217;Escola Inclusiva) del territori.<\/span><\/p>\n<p><span style=\"font-weight: 400;\">La jornada va permetre teixir xarxa i observar de primera m\u00e0 com tres centres referents \u2014l&#8217;escola <\/span><b>Doctor Carulla<\/b><span style=\"font-weight: 400;\">, l&#8217;<\/span><b>INS Montsoriu<\/b><span style=\"font-weight: 400;\"> d&#8217;Arb\u00facies i l&#8217;escola <\/span><b>Guilleries<\/b><span style=\"font-weight: 400;\"> de Sant Hilari Sacalm\u2014 donen resposta a la diversitat del seu alumnat.<\/span><\/p>\n<p><span style=\"font-weight: 400;\">Durant les visites, els i les docents van poder aprofundir en els pilars que fan d&#8217;aquestes aules espais d&#8217;oportunitats. Aquests han estat els punts clau de l&#8217;observaci\u00f3:<\/span><\/p>\n<ul>\n<li style=\"font-weight: 400;\" aria-level=\"1\"><b>Metodologia i Treball:<\/b><span style=\"font-weight: 400;\"> S&#8217;ha posat el focus en l\u2019enfocament competencial i en com el treball s&#8217;adapta al ritme de cada alumne, prioritzant l&#8217;autonomia i la inclusi\u00f3 en el grup ordinari.<\/span><\/li>\n<li style=\"font-weight: 400;\" aria-level=\"1\"><b>Organitzaci\u00f3 de l\u2019espai:<\/b><span style=\"font-weight: 400;\"> Hem descobert com l&#8217;estructura f\u00edsica de l&#8217;aula influeix en l&#8217;aprenentatge, des de racons de treball individual fins a zones de relaxaci\u00f3 o treball cooperatiu.<\/span><\/li>\n<li style=\"font-weight: 400;\" aria-level=\"1\"><b>Recursos i Materials:<\/b><span style=\"font-weight: 400;\"> L&#8217;\u00fas de materials manipulatius, suports visuals i eines digitals adaptades ha demostrat ser clau per eliminar barreres d&#8217;aprenentatge.<\/span><\/li>\n<\/ul>\n<p><span style=\"font-weight: 400;\">Volem destacar la tasca singular de cadascun dels centres visitats, que ens van obrir les portes amb total transpar\u00e8ncia:<\/span><\/p>\n<p><span style=\"font-weight: 400;\">Des del SE de la selva I, volem expressar el nostre m\u00e9s sincer agra\u00efment a l&#8217;escola <\/span><b>Doctor Carulla<\/b><span style=\"font-weight: 400;\">, a l&#8217;<\/span><b>INS Montsoriu<\/b><span style=\"font-weight: 400;\"> i a l&#8217;escola <\/span><b>Guilleries<\/b><span style=\"font-weight: 400;\">.\u00a0<\/span><\/p>\n<p><span style=\"font-weight: 400;\">Gr\u00e0cies per la vostra <\/span><b>excel\u00b7lent predisposici\u00f3<\/b><span style=\"font-weight: 400;\">, per acollir-nos amb tanta generositat i per compartir el vostre coneixement i dia a dia amb la resta de companys i companyes.<\/span><\/p>\n<p><span style=\"font-weight: 400;\">Iniciatives com aquesta ens recorden que, treballant plegats, fem de l&#8217;escola inclusiva una realitat cada cop m\u00e9s s\u00f2lida.<\/span><\/p>\n<p><strong><i>&#8220;La inclusi\u00f3 no \u00e9s nom\u00e9s estar dins la classe, \u00e9s participar-hi i cr\u00e9ixer amb tothom.&#8221;<\/i><\/strong><\/p>\n<p><a href=\"https:\/\/serveiseducatius.xtec.cat\/selva1\/wp-content\/uploads\/usu773\/2026\/04\/siei-2.jpeg\"><img loading=\"lazy\" decoding=\"async\" class=\"wp-image-12690 aligncenter\" src=\"https:\/\/serveiseducatius.xtec.cat\/selva1\/wp-content\/uploads\/usu773\/2026\/04\/siei-2-300x169.jpeg\" alt=\"\" width=\"655\" height=\"369\" srcset=\"https:\/\/serveiseducatius.xtec.cat\/selva1\/wp-content\/uploads\/usu773\/2026\/04\/siei-2-300x169.jpeg 300w, https:\/\/serveiseducatius.xtec.cat\/selva1\/wp-content\/uploads\/usu773\/2026\/04\/siei-2-1024x576.jpeg 1024w, https:\/\/serveiseducatius.xtec.cat\/selva1\/wp-content\/uploads\/usu773\/2026\/04\/siei-2-768x432.jpeg 768w, https:\/\/serveiseducatius.xtec.cat\/selva1\/wp-content\/uploads\/usu773\/2026\/04\/siei-2-1536x864.jpeg 1536w, https:\/\/serveiseducatius.xtec.cat\/selva1\/wp-content\/uploads\/usu773\/2026\/04\/siei-2.jpeg 2000w\" sizes=\"auto, (max-width: 655px) 100vw, 655px\" \/><\/a><\/p>\n","protected":false},"excerpt":{"rendered":"<p>L\u2019intercanvi d\u2019experi\u00e8ncies entre docents \u00e9s, sens dubte, una de les eines m\u00e9s potents per a la millora educativa. Recentment, representants de set centres de la zona Selva I van participar en una jornada de visites pedag\u00f2giques amb un objectiu clar: con\u00e8ixer de prop el funcionament i la realitat de les Aules SIEI (Suport Intensiu a [&hellip;]<\/p>\n","protected":false},"author":1,"featured_media":12689,"comment_status":"open","ping_status":"open","sticky":false,"template":"","format":"standard","meta":{"_bbp_topic_count":0,"_bbp_reply_count":0,"_bbp_total_topic_count":0,"_bbp_total_reply_count":0,"_bbp_voice_count":0,"_bbp_anonymous_reply_count":0,"_bbp_topic_count_hidden":0,"_bbp_reply_count_hidden":0,"_bbp_forum_subforum_count":0,"site-sidebar-layout":"default","site-content-layout":"","ast-site-content-layout":"default","site-content-style":"default","site-sidebar-style":"default","ast-global-header-display":"","ast-banner-title-visibility":"","ast-main-header-display":"","ast-hfb-above-header-display":"","ast-hfb-below-header-display":"","ast-hfb-mobile-header-display":"","site-post-title":"","ast-breadcrumbs-content":"","ast-featured-img":"","footer-sml-layout":"","theme-transparent-header-meta":"default","adv-header-id-meta":"","stick-header-meta":"","header-above-stick-meta":"","header-main-stick-meta":"","header-below-stick-meta":"","astra-migrate-meta-layouts":"set","ast-page-background-enabled":"default","ast-page-background-meta":{"desktop":{"background-color":"var(--ast-global-color-4)","background-image":"","background-repeat":"repeat","background-position":"center center","background-size":"auto","background-attachment":"scroll","background-type":"","background-media":"","overlay-type":"","overlay-color":"","overlay-opacity":"","overlay-gradient":""},"tablet":{"background-color":"","background-image":"","background-repeat":"repeat","background-position":"center center","background-size":"auto","background-attachment":"scroll","background-type":"","background-media":"","overlay-type":"","overlay-color":"","overlay-opacity":"","overlay-gradient":""},"mobile":{"background-color":"","background-image":"","background-repeat":"repeat","background-position":"center center","background-size":"auto","background-attachment":"scroll","background-type":"","background-media":"","overlay-type":"","overlay-color":"","overlay-opacity":"","overlay-gradient":""}},"ast-content-background-meta":{"desktop":{"background-color":"var(--ast-global-color-5)","background-image":"","background-repeat":"repeat","background-position":"center center","background-size":"auto","background-attachment":"scroll","background-type":"","background-media":"","overlay-type":"","overlay-color":"","overlay-opacity":"","overlay-gradient":""},"tablet":{"background-color":"var(--ast-global-color-5)","background-image":"","background-repeat":"repeat","background-position":"center center","background-size":"auto","background-attachment":"scroll","background-type":"","background-media":"","overlay-type":"","overlay-color":"","overlay-opacity":"","overlay-gradient":""},"mobile":{"background-color":"var(--ast-global-color-5)","background-image":"","background-repeat":"repeat","background-position":"center center","background-size":"auto","background-attachment":"scroll","background-type":"","background-media":"","overlay-type":"","overlay-color":"","overlay-opacity":"","overlay-gradient":""}},"footnotes":""},"categories":[65,67,29],"tags":[],"class_list":["post-12687","post","type-post","status-publish","format-standard","has-post-thumbnail","hentry","category-crp","category-eap","category-portada"],"post_mailing_queue_ids":[],"_links":{"self":[{"href":"https:\/\/serveiseducatius.xtec.cat\/selva1\/wp-json\/wp\/v2\/posts\/12687","targetHints":{"allow":["GET"]}}],"collection":[{"href":"https:\/\/serveiseducatius.xtec.cat\/selva1\/wp-json\/wp\/v2\/posts"}],"about":[{"href":"https:\/\/serveiseducatius.xtec.cat\/selva1\/wp-json\/wp\/v2\/types\/post"}],"author":[{"embeddable":true,"href":"https:\/\/serveiseducatius.xtec.cat\/selva1\/wp-json\/wp\/v2\/users\/1"}],"replies":[{"embeddable":true,"href":"https:\/\/serveiseducatius.xtec.cat\/selva1\/wp-json\/wp\/v2\/comments?post=12687"}],"version-history":[{"count":2,"href":"https:\/\/serveiseducatius.xtec.cat\/selva1\/wp-json\/wp\/v2\/posts\/12687\/revisions"}],"predecessor-version":[{"id":12691,"href":"https:\/\/serveiseducatius.xtec.cat\/selva1\/wp-json\/wp\/v2\/posts\/12687\/revisions\/12691"}],"wp:featuredmedia":[{"embeddable":true,"href":"https:\/\/serveiseducatius.xtec.cat\/selva1\/wp-json\/wp\/v2\/media\/12689"}],"wp:attachment":[{"href":"https:\/\/serveiseducatius.xtec.cat\/selva1\/wp-json\/wp\/v2\/media?parent=12687"}],"wp:term":[{"taxonomy":"category","embeddable":true,"href":"https:\/\/serveiseducatius.xtec.cat\/selva1\/wp-json\/wp\/v2\/categories?post=12687"},{"taxonomy":"post_tag","embeddable":true,"href":"https:\/\/serveiseducatius.xtec.cat\/selva1\/wp-json\/wp\/v2\/tags?post=12687"}],"curies":[{"name":"wp","href":"https:\/\/api.w.org\/{rel}","templated":true}]}}