{"id":12427,"date":"2026-02-28T09:58:25","date_gmt":"2026-02-28T08:58:25","guid":{"rendered":"https:\/\/serveiseducatius.xtec.cat\/selva1\/?p=12427"},"modified":"2026-02-28T09:58:57","modified_gmt":"2026-02-28T08:58:57","slug":"dia-mundial-de-la-poesia-2026","status":"publish","type":"post","link":"https:\/\/serveiseducatius.xtec.cat\/selva1\/portada\/dia-mundial-de-la-poesia-2026\/","title":{"rendered":"Dia Mundial de la Poesia 2026"},"content":{"rendered":"<p><a href=\"https:\/\/serveiseducatius.xtec.cat\/selva1\/wp-content\/uploads\/usu773\/2026\/02\/ILC2026DiaMundialPoesia_IG-FB.jpg\"><img loading=\"lazy\" decoding=\"async\" class=\"wp-image-12428 aligncenter\" src=\"https:\/\/serveiseducatius.xtec.cat\/selva1\/wp-content\/uploads\/usu773\/2026\/02\/ILC2026DiaMundialPoesia_IG-FB-240x300.jpg\" alt=\"\" width=\"382\" height=\"478\" srcset=\"https:\/\/serveiseducatius.xtec.cat\/selva1\/wp-content\/uploads\/usu773\/2026\/02\/ILC2026DiaMundialPoesia_IG-FB-240x300.jpg 240w, https:\/\/serveiseducatius.xtec.cat\/selva1\/wp-content\/uploads\/usu773\/2026\/02\/ILC2026DiaMundialPoesia_IG-FB-819x1024.jpg 819w, https:\/\/serveiseducatius.xtec.cat\/selva1\/wp-content\/uploads\/usu773\/2026\/02\/ILC2026DiaMundialPoesia_IG-FB-768x960.jpg 768w, https:\/\/serveiseducatius.xtec.cat\/selva1\/wp-content\/uploads\/usu773\/2026\/02\/ILC2026DiaMundialPoesia_IG-FB.jpg 1080w\" sizes=\"auto, (max-width: 382px) 100vw, 382px\" \/><\/a><\/p>\n<h1 class=\"cl-article-header__titol\">El Dia Mundial de la Poesia 2026 es transforma en un festival de pa\u00eds amb nou actes arreu de Catalunya<\/h1>\n<p>&nbsp;<\/p>\n<div class=\"cl-article__subtitol\">\n<ul>\n<li>Entre el 15 i el 25 de mar\u00e7 se celebraran activitats a Tremp, Lleida, Santa Margarida de Montbui, el Pont de Suert, Tarragona, Tortosa, Solsona, Barcelona i Girona<\/li>\n<li>Les propostes combinen poesia amb diferents disciplines art\u00edstiques i enguany es dediquen a Blai Bonet, Clementina Arderiu i Joan Alcover, a partir de tres grans temes presents en les seves obres: l\u2019amor, la mort i l\u2019espiritualitat<\/li>\n<\/ul>\n<\/div>\n<div class=\"cl-article-bloc ng-star-inserted\">\n<div>\n<p>El Dia Mundial de la Poesia (DMP) celebra enguany la seva 19a edici\u00f3 amb un nou format que el converteix en un\u00a0<strong>festival po\u00e8tic de pa\u00eds<\/strong>, descentralitzat i amb vocaci\u00f3 d\u2019arribar a tot el territori. Entre els dies\u00a0<strong>15 i 25 de mar\u00e7<\/strong>, el DMP 2026 oferir\u00e0\u00a0<strong>nou activitats centrals<\/strong>\u00a0a\u00a0<strong>nou localitats catalanes<\/strong>, un conjunt de propostes que reforcen l\u2019arrelament territorial, la participaci\u00f3 comunit\u00e0ria i la diversitat de llenguatges art\u00edstics.<\/p>\n<p>Proclamat per la UNESCO l\u2019any 1999, el Dia Mundial de la Poesia se celebra a Catalunya des del 2008 sota l\u2019impuls de la Instituci\u00f3 de les Lletres Catalanes (ILC) i la Federaci\u00f3 Catalana d\u2019Associacions i Clubs UNESCO. Al llarg de divuit edicions, la iniciativa ha crescut fins a consolidar-se com una cita ineludible al calendari cultural que enguany aposta per un nou enfocament.<\/p>\n<\/div>\n<\/div>\n<p>En la dinovena edici\u00f3 del DMP, la ILC ha escollit el poema \u201cFoc d\u2019ocell\u201d, de Blai Bonet, de qui enguany commemorem el centenari del naixement, i l\u2019ha fet traduir a vint-i-una lleng\u00fces, entre les quals hi ha les altres cooficials a l\u2019Estat, les m\u00e9s parlades a Catalunya i la llengua de signes catalana.<\/p>\n<p><a href=\"https:\/\/cultura.gencat.cat\/web\/.content\/ilc\/03-programes\/dia-mundial-poesia\/DMP-2026\/ILC2026DiaMundialPoesia_IG-FB_poema-bo.pdf\" target=\"_blank\" rel=\"noopener\"><strong>POEMA<\/strong><\/a><\/p>\n<p><a href=\"https:\/\/cultura.gencat.cat\/web\/.content\/ilc\/03-programes\/dia-mundial-poesia\/DMP-2026\/ILC2026DiaMundialPoesia_Fullet.pdf\" target=\"_blank\" rel=\"noopener\"><strong>FULLET<\/strong><\/a><\/p>\n<p><a href=\"https:\/\/cultura.gencat.cat\/web\/.content\/ilc\/03-programes\/dia-mundial-poesia\/DMP-2026\/ILC2026DiaMundialPoesia_Programa.pdf\" target=\"_blank\" rel=\"noopener\"><strong>PROGRAMA<\/strong><\/a><\/p>\n<p><a href=\"https:\/\/cultura.gencat.cat\/ca\/ilc\/detalls\/activitat\/2026-03-15-DMP\" target=\"_blank\" rel=\"noopener\"><strong>ACTES CENTRALS<\/strong><\/a><\/p>\n<p><a href=\"https:\/\/cultura.gencat.cat\/web\/.content\/ilc\/03-programes\/dia-mundial-poesia\/DMP-2026\/DMP_2026_Dossier-didactic.pdf\" target=\"_blank\" rel=\"noopener\"><strong>DOSSIER DID\u00c0CTIC<\/strong><\/a><\/p>\n<p>Per a m\u00e9s informaci\u00f3, clica el seg\u00fcent <a href=\"https:\/\/cultura.gencat.cat\/ca\/ilc\/que-fem\/programes\/dia-mundial-de-la-poesia\/index.html\" target=\"_blank\" rel=\"noopener\"><strong>enlla\u00e7<\/strong><\/a><\/p>\n","protected":false},"excerpt":{"rendered":"<p>El Dia Mundial de la Poesia 2026 es transforma en un festival de pa\u00eds amb nou actes arreu de Catalunya &nbsp; Entre el 15 i el 25 de mar\u00e7 se celebraran activitats a Tremp, Lleida, Santa Margarida de Montbui, el Pont de Suert, Tarragona, Tortosa, Solsona, Barcelona i Girona Les propostes combinen poesia amb diferents [&hellip;]<\/p>\n","protected":false},"author":1,"featured_media":12428,"comment_status":"open","ping_status":"open","sticky":false,"template":"","format":"standard","meta":{"_bbp_topic_count":0,"_bbp_reply_count":0,"_bbp_total_topic_count":0,"_bbp_total_reply_count":0,"_bbp_voice_count":0,"_bbp_anonymous_reply_count":0,"_bbp_topic_count_hidden":0,"_bbp_reply_count_hidden":0,"_bbp_forum_subforum_count":0,"site-sidebar-layout":"default","site-content-layout":"","ast-site-content-layout":"default","site-content-style":"default","site-sidebar-style":"default","ast-global-header-display":"","ast-banner-title-visibility":"","ast-main-header-display":"","ast-hfb-above-header-display":"","ast-hfb-below-header-display":"","ast-hfb-mobile-header-display":"","site-post-title":"","ast-breadcrumbs-content":"","ast-featured-img":"","footer-sml-layout":"","theme-transparent-header-meta":"default","adv-header-id-meta":"","stick-header-meta":"","header-above-stick-meta":"","header-main-stick-meta":"","header-below-stick-meta":"","astra-migrate-meta-layouts":"set","ast-page-background-enabled":"default","ast-page-background-meta":{"desktop":{"background-color":"var(--ast-global-color-4)","background-image":"","background-repeat":"repeat","background-position":"center center","background-size":"auto","background-attachment":"scroll","background-type":"","background-media":"","overlay-type":"","overlay-color":"","overlay-opacity":"","overlay-gradient":""},"tablet":{"background-color":"","background-image":"","background-repeat":"repeat","background-position":"center center","background-size":"auto","background-attachment":"scroll","background-type":"","background-media":"","overlay-type":"","overlay-color":"","overlay-opacity":"","overlay-gradient":""},"mobile":{"background-color":"","background-image":"","background-repeat":"repeat","background-position":"center center","background-size":"auto","background-attachment":"scroll","background-type":"","background-media":"","overlay-type":"","overlay-color":"","overlay-opacity":"","overlay-gradient":""}},"ast-content-background-meta":{"desktop":{"background-color":"var(--ast-global-color-5)","background-image":"","background-repeat":"repeat","background-position":"center center","background-size":"auto","background-attachment":"scroll","background-type":"","background-media":"","overlay-type":"","overlay-color":"","overlay-opacity":"","overlay-gradient":""},"tablet":{"background-color":"var(--ast-global-color-5)","background-image":"","background-repeat":"repeat","background-position":"center center","background-size":"auto","background-attachment":"scroll","background-type":"","background-media":"","overlay-type":"","overlay-color":"","overlay-opacity":"","overlay-gradient":""},"mobile":{"background-color":"var(--ast-global-color-5)","background-image":"","background-repeat":"repeat","background-position":"center center","background-size":"auto","background-attachment":"scroll","background-type":"","background-media":"","overlay-type":"","overlay-color":"","overlay-opacity":"","overlay-gradient":""}},"footnotes":""},"categories":[76,178,65,66,68,181,29],"tags":[],"class_list":["post-12427","post","type-post","status-publish","format-standard","has-post-thumbnail","hentry","category-biblionoticies","category-biblioteca-escolar","category-crp","category-dinamitzacio","category-elic","category-llengua","category-portada"],"post_mailing_queue_ids":[],"_links":{"self":[{"href":"https:\/\/serveiseducatius.xtec.cat\/selva1\/wp-json\/wp\/v2\/posts\/12427","targetHints":{"allow":["GET"]}}],"collection":[{"href":"https:\/\/serveiseducatius.xtec.cat\/selva1\/wp-json\/wp\/v2\/posts"}],"about":[{"href":"https:\/\/serveiseducatius.xtec.cat\/selva1\/wp-json\/wp\/v2\/types\/post"}],"author":[{"embeddable":true,"href":"https:\/\/serveiseducatius.xtec.cat\/selva1\/wp-json\/wp\/v2\/users\/1"}],"replies":[{"embeddable":true,"href":"https:\/\/serveiseducatius.xtec.cat\/selva1\/wp-json\/wp\/v2\/comments?post=12427"}],"version-history":[{"count":2,"href":"https:\/\/serveiseducatius.xtec.cat\/selva1\/wp-json\/wp\/v2\/posts\/12427\/revisions"}],"predecessor-version":[{"id":12430,"href":"https:\/\/serveiseducatius.xtec.cat\/selva1\/wp-json\/wp\/v2\/posts\/12427\/revisions\/12430"}],"wp:featuredmedia":[{"embeddable":true,"href":"https:\/\/serveiseducatius.xtec.cat\/selva1\/wp-json\/wp\/v2\/media\/12428"}],"wp:attachment":[{"href":"https:\/\/serveiseducatius.xtec.cat\/selva1\/wp-json\/wp\/v2\/media?parent=12427"}],"wp:term":[{"taxonomy":"category","embeddable":true,"href":"https:\/\/serveiseducatius.xtec.cat\/selva1\/wp-json\/wp\/v2\/categories?post=12427"},{"taxonomy":"post_tag","embeddable":true,"href":"https:\/\/serveiseducatius.xtec.cat\/selva1\/wp-json\/wp\/v2\/tags?post=12427"}],"curies":[{"name":"wp","href":"https:\/\/api.w.org\/{rel}","templated":true}]}}