{"id":11762,"date":"2025-10-24T08:58:54","date_gmt":"2025-10-24T06:58:54","guid":{"rendered":"https:\/\/serveiseducatius.xtec.cat\/selva1\/?p=11762"},"modified":"2025-10-24T08:58:54","modified_gmt":"2025-10-24T06:58:54","slug":"arriba-la-8a-edicio-de-lifest-la-competicio-que-impulsa-la-creativitat-i-lemprenedoria-juvenil-a-catalunya","status":"publish","type":"post","link":"https:\/\/serveiseducatius.xtec.cat\/selva1\/portada\/arriba-la-8a-edicio-de-lifest-la-competicio-que-impulsa-la-creativitat-i-lemprenedoria-juvenil-a-catalunya\/","title":{"rendered":"Arriba la 8a edici\u00f3 de l\u2019iFest, la competici\u00f3 que impulsa la creativitat i l\u2019emprenedoria juvenil a Catalunya."},"content":{"rendered":"<p><a href=\"https:\/\/serveiseducatius.xtec.cat\/selva1\/wp-content\/uploads\/usu773\/2025\/10\/ifest.jpg\"><img loading=\"lazy\" decoding=\"async\" class=\"wp-image-11763 alignleft\" src=\"https:\/\/serveiseducatius.xtec.cat\/selva1\/wp-content\/uploads\/usu773\/2025\/10\/ifest-300x165.jpg\" alt=\"\" width=\"413\" height=\"227\" srcset=\"https:\/\/serveiseducatius.xtec.cat\/selva1\/wp-content\/uploads\/usu773\/2025\/10\/ifest-300x165.jpg 300w, https:\/\/serveiseducatius.xtec.cat\/selva1\/wp-content\/uploads\/usu773\/2025\/10\/ifest.jpg 651w\" sizes=\"auto, (max-width: 413px) 100vw, 413px\" \/><\/a><\/p>\n<p><em>La 8a edici\u00f3 de l\u2019iFest ja est\u00e0 en marxa! Arriba la competici\u00f3 per fomentar l\u2019emprenedoria entre el jovent de Catalunya. Alumnes d\u2019ESO, Batxillerat, Formaci\u00f3 Professional estudiants universitaris i joves emprenedors tenen l\u2019oportunitat de demostrar la seva creativitat i plantejar solucions a reptes proposats per empreses i institucions. Una iniciativa de la Generalitat de Catalunya per potenciar l\u2019emprenedoria i les compet\u00e8ncies del futur.<\/em><\/p>\n<p>Es posa en marxa la\u00a0<strong>vuitena edici\u00f3 de l\u2019iFest, un programa d\u2019emprenedoria i innovaci\u00f3 que promou el talent del jovent del pa\u00eds<\/strong>\u00a0amb l\u2019objectiu d\u2019incentivar i fomentar la seva capacitat per aportar solucions a reptes de la societat i fer-les realitat. Aquesta iniciativa busca conscienciar els i les joves\u00a0<strong>que les seves idees tenen valor i poden transformar el m\u00f3n<\/strong>, alhora que els proporciona\u00a0<strong>eines i recursos per desenvolupar-les<\/strong>.<\/p>\n<p>L\u2019iFest \u00e9s un programa estrat\u00e8gic que ofereix\u00a0<strong>acompanyament i formaci\u00f3 en innovaci\u00f3<\/strong>,\u00a0<strong>tecnologia i emprenedoria<\/strong>\u00a0per promoure el talent i fomentar la creaci\u00f3 de projectes amb un impacte real. Un espai \u00fanic que es converteix en una\u00a0<strong>competici\u00f3 per empoderar l\u2019alumnat a desenvolupar les seves habilitats creatives, treballar en equip, i afegir valor als reptes plantejats per les diverses empreses i institucions<\/strong>. D\u2019aquesta manera, es promou l\u2019aprenentatge pr\u00e0ctic i es crea una\u00a0<strong>experi\u00e8ncia transformadora que connecta el jovent amb les necessitats de les societats.<\/strong><\/p>\n<p>Els participants de l\u2019iFest s\u00f3n\u00a0<strong>estudiants de 3r i 4t d\u2019ESO, formaci\u00f3 professional, batxillerat, estudiants universitaris i\/o emprenedors\/es de fins a 30 anys<\/strong>\u00a0que s\u2019organitzaran en equips de dos o tres participants (<em>players)<\/em>\u00a0per resoldre els reptes. Aquests combinen ci\u00e8ncia, tecnologia i disrupci\u00f3 i estan estretament vinculats als\u00a0<strong>Objectius de Desenvolupament Sostenible (ODS)<\/strong>, amb l\u2019objectiu de generar un impacte social tangible.<\/p>\n<p>Enguany,\u00a0<strong>el programa reuneix cinc departaments de la Generalitat de Catalunya<\/strong>\u00a0(Empresa i Treball; Educaci\u00f3 i Formaci\u00f3 Professional; Recerca i Universitats, Agricultura, Ramaderia, Pesca i Alimentaci\u00f3; i Cultura) per posar al servei dels joves\u00a0<strong>reptes que permetin explorar solucions innovadores amb aplicaci\u00f3 real.<\/strong><\/p>\n<p><strong><u>Els reptes d\u2019aquesta edici\u00f3<\/u><\/strong><\/p>\n<p>Tens idees, creativitat i ganes de transformar el m\u00f3n? L\u2019iFest torna amb la seva 8a edici\u00f3 i et convida a formar equip, resoldre reptes reals i demostrar que les teves propostes poden tenir un impacte en la societat. No deixis passar l\u2019oportunitat d\u2019aprendre, innovar i fer brillar el teu talent!<\/p>\n<p>M\u00e9s informaci\u00f3 al <a href=\"https:\/\/ifest.cat\/\" target=\"_blank\" rel=\"noopener\"><strong>web iFest<\/strong><\/a><\/p>\n<p>&nbsp;<\/p>\n<p>&nbsp;<\/p>\n<pre class=\"wp-block-verse\"><\/pre>\n","protected":false},"excerpt":{"rendered":"<p>La 8a edici\u00f3 de l\u2019iFest ja est\u00e0 en marxa! Arriba la competici\u00f3 per fomentar l\u2019emprenedoria entre el jovent de Catalunya. Alumnes d\u2019ESO, Batxillerat, Formaci\u00f3 Professional estudiants universitaris i joves emprenedors tenen l\u2019oportunitat de demostrar la seva creativitat i plantejar solucions a reptes proposats per empreses i institucions. Una iniciativa de la Generalitat de Catalunya per [&hellip;]<\/p>\n","protected":false},"author":1,"featured_media":11763,"comment_status":"open","ping_status":"open","sticky":false,"template":"","format":"standard","meta":{"_bbp_topic_count":0,"_bbp_reply_count":0,"_bbp_total_topic_count":0,"_bbp_total_reply_count":0,"_bbp_voice_count":0,"_bbp_anonymous_reply_count":0,"_bbp_topic_count_hidden":0,"_bbp_reply_count_hidden":0,"_bbp_forum_subforum_count":0,"site-sidebar-layout":"default","site-content-layout":"","ast-site-content-layout":"","site-content-style":"default","site-sidebar-style":"default","ast-global-header-display":"","ast-banner-title-visibility":"","ast-main-header-display":"","ast-hfb-above-header-display":"","ast-hfb-below-header-display":"","ast-hfb-mobile-header-display":"","site-post-title":"","ast-breadcrumbs-content":"","ast-featured-img":"","footer-sml-layout":"","theme-transparent-header-meta":"","adv-header-id-meta":"","stick-header-meta":"","header-above-stick-meta":"","header-main-stick-meta":"","header-below-stick-meta":"","astra-migrate-meta-layouts":"default","ast-page-background-enabled":"default","ast-page-background-meta":{"desktop":{"background-color":"var(--ast-global-color-4)","background-image":"","background-repeat":"repeat","background-position":"center center","background-size":"auto","background-attachment":"scroll","background-type":"","background-media":"","overlay-type":"","overlay-color":"","overlay-opacity":"","overlay-gradient":""},"tablet":{"background-color":"","background-image":"","background-repeat":"repeat","background-position":"center center","background-size":"auto","background-attachment":"scroll","background-type":"","background-media":"","overlay-type":"","overlay-color":"","overlay-opacity":"","overlay-gradient":""},"mobile":{"background-color":"","background-image":"","background-repeat":"repeat","background-position":"center center","background-size":"auto","background-attachment":"scroll","background-type":"","background-media":"","overlay-type":"","overlay-color":"","overlay-opacity":"","overlay-gradient":""}},"ast-content-background-meta":{"desktop":{"background-color":"var(--ast-global-color-5)","background-image":"","background-repeat":"repeat","background-position":"center center","background-size":"auto","background-attachment":"scroll","background-type":"","background-media":"","overlay-type":"","overlay-color":"","overlay-opacity":"","overlay-gradient":""},"tablet":{"background-color":"var(--ast-global-color-5)","background-image":"","background-repeat":"repeat","background-position":"center center","background-size":"auto","background-attachment":"scroll","background-type":"","background-media":"","overlay-type":"","overlay-color":"","overlay-opacity":"","overlay-gradient":""},"mobile":{"background-color":"var(--ast-global-color-5)","background-image":"","background-repeat":"repeat","background-position":"center center","background-size":"auto","background-attachment":"scroll","background-type":"","background-media":"","overlay-type":"","overlay-color":"","overlay-opacity":"","overlay-gradient":""}},"footnotes":""},"categories":[65,29],"tags":[],"class_list":["post-11762","post","type-post","status-publish","format-standard","has-post-thumbnail","hentry","category-crp","category-portada"],"post_mailing_queue_ids":[],"_links":{"self":[{"href":"https:\/\/serveiseducatius.xtec.cat\/selva1\/wp-json\/wp\/v2\/posts\/11762","targetHints":{"allow":["GET"]}}],"collection":[{"href":"https:\/\/serveiseducatius.xtec.cat\/selva1\/wp-json\/wp\/v2\/posts"}],"about":[{"href":"https:\/\/serveiseducatius.xtec.cat\/selva1\/wp-json\/wp\/v2\/types\/post"}],"author":[{"embeddable":true,"href":"https:\/\/serveiseducatius.xtec.cat\/selva1\/wp-json\/wp\/v2\/users\/1"}],"replies":[{"embeddable":true,"href":"https:\/\/serveiseducatius.xtec.cat\/selva1\/wp-json\/wp\/v2\/comments?post=11762"}],"version-history":[{"count":1,"href":"https:\/\/serveiseducatius.xtec.cat\/selva1\/wp-json\/wp\/v2\/posts\/11762\/revisions"}],"predecessor-version":[{"id":11764,"href":"https:\/\/serveiseducatius.xtec.cat\/selva1\/wp-json\/wp\/v2\/posts\/11762\/revisions\/11764"}],"wp:featuredmedia":[{"embeddable":true,"href":"https:\/\/serveiseducatius.xtec.cat\/selva1\/wp-json\/wp\/v2\/media\/11763"}],"wp:attachment":[{"href":"https:\/\/serveiseducatius.xtec.cat\/selva1\/wp-json\/wp\/v2\/media?parent=11762"}],"wp:term":[{"taxonomy":"category","embeddable":true,"href":"https:\/\/serveiseducatius.xtec.cat\/selva1\/wp-json\/wp\/v2\/categories?post=11762"},{"taxonomy":"post_tag","embeddable":true,"href":"https:\/\/serveiseducatius.xtec.cat\/selva1\/wp-json\/wp\/v2\/tags?post=11762"}],"curies":[{"name":"wp","href":"https:\/\/api.w.org\/{rel}","templated":true}]}}