{"id":11747,"date":"2025-10-23T14:09:52","date_gmt":"2025-10-23T12:09:52","guid":{"rendered":"https:\/\/serveiseducatius.xtec.cat\/selva1\/?p=11747"},"modified":"2025-10-24T09:32:43","modified_gmt":"2025-10-24T07:32:43","slug":"tret-de-sortida-del-seminari-de-literatura-infantil-i-juvenil-i-biblioteques-escolars-de-la-selva-interior","status":"publish","type":"post","link":"https:\/\/serveiseducatius.xtec.cat\/selva1\/portada\/tret-de-sortida-del-seminari-de-literatura-infantil-i-juvenil-i-biblioteques-escolars-de-la-selva-interior\/","title":{"rendered":"Tret de sortida del seminari de Literatura Infantil i Juvenil i Biblioteques Escolars de la Selva Interior"},"content":{"rendered":"<p><a href=\"https:\/\/serveiseducatius.xtec.cat\/selva1\/wp-content\/uploads\/usu773\/2025\/10\/poesia-1.jpg\"><img loading=\"lazy\" decoding=\"async\" class=\"wp-image-11748 alignleft\" src=\"https:\/\/serveiseducatius.xtec.cat\/selva1\/wp-content\/uploads\/usu773\/2025\/10\/poesia-1-277x300.jpg\" alt=\"\" width=\"358\" height=\"388\" srcset=\"https:\/\/serveiseducatius.xtec.cat\/selva1\/wp-content\/uploads\/usu773\/2025\/10\/poesia-1-277x300.jpg 277w, https:\/\/serveiseducatius.xtec.cat\/selva1\/wp-content\/uploads\/usu773\/2025\/10\/poesia-1.jpg 612w\" sizes=\"auto, (max-width: 358px) 100vw, 358px\" \/><\/a><\/p>\n<p>El dimecres 22 d&#8217;octubre va tenir lloc la primera sessi\u00f3 del seminari de biblioteques escolars de la Selva Interior.<\/p>\n<p>Enguany focalitzem en POESIA, sovint la gran oblidada o treballada de forma puntual als centres. La sessi\u00f3 constava de dues pr\u00e0ctiques puntuals diferenciades per\u00f2 molt transferibles a les aules. Ens agrada comen\u00e7ar amb for\u00e7a, dinamisme, participaci\u00f3, pr\u00e0ctiques funcionals i \u00fatils pels docents.<\/p>\n<p>Un dels principals objectius del seminari \u00e9s poder mantenir <span style=\"font-weight: 400;\">un <\/span><b>grup literari estable<\/b><span style=\"font-weight: 400;\">, un nucli s\u00f2lid a la Selva interior. Gr\u00e0cies a les assistents, al seu inter\u00e8s, participaci\u00f3, al saber estar, als vincles creats&#8230; S&#8217;ha pogut mantenir i fins i tot hem crescut! Inaugurem la VIIa edici\u00f3, content\u00edssims!<\/span><\/p>\n<p>La primera pr\u00e0ctica: <strong>Poesia revelada o blackout poetry<\/strong><\/p>\n<p><span style=\"font-weight: 400;\">La <\/span><b>poesia revelada<\/b><span style=\"font-weight: 400;\"> o <\/span>blackout poetry<span style=\"font-weight: 400;\"> \u00e9s una forma art\u00edstica que consisteix a crear poemes ocultant paraules d\u2019un text existent, com ara una p\u00e0gina de llibre o un diari, i deixant visibles nom\u00e9s les que formen el nou poema. Aquesta t\u00e8cnica transforma textos ordinaris en obres po\u00e8tiques inesperades, on el silenci i l\u2019espai tenen tant pes com les paraules. \u00c9s una pr\u00e0ctica de creaci\u00f3 i descobriment alhora, que convida a mirar la llengua amb nous ulls. Una fusi\u00f3 de literatura i art que ens va captivar quan ho vam provar. Compte que enganxa!<\/span><\/p>\n<p>Ens complau el treball col\u00b7laboratiu i bona entesa amb els companys i companyes dels altres seminaris del Giron\u00e8s. Junts \u00e9s m\u00e9s divertit i aprenem m\u00e9s!<\/p>\n<p>La segona pr\u00e0ctica: <strong>Camins de Poesia<\/strong><\/p>\n<p><span style=\"font-weight: 400;\">\u00c9s una activitat en qu\u00e8 els docents llegien un poema i despr\u00e9s responien una pregunta relacionada amb cadascun dels poemes treballats. Aquest proc\u00e9s fomentava la reflexi\u00f3 personal i la interpretaci\u00f3 po\u00e8tica, tot compartint les respostes i impressions amb els companys. Aix\u00ed, la poesia es convertia en un cam\u00ed compartit de di\u00e0leg, aprenentatge i emoci\u00f3. Tamb\u00e9 vam descobrir i aprendre un pil\u00f3 de figures ret\u00f2riques.<\/span><\/p>\n<p><span style=\"font-weight: 400;\">Les <\/span><b>figures ret\u00f2riques<\/b><span style=\"font-weight: 400;\"> en poesia s\u00f3n recursos expressius que donen for\u00e7a, bellesa i profunditat al llenguatge po\u00e8tic. Mitjan\u00e7ant formes com la met\u00e0fora, l\u2019al\u00b7literaci\u00f3 o la hip\u00e8rbole, el poeta transforma les paraules per despertar emocions i suggerir significats nous. Gr\u00e0cies a elles, la poesia transcendeix el sentit literal i esdev\u00e9 art de la paraula.<\/span><\/p>\n<p>A continuaci\u00f3 podeu veure algunes<a href=\"https:\/\/photos.google.com\/u\/1\/share\/AF1QipPLzp8XHxHqosBPaxK5QCksxUBxI1YY23WVAaviYNoZy3Ewn-OlYeU0VFimz80C0w\/photo\/AF1QipOuwcNgaxV61--Cpxdqkhp5UXsj8N0jeYt-NRc?key=OVRka1JEd2xYZjU2a2l2M3NzVDA5VEJWUzdMcktR\" target=\"_blank\" rel=\"noopener\"><strong> imatges de la sessi\u00f3<\/strong>.<\/a><\/p>\n","protected":false},"excerpt":{"rendered":"<p>El dimecres 22 d&#8217;octubre va tenir lloc la primera sessi\u00f3 del seminari de biblioteques escolars de la Selva Interior. Enguany focalitzem en POESIA, sovint la gran oblidada o treballada de forma puntual als centres. La sessi\u00f3 constava de dues pr\u00e0ctiques puntuals diferenciades per\u00f2 molt transferibles a les aules. Ens agrada comen\u00e7ar amb for\u00e7a, dinamisme, participaci\u00f3, [&hellip;]<\/p>\n","protected":false},"author":1,"featured_media":11748,"comment_status":"closed","ping_status":"closed","sticky":false,"template":"","format":"standard","meta":{"_bbp_topic_count":0,"_bbp_reply_count":0,"_bbp_total_topic_count":0,"_bbp_total_reply_count":0,"_bbp_voice_count":0,"_bbp_anonymous_reply_count":0,"_bbp_topic_count_hidden":0,"_bbp_reply_count_hidden":0,"_bbp_forum_subforum_count":0,"site-sidebar-layout":"default","site-content-layout":"","ast-site-content-layout":"","site-content-style":"default","site-sidebar-style":"default","ast-global-header-display":"","ast-banner-title-visibility":"","ast-main-header-display":"","ast-hfb-above-header-display":"","ast-hfb-below-header-display":"","ast-hfb-mobile-header-display":"","site-post-title":"","ast-breadcrumbs-content":"","ast-featured-img":"","footer-sml-layout":"","theme-transparent-header-meta":"","adv-header-id-meta":"","stick-header-meta":"","header-above-stick-meta":"","header-main-stick-meta":"","header-below-stick-meta":"","astra-migrate-meta-layouts":"default","ast-page-background-enabled":"default","ast-page-background-meta":{"desktop":{"background-color":"var(--ast-global-color-4)","background-image":"","background-repeat":"repeat","background-position":"center center","background-size":"auto","background-attachment":"scroll","background-type":"","background-media":"","overlay-type":"","overlay-color":"","overlay-opacity":"","overlay-gradient":""},"tablet":{"background-color":"","background-image":"","background-repeat":"repeat","background-position":"center center","background-size":"auto","background-attachment":"scroll","background-type":"","background-media":"","overlay-type":"","overlay-color":"","overlay-opacity":"","overlay-gradient":""},"mobile":{"background-color":"","background-image":"","background-repeat":"repeat","background-position":"center center","background-size":"auto","background-attachment":"scroll","background-type":"","background-media":"","overlay-type":"","overlay-color":"","overlay-opacity":"","overlay-gradient":""}},"ast-content-background-meta":{"desktop":{"background-color":"var(--ast-global-color-5)","background-image":"","background-repeat":"repeat","background-position":"center center","background-size":"auto","background-attachment":"scroll","background-type":"","background-media":"","overlay-type":"","overlay-color":"","overlay-opacity":"","overlay-gradient":""},"tablet":{"background-color":"var(--ast-global-color-5)","background-image":"","background-repeat":"repeat","background-position":"center center","background-size":"auto","background-attachment":"scroll","background-type":"","background-media":"","overlay-type":"","overlay-color":"","overlay-opacity":"","overlay-gradient":""},"mobile":{"background-color":"var(--ast-global-color-5)","background-image":"","background-repeat":"repeat","background-position":"center center","background-size":"auto","background-attachment":"scroll","background-type":"","background-media":"","overlay-type":"","overlay-color":"","overlay-opacity":"","overlay-gradient":""}},"footnotes":""},"categories":[76,65,29],"tags":[],"class_list":["post-11747","post","type-post","status-publish","format-standard","has-post-thumbnail","hentry","category-biblionoticies","category-crp","category-portada"],"post_mailing_queue_ids":[],"_links":{"self":[{"href":"https:\/\/serveiseducatius.xtec.cat\/selva1\/wp-json\/wp\/v2\/posts\/11747","targetHints":{"allow":["GET"]}}],"collection":[{"href":"https:\/\/serveiseducatius.xtec.cat\/selva1\/wp-json\/wp\/v2\/posts"}],"about":[{"href":"https:\/\/serveiseducatius.xtec.cat\/selva1\/wp-json\/wp\/v2\/types\/post"}],"author":[{"embeddable":true,"href":"https:\/\/serveiseducatius.xtec.cat\/selva1\/wp-json\/wp\/v2\/users\/1"}],"replies":[{"embeddable":true,"href":"https:\/\/serveiseducatius.xtec.cat\/selva1\/wp-json\/wp\/v2\/comments?post=11747"}],"version-history":[{"count":6,"href":"https:\/\/serveiseducatius.xtec.cat\/selva1\/wp-json\/wp\/v2\/posts\/11747\/revisions"}],"predecessor-version":[{"id":11768,"href":"https:\/\/serveiseducatius.xtec.cat\/selva1\/wp-json\/wp\/v2\/posts\/11747\/revisions\/11768"}],"wp:featuredmedia":[{"embeddable":true,"href":"https:\/\/serveiseducatius.xtec.cat\/selva1\/wp-json\/wp\/v2\/media\/11748"}],"wp:attachment":[{"href":"https:\/\/serveiseducatius.xtec.cat\/selva1\/wp-json\/wp\/v2\/media?parent=11747"}],"wp:term":[{"taxonomy":"category","embeddable":true,"href":"https:\/\/serveiseducatius.xtec.cat\/selva1\/wp-json\/wp\/v2\/categories?post=11747"},{"taxonomy":"post_tag","embeddable":true,"href":"https:\/\/serveiseducatius.xtec.cat\/selva1\/wp-json\/wp\/v2\/tags?post=11747"}],"curies":[{"name":"wp","href":"https:\/\/api.w.org\/{rel}","templated":true}]}}