{"id":10893,"date":"2025-05-15T09:44:40","date_gmt":"2025-05-15T07:44:40","guid":{"rendered":"https:\/\/serveiseducatius.xtec.cat\/selva1\/?p=10893"},"modified":"2025-05-15T09:44:40","modified_gmt":"2025-05-15T07:44:40","slug":"convocatoria-de-beques-per-a-la-promocio-de-laprenentatge-en-angles-i-el-perfeccionament-de-la-llengua-anglesa-cursos-intensius-destiu-2025","status":"publish","type":"post","link":"https:\/\/serveiseducatius.xtec.cat\/selva1\/portada\/convocatoria-de-beques-per-a-la-promocio-de-laprenentatge-en-angles-i-el-perfeccionament-de-la-llengua-anglesa-cursos-intensius-destiu-2025\/","title":{"rendered":"Convocat\u00f2ria de beques per a la promoci\u00f3 de l&#8217;aprenentatge en angl\u00e8s i el perfeccionament de la llengua anglesa. Cursos intensius d&#8217;estiu 2025"},"content":{"rendered":"<p><a href=\"https:\/\/serveiseducatius.xtec.cat\/selva1\/wp-content\/uploads\/usu773\/2025\/05\/FUNDACIO.png\"><img loading=\"lazy\" decoding=\"async\" class=\" wp-image-10894 alignnone\" src=\"https:\/\/serveiseducatius.xtec.cat\/selva1\/wp-content\/uploads\/usu773\/2025\/05\/FUNDACIO.png\" alt=\"\" width=\"422\" height=\"204\" \/><\/a><\/p>\n<p>1. OBJECTE<br \/>\nL\u2019objecte d\u2019aquesta convocat\u00f2ria \u00e9s la concessi\u00f3 de beques per a la realitzaci\u00f3<br \/>\nde cursos intensius d\u2019estiu, durant els mesos de juliol o agost, de llengua<br \/>\nanglesa en acad\u00e8mies de la ciutat de Santa Coloma de Farners, destinats a<br \/>\nfacilitar espec\u00edficament l\u2019acc\u00e9s a aquests cursos a alumnes que presentin un<br \/>\nbon nivell acad\u00e8mic general i que vulguin millorar l\u2019aprenentatge de<br \/>\nl\u2019assignatura de la llengua anglesa, tenint en compte la renda familiar a efectes<br \/>\nde calcular el percentatge de beca que es concedeix.<br \/>\n2. DESTINATARIS<br \/>\nAlumnes de cicle superior de prim\u00e0ria, de 1r i 2n. cicle d\u2019ESO o ensenyaments<br \/>\npostobligatoris residents o que hagin residit almenys cinc anys a Santa Coloma<br \/>\nde Farners; o que el pare o la mare de l\u2019alumne\/a hagi residit, de forma<br \/>\ncontinuada o no, durant almenys dotze anys a Santa Coloma de Farners.<\/p>\n<p>3. NOMBRE I IMPORT DE LES BEQUES<br \/>\nLa Fundaci\u00f3 destinar\u00e0 fins a un m\u00e0xim de 10.000 \u20ac en beques. L\u2019import m\u00e0xim<br \/>\nde cada beca ser\u00e0 de 400 \u20ac.<br \/>\n4. SOL.LICITUDS I DOCUMENTACI\u00d3<br \/>\nEls models de sol\u00b7licituds en format PDF auto-editable s\u2019han de<br \/>\ndescarregar a la web de la Fundaci\u00f3: www.fundaciorieragubau.cat.<br \/>\nLa sol.licitud , degudament formalitzada, s\u2019haur\u00e0 de presentar junt amb la<br \/>\nseg\u00fcent documentaci\u00f3:<br \/>\na) Fotocopia del DNI<br \/>\nb) Certificaci\u00f3 que acrediti els requisits de resid\u00e8ncia estipulats en aquestes<br \/>\nbases<br \/>\nc) Declaraci\u00f3 responsable referida a la renda familiar disponible de la unitat<br \/>\nfamiliar i del n\u00famero de membres que componen aquesta<br \/>\nd) M\u00e8rits acad\u00e8mics, acreditats mitjan\u00e7ant un certificat referit al darrer curs<br \/>\nrealitzat o les qualificacions del darrer cicle de prim\u00e0ria en el sup\u00f2sit que<br \/>\nel sol\u00b7licitant estigui cursant el 1r. curs d\u2019ESO i en el qual hi consti la<a href=\"https:\/\/serveiseducatius.xtec.cat\/selva1\/wp-content\/uploads\/usu773\/2025\/05\/FUNDACIO.png\"><img loading=\"lazy\" decoding=\"async\" class=\"alignleft size-full wp-image-10894\" src=\"https:\/\/serveiseducatius.xtec.cat\/selva1\/wp-content\/uploads\/usu773\/2025\/05\/FUNDACIO.png\" alt=\"\" width=\"271\" height=\"131\" \/><\/a><br \/>\nqualificaci\u00f3 mitjana obtinguda.<br \/>\nLa sol\u00b7licitud, junt amb la documentaci\u00f3, s\u2019haur\u00e0 de lliurar fins el dia 30 de<br \/>\nmaig de 2025.<\/p>\n<p><a href=\"https:\/\/drive.google.com\/file\/d\/10odnqQcT4LGdBxxmcSK-EGqlEmP3ny3V\/view?usp=sharing\" target=\"_blank\" rel=\"noopener\"><strong>FORMULARI CURSOS INTENSIUS D&#8217;ANGL\u00c8S<\/strong><\/a><\/p>\n<p><a href=\"https:\/\/drive.google.com\/file\/d\/1NbW88k9y9BRj0TioPt798Lg_9UJxPKF6\/view?usp=sharing\" target=\"_blank\" rel=\"noopener\"><strong>BASES CURSOS ESTIU 2025<\/strong><\/a><\/p>\n<p>Procediment de lliurament de sol\u00b7licituds<\/p>\n<p>Enviar-ho tot al correu de la Fundaci\u00f3<span style=\"color: #3366ff;\"><strong> info@fundaciorieragubau.cat<\/strong><\/span><\/p>\n<p>&nbsp;<\/p>\n","protected":false},"excerpt":{"rendered":"<p>1. OBJECTE L\u2019objecte d\u2019aquesta convocat\u00f2ria \u00e9s la concessi\u00f3 de beques per a la realitzaci\u00f3 de cursos intensius d\u2019estiu, durant els mesos de juliol o agost, de llengua anglesa en acad\u00e8mies de la ciutat de Santa Coloma de Farners, destinats a facilitar espec\u00edficament l\u2019acc\u00e9s a aquests cursos a alumnes que presentin un bon nivell acad\u00e8mic general [&hellip;]<\/p>\n","protected":false},"author":1,"featured_media":0,"comment_status":"open","ping_status":"closed","sticky":false,"template":"","format":"standard","meta":{"_bbp_topic_count":0,"_bbp_reply_count":0,"_bbp_total_topic_count":0,"_bbp_total_reply_count":0,"_bbp_voice_count":0,"_bbp_anonymous_reply_count":0,"_bbp_topic_count_hidden":0,"_bbp_reply_count_hidden":0,"_bbp_forum_subforum_count":0,"site-sidebar-layout":"default","site-content-layout":"","ast-site-content-layout":"","site-content-style":"default","site-sidebar-style":"default","ast-global-header-display":"","ast-banner-title-visibility":"","ast-main-header-display":"","ast-hfb-above-header-display":"","ast-hfb-below-header-display":"","ast-hfb-mobile-header-display":"","site-post-title":"","ast-breadcrumbs-content":"","ast-featured-img":"","footer-sml-layout":"","theme-transparent-header-meta":"","adv-header-id-meta":"","stick-header-meta":"","header-above-stick-meta":"","header-main-stick-meta":"","header-below-stick-meta":"","astra-migrate-meta-layouts":"default","ast-page-background-enabled":"default","ast-page-background-meta":{"desktop":{"background-color":"var(--ast-global-color-4)","background-image":"","background-repeat":"repeat","background-position":"center center","background-size":"auto","background-attachment":"scroll","background-type":"","background-media":"","overlay-type":"","overlay-color":"","overlay-opacity":"","overlay-gradient":""},"tablet":{"background-color":"","background-image":"","background-repeat":"repeat","background-position":"center center","background-size":"auto","background-attachment":"scroll","background-type":"","background-media":"","overlay-type":"","overlay-color":"","overlay-opacity":"","overlay-gradient":""},"mobile":{"background-color":"","background-image":"","background-repeat":"repeat","background-position":"center center","background-size":"auto","background-attachment":"scroll","background-type":"","background-media":"","overlay-type":"","overlay-color":"","overlay-opacity":"","overlay-gradient":""}},"ast-content-background-meta":{"desktop":{"background-color":"var(--ast-global-color-5)","background-image":"","background-repeat":"repeat","background-position":"center center","background-size":"auto","background-attachment":"scroll","background-type":"","background-media":"","overlay-type":"","overlay-color":"","overlay-opacity":"","overlay-gradient":""},"tablet":{"background-color":"var(--ast-global-color-5)","background-image":"","background-repeat":"repeat","background-position":"center center","background-size":"auto","background-attachment":"scroll","background-type":"","background-media":"","overlay-type":"","overlay-color":"","overlay-opacity":"","overlay-gradient":""},"mobile":{"background-color":"var(--ast-global-color-5)","background-image":"","background-repeat":"repeat","background-position":"center center","background-size":"auto","background-attachment":"scroll","background-type":"","background-media":"","overlay-type":"","overlay-color":"","overlay-opacity":"","overlay-gradient":""}},"footnotes":""},"categories":[65,29],"tags":[],"class_list":["post-10893","post","type-post","status-publish","format-standard","hentry","category-crp","category-portada"],"post_mailing_queue_ids":[],"_links":{"self":[{"href":"https:\/\/serveiseducatius.xtec.cat\/selva1\/wp-json\/wp\/v2\/posts\/10893","targetHints":{"allow":["GET"]}}],"collection":[{"href":"https:\/\/serveiseducatius.xtec.cat\/selva1\/wp-json\/wp\/v2\/posts"}],"about":[{"href":"https:\/\/serveiseducatius.xtec.cat\/selva1\/wp-json\/wp\/v2\/types\/post"}],"author":[{"embeddable":true,"href":"https:\/\/serveiseducatius.xtec.cat\/selva1\/wp-json\/wp\/v2\/users\/1"}],"replies":[{"embeddable":true,"href":"https:\/\/serveiseducatius.xtec.cat\/selva1\/wp-json\/wp\/v2\/comments?post=10893"}],"version-history":[{"count":1,"href":"https:\/\/serveiseducatius.xtec.cat\/selva1\/wp-json\/wp\/v2\/posts\/10893\/revisions"}],"predecessor-version":[{"id":10895,"href":"https:\/\/serveiseducatius.xtec.cat\/selva1\/wp-json\/wp\/v2\/posts\/10893\/revisions\/10895"}],"wp:attachment":[{"href":"https:\/\/serveiseducatius.xtec.cat\/selva1\/wp-json\/wp\/v2\/media?parent=10893"}],"wp:term":[{"taxonomy":"category","embeddable":true,"href":"https:\/\/serveiseducatius.xtec.cat\/selva1\/wp-json\/wp\/v2\/categories?post=10893"},{"taxonomy":"post_tag","embeddable":true,"href":"https:\/\/serveiseducatius.xtec.cat\/selva1\/wp-json\/wp\/v2\/tags?post=10893"}],"curies":[{"name":"wp","href":"https:\/\/api.w.org\/{rel}","templated":true}]}}