{"id":10773,"date":"2025-04-16T09:38:16","date_gmt":"2025-04-16T07:38:16","guid":{"rendered":"https:\/\/serveiseducatius.xtec.cat\/selva1\/?p=10773"},"modified":"2025-04-16T09:38:16","modified_gmt":"2025-04-16T07:38:16","slug":"la-lij-catalana-en-efervescencia-visibilitat-reconeixement-i-projeccio-a-lalca","status":"publish","type":"post","link":"https:\/\/serveiseducatius.xtec.cat\/selva1\/biblionoticies\/la-lij-catalana-en-efervescencia-visibilitat-reconeixement-i-projeccio-a-lalca\/","title":{"rendered":"La LIJ catalana, en efervesc\u00e8ncia: visibilitat, reconeixement i projecci\u00f3 a l&#8217;al\u00e7a"},"content":{"rendered":"<p><a href=\"https:\/\/serveiseducatius.xtec.cat\/selva1\/wp-content\/uploads\/usu773\/2025\/04\/lij.png\"><img loading=\"lazy\" decoding=\"async\" class=\"wp-image-10774 alignnone\" src=\"https:\/\/serveiseducatius.xtec.cat\/selva1\/wp-content\/uploads\/usu773\/2025\/04\/lij-300x187.png\" alt=\"\" width=\"509\" height=\"317\" srcset=\"https:\/\/serveiseducatius.xtec.cat\/selva1\/wp-content\/uploads\/usu773\/2025\/04\/lij-300x187.png 300w, https:\/\/serveiseducatius.xtec.cat\/selva1\/wp-content\/uploads\/usu773\/2025\/04\/lij-1024x637.png 1024w, https:\/\/serveiseducatius.xtec.cat\/selva1\/wp-content\/uploads\/usu773\/2025\/04\/lij-768x478.png 768w, https:\/\/serveiseducatius.xtec.cat\/selva1\/wp-content\/uploads\/usu773\/2025\/04\/lij.png 1122w\" sizes=\"auto, (max-width: 509px) 100vw, 509px\" \/><\/a><\/p>\n<p>El m\u00f3n Ibbycat ens acosta tota l&#8217;actualitat<strong>\u00a0<\/strong>dels<strong>\u00a0projectes<\/strong>,<strong>\u00a0programes<\/strong>,<strong>\u00a0seleccions<\/strong>,<strong>\u00a0candidatures\u00a0<\/strong>i\u00a0<strong>altres \u00e0mbits d&#8217;acci\u00f3<\/strong> de l&#8217;entitat, a trav\u00e9s dels quals treballen per preservar el <strong>dret fonamental\u00a0<\/strong>de tots els infants i joves a\u00a0<strong>ser<\/strong>\u00a0<strong>lectors<\/strong>\u00a0i per vetllar per una\u00a0<strong>LIJ catalana\u00a0<\/strong>de la\u00a0<strong>m\u00e9s alta qualitat<\/strong>.<\/p>\n<p>La nostra LIJ viu un\u00a0<strong>moment d&#8217;esplendor<\/strong>. Aix\u00ed ho constatava la consellera de Cultura,\u00a0<strong>S\u00f2nia Hern\u00e1ndez<\/strong>, en una entrevista amb<a href=\"https:\/\/ibbycat.us18.list-manage.com\/track\/click?u=57d5c37e4e968a84867b70545&amp;id=18ef2bba2e&amp;e=c3ffdd017b\" target=\"_blank\" rel=\"noopener\" data-saferedirecturl=\"https:\/\/www.google.com\/url?q=https:\/\/ibbycat.us18.list-manage.com\/track\/click?u%3D57d5c37e4e968a84867b70545%26id%3D18ef2bba2e%26e%3Dc3ffdd017b&amp;source=gmail&amp;ust=1744786708377000&amp;usg=AOvVaw2knLsu3GLO5rKt-10fgd1o\">\u00a0<strong>David Guzm\u00e1n<\/strong><\/a>\u00a0durant la seva visita a la Fira del Llibre de Bolonya, amb motiu de la presentaci\u00f3 dels millors llibres d\u2019autoria catalana de 2024. Amb el lema\u00a0<strong><em>Catalonia, land of books. Barcelona, city of Literature<\/em><\/strong>, la pres\u00e8ncia i activitat de Catalunya a la fira ha estat una de les m\u00e9s destacades dels darrers anys: 42 editorials catalanes, 45 il\u00b7lustradors, la participaci\u00f3 de les principals institucions, entitats i associacions especialitzades, aix\u00ed com diversos premis i distincions atorgats a professionals catalans.<\/p>\n<p>La consellera posava en relleu l\u2019exist\u00e8ncia d\u2019un\u00a0&#8220;planter consolidat i creixent d&#8217;autors, editorials i agents culturals que formen una\u00a0<strong>cadena de valor<\/strong>\u00a0<strong>altament professionalitzada<\/strong>\u00a0i amb projecci\u00f3 internacional&#8221;.<\/p>\n<p>Una de les grans not\u00edcies de la fira arribava el primer dia, durant la roda de premsa de l&#8217;IBBY Internacional, on es va anunciar la candidatura de l\u2019escriptora catalana\u00a0<strong>Maite Carranza<\/strong>\u00a0al\u00a0<strong>Premi Andersen 2026<\/strong>, considerat el Nobel de la LIJ, juntament amb la de la il\u00b7lustradora Elena Odriozola.<\/p>\n<p>El Premi Hans Christian Andersen, concedit des del 1956 per l\u2019IBBY, \u00e9s el\u00a0<strong>guard\u00f3 literari internacional m\u00e9s prestigi\u00f3s<\/strong>\u00a0en l&#8217;\u00e0mbit de la literatura infantil i juvenil. La nominaci\u00f3 de Carranza suposa un homenatge a una traject\u00f2ria de 40 anys, amb m\u00e9s de 70 llibres publicats i tradu\u00efts a 33 idiomes.<\/p>\n<p><a href=\"https:\/\/ibbycat.us18.list-manage.com\/track\/click?u=57d5c37e4e968a84867b70545&amp;id=ca1de8e977&amp;e=c3ffdd017b\" target=\"_blank\" rel=\"noopener\" data-saferedirecturl=\"https:\/\/www.google.com\/url?q=https:\/\/ibbycat.us18.list-manage.com\/track\/click?u%3D57d5c37e4e968a84867b70545%26id%3Dca1de8e977%26e%3Dc3ffdd017b&amp;source=gmail&amp;ust=1744786708377000&amp;usg=AOvVaw39Y5CShDFMYcAjxROmE1hq\"><strong>Llegir la not\u00edcia sobre el lliurament dels millors llibres 2024 <\/strong><\/a><\/p>\n<p>Per continuar llegint l&#8217;article, clica el seg\u00fcent <a href=\"https:\/\/mail.google.com\/mail\/u\/0\/?tab=rm&amp;ogbl#inbox\/FMfcgzQZVKCHnbjSTLkzhFDmsjtnlZlb\" target=\"_blank\" rel=\"noopener\"><strong>enlla\u00e7<\/strong><\/a><\/p>\n","protected":false},"excerpt":{"rendered":"<p>El m\u00f3n Ibbycat ens acosta tota l&#8217;actualitat\u00a0dels\u00a0projectes,\u00a0programes,\u00a0seleccions,\u00a0candidatures\u00a0i\u00a0altres \u00e0mbits d&#8217;acci\u00f3 de l&#8217;entitat, a trav\u00e9s dels quals treballen per preservar el dret fonamental\u00a0de tots els infants i joves a\u00a0ser\u00a0lectors\u00a0i per vetllar per una\u00a0LIJ catalana\u00a0de la\u00a0m\u00e9s alta qualitat. La nostra LIJ viu un\u00a0moment d&#8217;esplendor. Aix\u00ed ho constatava la consellera de Cultura,\u00a0S\u00f2nia Hern\u00e1ndez, en una entrevista amb\u00a0David Guzm\u00e1n\u00a0durant la [&hellip;]<\/p>\n","protected":false},"author":1,"featured_media":10774,"comment_status":"open","ping_status":"closed","sticky":false,"template":"","format":"standard","meta":{"_bbp_topic_count":0,"_bbp_reply_count":0,"_bbp_total_topic_count":0,"_bbp_total_reply_count":0,"_bbp_voice_count":0,"_bbp_anonymous_reply_count":0,"_bbp_topic_count_hidden":0,"_bbp_reply_count_hidden":0,"_bbp_forum_subforum_count":0,"site-sidebar-layout":"default","site-content-layout":"","ast-site-content-layout":"","site-content-style":"default","site-sidebar-style":"default","ast-global-header-display":"","ast-banner-title-visibility":"","ast-main-header-display":"","ast-hfb-above-header-display":"","ast-hfb-below-header-display":"","ast-hfb-mobile-header-display":"","site-post-title":"","ast-breadcrumbs-content":"","ast-featured-img":"","footer-sml-layout":"","theme-transparent-header-meta":"","adv-header-id-meta":"","stick-header-meta":"","header-above-stick-meta":"","header-main-stick-meta":"","header-below-stick-meta":"","astra-migrate-meta-layouts":"default","ast-page-background-enabled":"default","ast-page-background-meta":{"desktop":{"background-color":"var(--ast-global-color-4)","background-image":"","background-repeat":"repeat","background-position":"center center","background-size":"auto","background-attachment":"scroll","background-type":"","background-media":"","overlay-type":"","overlay-color":"","overlay-opacity":"","overlay-gradient":""},"tablet":{"background-color":"","background-image":"","background-repeat":"repeat","background-position":"center center","background-size":"auto","background-attachment":"scroll","background-type":"","background-media":"","overlay-type":"","overlay-color":"","overlay-opacity":"","overlay-gradient":""},"mobile":{"background-color":"","background-image":"","background-repeat":"repeat","background-position":"center center","background-size":"auto","background-attachment":"scroll","background-type":"","background-media":"","overlay-type":"","overlay-color":"","overlay-opacity":"","overlay-gradient":""}},"ast-content-background-meta":{"desktop":{"background-color":"var(--ast-global-color-5)","background-image":"","background-repeat":"repeat","background-position":"center center","background-size":"auto","background-attachment":"scroll","background-type":"","background-media":"","overlay-type":"","overlay-color":"","overlay-opacity":"","overlay-gradient":""},"tablet":{"background-color":"var(--ast-global-color-5)","background-image":"","background-repeat":"repeat","background-position":"center center","background-size":"auto","background-attachment":"scroll","background-type":"","background-media":"","overlay-type":"","overlay-color":"","overlay-opacity":"","overlay-gradient":""},"mobile":{"background-color":"var(--ast-global-color-5)","background-image":"","background-repeat":"repeat","background-position":"center center","background-size":"auto","background-attachment":"scroll","background-type":"","background-media":"","overlay-type":"","overlay-color":"","overlay-opacity":"","overlay-gradient":""}},"footnotes":""},"categories":[76],"tags":[],"class_list":["post-10773","post","type-post","status-publish","format-standard","has-post-thumbnail","hentry","category-biblionoticies"],"post_mailing_queue_ids":[],"_links":{"self":[{"href":"https:\/\/serveiseducatius.xtec.cat\/selva1\/wp-json\/wp\/v2\/posts\/10773","targetHints":{"allow":["GET"]}}],"collection":[{"href":"https:\/\/serveiseducatius.xtec.cat\/selva1\/wp-json\/wp\/v2\/posts"}],"about":[{"href":"https:\/\/serveiseducatius.xtec.cat\/selva1\/wp-json\/wp\/v2\/types\/post"}],"author":[{"embeddable":true,"href":"https:\/\/serveiseducatius.xtec.cat\/selva1\/wp-json\/wp\/v2\/users\/1"}],"replies":[{"embeddable":true,"href":"https:\/\/serveiseducatius.xtec.cat\/selva1\/wp-json\/wp\/v2\/comments?post=10773"}],"version-history":[{"count":1,"href":"https:\/\/serveiseducatius.xtec.cat\/selva1\/wp-json\/wp\/v2\/posts\/10773\/revisions"}],"predecessor-version":[{"id":10775,"href":"https:\/\/serveiseducatius.xtec.cat\/selva1\/wp-json\/wp\/v2\/posts\/10773\/revisions\/10775"}],"wp:featuredmedia":[{"embeddable":true,"href":"https:\/\/serveiseducatius.xtec.cat\/selva1\/wp-json\/wp\/v2\/media\/10774"}],"wp:attachment":[{"href":"https:\/\/serveiseducatius.xtec.cat\/selva1\/wp-json\/wp\/v2\/media?parent=10773"}],"wp:term":[{"taxonomy":"category","embeddable":true,"href":"https:\/\/serveiseducatius.xtec.cat\/selva1\/wp-json\/wp\/v2\/categories?post=10773"},{"taxonomy":"post_tag","embeddable":true,"href":"https:\/\/serveiseducatius.xtec.cat\/selva1\/wp-json\/wp\/v2\/tags?post=10773"}],"curies":[{"name":"wp","href":"https:\/\/api.w.org\/{rel}","templated":true}]}}