{"id":10707,"date":"2025-04-01T18:56:48","date_gmt":"2025-04-01T16:56:48","guid":{"rendered":"https:\/\/serveiseducatius.xtec.cat\/selva1\/?p=10707"},"modified":"2025-04-01T18:56:48","modified_gmt":"2025-04-01T16:56:48","slug":"escoles-verdes-festinat-laplec-naturalista","status":"publish","type":"post","link":"https:\/\/serveiseducatius.xtec.cat\/selva1\/portada\/escoles-verdes-festinat-laplec-naturalista\/","title":{"rendered":"Escoles Verdes: FESTINAT, L&#8217;Aplec Naturalista"},"content":{"rendered":"<p><a href=\"https:\/\/serveiseducatius.xtec.cat\/selva1\/wp-content\/uploads\/usu773\/2025\/04\/festinat.png\"><img loading=\"lazy\" decoding=\"async\" class=\"wp-image-10708 alignnone\" src=\"https:\/\/serveiseducatius.xtec.cat\/selva1\/wp-content\/uploads\/usu773\/2025\/04\/festinat-300x278.png\" alt=\"\" width=\"382\" height=\"354\" srcset=\"https:\/\/serveiseducatius.xtec.cat\/selva1\/wp-content\/uploads\/usu773\/2025\/04\/festinat-300x278.png 300w, https:\/\/serveiseducatius.xtec.cat\/selva1\/wp-content\/uploads\/usu773\/2025\/04\/festinat.png 415w\" sizes=\"auto, (max-width: 382px) 100vw, 382px\" \/><\/a><\/p>\n<p>El<strong>\u00a0FestiNAT, l\u2019aplec naturalista\u00a0<\/strong>vol ser el dia i el punt de trobada i celebraci\u00f3 dels amants de la natura de casa nostra. I enguany en celebrem la tercera edici\u00f3!<\/p>\n<p>El FestiNAT \u00e9s l\u2019espai on\u00a0<strong>connectar i intercanviar coneixement i entusiasmes entre naturalistes<\/strong>\u00a0petits i grans, acostar-se a la ci\u00e8ncia que estudia la natura i a la gent que treballa per protegir-la. I el lloc on gaudir-ne amb una mirada curiosa i curosa<\/p>\n<p>La tercera edici\u00f3 ser\u00e0\u00a0<strong>el\u00a0<\/strong><strong>dissabte 26 d\u2019abril\u00a0<\/strong><strong>a<\/strong>\u00a0<strong>Can Moragues, a Riudarenes (la Selva),\u00a0<\/strong>seu de la fundaci\u00f3 Emys, coorganitzadora de l\u2019esdeveniment, junt amb la ICHN, la XCN i OxigeNATs. El FestiNAT ser\u00e0 tamb\u00e9 la presentaci\u00f3 de \u00a0<strong>Setmana de la Natura<\/strong>, per donar a con\u00e8ixer les entitats del conjunt del territori i els seus valors naturals.<\/p>\n<p>El preu de l\u2019entrada inclou l\u2019<strong>acc\u00e9s a totes les activitats, amb inscripci\u00f3 pr\u00e8via per\u00a0<\/strong>assegurar la disponibilitat.<\/p>\n<p>Si en voleu saber m\u00e9s, cliqueu el seg\u00fcent<a href=\"https:\/\/festinat.cat\/\" target=\"_blank\" rel=\"noopener\"><strong> enlla\u00e7.<\/strong><\/a><\/p>\n","protected":false},"excerpt":{"rendered":"<p>El\u00a0FestiNAT, l\u2019aplec naturalista\u00a0vol ser el dia i el punt de trobada i celebraci\u00f3 dels amants de la natura de casa nostra. I enguany en celebrem la tercera edici\u00f3! El FestiNAT \u00e9s l\u2019espai on\u00a0connectar i intercanviar coneixement i entusiasmes entre naturalistes\u00a0petits i grans, acostar-se a la ci\u00e8ncia que estudia la natura i a la gent que [&hellip;]<\/p>\n","protected":false},"author":1,"featured_media":10708,"comment_status":"open","ping_status":"closed","sticky":false,"template":"","format":"standard","meta":{"_bbp_topic_count":0,"_bbp_reply_count":0,"_bbp_total_topic_count":0,"_bbp_total_reply_count":0,"_bbp_voice_count":0,"_bbp_anonymous_reply_count":0,"_bbp_topic_count_hidden":0,"_bbp_reply_count_hidden":0,"_bbp_forum_subforum_count":0,"site-sidebar-layout":"default","site-content-layout":"","ast-site-content-layout":"","site-content-style":"default","site-sidebar-style":"default","ast-global-header-display":"","ast-banner-title-visibility":"","ast-main-header-display":"","ast-hfb-above-header-display":"","ast-hfb-below-header-display":"","ast-hfb-mobile-header-display":"","site-post-title":"","ast-breadcrumbs-content":"","ast-featured-img":"","footer-sml-layout":"","theme-transparent-header-meta":"","adv-header-id-meta":"","stick-header-meta":"","header-above-stick-meta":"","header-main-stick-meta":"","header-below-stick-meta":"","astra-migrate-meta-layouts":"default","ast-page-background-enabled":"default","ast-page-background-meta":{"desktop":{"background-color":"var(--ast-global-color-4)","background-image":"","background-repeat":"repeat","background-position":"center center","background-size":"auto","background-attachment":"scroll","background-type":"","background-media":"","overlay-type":"","overlay-color":"","overlay-opacity":"","overlay-gradient":""},"tablet":{"background-color":"","background-image":"","background-repeat":"repeat","background-position":"center center","background-size":"auto","background-attachment":"scroll","background-type":"","background-media":"","overlay-type":"","overlay-color":"","overlay-opacity":"","overlay-gradient":""},"mobile":{"background-color":"","background-image":"","background-repeat":"repeat","background-position":"center center","background-size":"auto","background-attachment":"scroll","background-type":"","background-media":"","overlay-type":"","overlay-color":"","overlay-opacity":"","overlay-gradient":""}},"ast-content-background-meta":{"desktop":{"background-color":"var(--ast-global-color-5)","background-image":"","background-repeat":"repeat","background-position":"center center","background-size":"auto","background-attachment":"scroll","background-type":"","background-media":"","overlay-type":"","overlay-color":"","overlay-opacity":"","overlay-gradient":""},"tablet":{"background-color":"var(--ast-global-color-5)","background-image":"","background-repeat":"repeat","background-position":"center center","background-size":"auto","background-attachment":"scroll","background-type":"","background-media":"","overlay-type":"","overlay-color":"","overlay-opacity":"","overlay-gradient":""},"mobile":{"background-color":"var(--ast-global-color-5)","background-image":"","background-repeat":"repeat","background-position":"center center","background-size":"auto","background-attachment":"scroll","background-type":"","background-media":"","overlay-type":"","overlay-color":"","overlay-opacity":"","overlay-gradient":""}},"footnotes":""},"categories":[65,29],"tags":[],"class_list":["post-10707","post","type-post","status-publish","format-standard","has-post-thumbnail","hentry","category-crp","category-portada"],"post_mailing_queue_ids":[],"_links":{"self":[{"href":"https:\/\/serveiseducatius.xtec.cat\/selva1\/wp-json\/wp\/v2\/posts\/10707","targetHints":{"allow":["GET"]}}],"collection":[{"href":"https:\/\/serveiseducatius.xtec.cat\/selva1\/wp-json\/wp\/v2\/posts"}],"about":[{"href":"https:\/\/serveiseducatius.xtec.cat\/selva1\/wp-json\/wp\/v2\/types\/post"}],"author":[{"embeddable":true,"href":"https:\/\/serveiseducatius.xtec.cat\/selva1\/wp-json\/wp\/v2\/users\/1"}],"replies":[{"embeddable":true,"href":"https:\/\/serveiseducatius.xtec.cat\/selva1\/wp-json\/wp\/v2\/comments?post=10707"}],"version-history":[{"count":1,"href":"https:\/\/serveiseducatius.xtec.cat\/selva1\/wp-json\/wp\/v2\/posts\/10707\/revisions"}],"predecessor-version":[{"id":10709,"href":"https:\/\/serveiseducatius.xtec.cat\/selva1\/wp-json\/wp\/v2\/posts\/10707\/revisions\/10709"}],"wp:featuredmedia":[{"embeddable":true,"href":"https:\/\/serveiseducatius.xtec.cat\/selva1\/wp-json\/wp\/v2\/media\/10708"}],"wp:attachment":[{"href":"https:\/\/serveiseducatius.xtec.cat\/selva1\/wp-json\/wp\/v2\/media?parent=10707"}],"wp:term":[{"taxonomy":"category","embeddable":true,"href":"https:\/\/serveiseducatius.xtec.cat\/selva1\/wp-json\/wp\/v2\/categories?post=10707"},{"taxonomy":"post_tag","embeddable":true,"href":"https:\/\/serveiseducatius.xtec.cat\/selva1\/wp-json\/wp\/v2\/tags?post=10707"}],"curies":[{"name":"wp","href":"https:\/\/api.w.org\/{rel}","templated":true}]}}