{"id":10408,"date":"2025-02-07T13:51:25","date_gmt":"2025-02-07T12:51:25","guid":{"rendered":"https:\/\/serveiseducatius.xtec.cat\/selva1\/?p=10408"},"modified":"2025-03-08T10:01:10","modified_gmt":"2025-03-08T09:01:10","slug":"jornada-dorientacio-per-lalumnat-de-4t-eso-6-de-marc","status":"publish","type":"post","link":"https:\/\/serveiseducatius.xtec.cat\/selva1\/portada\/jornada-dorientacio-per-lalumnat-de-4t-eso-6-de-marc\/","title":{"rendered":"Jornada d&#8217;orientaci\u00f3 per l&#8217;alumnat de 4t ESO, 6 de mar\u00e7"},"content":{"rendered":"<p><a href=\"https:\/\/serveiseducatius.xtec.cat\/selva1\/wp-content\/uploads\/usu773\/2025\/02\/Cartell-JO-40.png\"><img loading=\"lazy\" decoding=\"async\" class=\"alignleft size-medium wp-image-10470\" src=\"https:\/\/serveiseducatius.xtec.cat\/selva1\/wp-content\/uploads\/usu773\/2025\/02\/Cartell-JO-40-225x300.png\" alt=\"\" width=\"225\" height=\"300\" srcset=\"https:\/\/serveiseducatius.xtec.cat\/selva1\/wp-content\/uploads\/usu773\/2025\/02\/Cartell-JO-40-225x300.png 225w, https:\/\/serveiseducatius.xtec.cat\/selva1\/wp-content\/uploads\/usu773\/2025\/02\/Cartell-JO-40-768x1024.png 768w, https:\/\/serveiseducatius.xtec.cat\/selva1\/wp-content\/uploads\/usu773\/2025\/02\/Cartell-JO-40-1152x1536.png 1152w, https:\/\/serveiseducatius.xtec.cat\/selva1\/wp-content\/uploads\/usu773\/2025\/02\/Cartell-JO-40.png 1383w\" sizes=\"auto, (max-width: 225px) 100vw, 225px\" \/><\/a>El proper 6 de mar\u00e7 organitzem una<strong> Jornada d&#8217;orientaci\u00f3<\/strong>\u00a0 matinal a Santa Coloma de Farners, amb l&#8217;alumnat de 4t d&#8217;ESO dels 12 instituts de la zona. En aquests moments, la inscripci\u00f3 \u00e9s de 425 nois i noies. Hi haur\u00e0 una benvinguda institucional a l&#8217;acte. Tot seguit, es duran a terme diverses xerrades, en tres franges\u00a0 hor\u00e0ries, d&#8217;una durada d&#8217;uns trenta minuts cada una. Aquestes han estat proposades d&#8217;una banda, segons els cicles que es cursen a la zona i, de l&#8217;altra,\u00a0 segons les sortides majorit\u00e0ries dels 12 instituts que han estat escollides en els darrers anys.\u00a0 Hem de tenir present que, els instituts que v\u00e9nen a fer les xerrades venen a explicar l&#8217;estudi, no nom\u00e9s des de la perspectiva del seu centre. Explicaran tamb\u00e9 a quins altres llocs es pot cursar l&#8217;estudi, donat que hi ha alumnat de zones geogr\u00e0fiques molt diverses.\u00a0\u00a0L&#8217;alumne\/a ha realitzat la inscripci\u00f3 en funci\u00f3 dels seus interessos. Cada noi o noia tindr\u00e0 una targeta amb el seu itinerari que ha generat la mateixa inscripci\u00f3. Tamb\u00e9 se li lliurar\u00e0 un llibret amb les fitxes de totes les xerrades. Hi haur\u00e0 un espai perqu\u00e8 els agents educatius no reglats puguin explicar qu\u00e8 fan i \u00e9s important que l&#8217;alumnat els conegui perqu\u00e8 el puguin ajudar en l&#8217;orientaci\u00f3 acad\u00e8mica-professional. Paral\u00b7lel a la jornada, s&#8217;est\u00e0 elaborant un mapa interactiu dels cicles i possibilitats post-obligat\u00f2ries &#8220;reals&#8221; a la zona. La finalitat d&#8217;aquest mapa \u00e9s que els centres tinguin un element m\u00e9s per a l&#8217;orientaci\u00f3 d&#8217;alumnat i fam\u00edlies en les seves reunions abans de la pre-inscripci\u00f3.<\/p>\n<p>Podeu veure el <i><span style=\"color: #38761d;\"><b><a href=\"https:\/\/drive.google.com\/file\/d\/1uaSrcgWNncBZFhGGXLO04UjROYulPzal\/view?usp=sharing\" target=\"_blank\" rel=\"noopener\" data-saferedirecturl=\"https:\/\/www.google.com\/url?q=https:\/\/drive.google.com\/file\/d\/1uaSrcgWNncBZFhGGXLO04UjROYulPzal\/view?usp%3Dsharing&amp;source=gmail&amp;ust=1739003646077000&amp;usg=AOvVaw37oDGdOQNiiaYdMTbe4ETh\">programa <\/a><\/b><\/span><\/i><span style=\"color: #38761d;\"><span style=\"color: #000000;\">de<\/span> <span style=\"color: #000000;\">totes les xerrades i franges hor\u00e0ries, aix\u00ed com els espais on es realitzen. Creiem que ser\u00e0 una jornada molt interessant !\u00a0<\/span><\/span><\/p>\n","protected":false},"excerpt":{"rendered":"<p>El proper 6 de mar\u00e7 organitzem una Jornada d&#8217;orientaci\u00f3\u00a0 matinal a Santa Coloma de Farners, amb l&#8217;alumnat de 4t d&#8217;ESO dels 12 instituts de la zona. En aquests moments, la inscripci\u00f3 \u00e9s de 425 nois i noies. Hi haur\u00e0 una benvinguda institucional a l&#8217;acte. Tot seguit, es duran a terme diverses xerrades, en tres franges\u00a0 [&hellip;]<\/p>\n","protected":false},"author":1,"featured_media":10470,"comment_status":"open","ping_status":"closed","sticky":false,"template":"","format":"standard","meta":{"_bbp_topic_count":0,"_bbp_reply_count":0,"_bbp_total_topic_count":0,"_bbp_total_reply_count":0,"_bbp_voice_count":0,"_bbp_anonymous_reply_count":0,"_bbp_topic_count_hidden":0,"_bbp_reply_count_hidden":0,"_bbp_forum_subforum_count":0,"site-sidebar-layout":"default","site-content-layout":"","ast-site-content-layout":"","site-content-style":"default","site-sidebar-style":"default","ast-global-header-display":"","ast-banner-title-visibility":"","ast-main-header-display":"","ast-hfb-above-header-display":"","ast-hfb-below-header-display":"","ast-hfb-mobile-header-display":"","site-post-title":"","ast-breadcrumbs-content":"","ast-featured-img":"","footer-sml-layout":"","theme-transparent-header-meta":"","adv-header-id-meta":"","stick-header-meta":"","header-above-stick-meta":"","header-main-stick-meta":"","header-below-stick-meta":"","astra-migrate-meta-layouts":"default","ast-page-background-enabled":"default","ast-page-background-meta":{"desktop":{"background-color":"var(--ast-global-color-4)","background-image":"","background-repeat":"repeat","background-position":"center center","background-size":"auto","background-attachment":"scroll","background-type":"","background-media":"","overlay-type":"","overlay-color":"","overlay-opacity":"","overlay-gradient":""},"tablet":{"background-color":"","background-image":"","background-repeat":"repeat","background-position":"center center","background-size":"auto","background-attachment":"scroll","background-type":"","background-media":"","overlay-type":"","overlay-color":"","overlay-opacity":"","overlay-gradient":""},"mobile":{"background-color":"","background-image":"","background-repeat":"repeat","background-position":"center center","background-size":"auto","background-attachment":"scroll","background-type":"","background-media":"","overlay-type":"","overlay-color":"","overlay-opacity":"","overlay-gradient":""}},"ast-content-background-meta":{"desktop":{"background-color":"var(--ast-global-color-5)","background-image":"","background-repeat":"repeat","background-position":"center center","background-size":"auto","background-attachment":"scroll","background-type":"","background-media":"","overlay-type":"","overlay-color":"","overlay-opacity":"","overlay-gradient":""},"tablet":{"background-color":"var(--ast-global-color-5)","background-image":"","background-repeat":"repeat","background-position":"center center","background-size":"auto","background-attachment":"scroll","background-type":"","background-media":"","overlay-type":"","overlay-color":"","overlay-opacity":"","overlay-gradient":""},"mobile":{"background-color":"var(--ast-global-color-5)","background-image":"","background-repeat":"repeat","background-position":"center center","background-size":"auto","background-attachment":"scroll","background-type":"","background-media":"","overlay-type":"","overlay-color":"","overlay-opacity":"","overlay-gradient":""}},"footnotes":""},"categories":[65,29],"tags":[],"class_list":["post-10408","post","type-post","status-publish","format-standard","has-post-thumbnail","hentry","category-crp","category-portada"],"post_mailing_queue_ids":[],"_links":{"self":[{"href":"https:\/\/serveiseducatius.xtec.cat\/selva1\/wp-json\/wp\/v2\/posts\/10408","targetHints":{"allow":["GET"]}}],"collection":[{"href":"https:\/\/serveiseducatius.xtec.cat\/selva1\/wp-json\/wp\/v2\/posts"}],"about":[{"href":"https:\/\/serveiseducatius.xtec.cat\/selva1\/wp-json\/wp\/v2\/types\/post"}],"author":[{"embeddable":true,"href":"https:\/\/serveiseducatius.xtec.cat\/selva1\/wp-json\/wp\/v2\/users\/1"}],"replies":[{"embeddable":true,"href":"https:\/\/serveiseducatius.xtec.cat\/selva1\/wp-json\/wp\/v2\/comments?post=10408"}],"version-history":[{"count":4,"href":"https:\/\/serveiseducatius.xtec.cat\/selva1\/wp-json\/wp\/v2\/posts\/10408\/revisions"}],"predecessor-version":[{"id":10471,"href":"https:\/\/serveiseducatius.xtec.cat\/selva1\/wp-json\/wp\/v2\/posts\/10408\/revisions\/10471"}],"wp:featuredmedia":[{"embeddable":true,"href":"https:\/\/serveiseducatius.xtec.cat\/selva1\/wp-json\/wp\/v2\/media\/10470"}],"wp:attachment":[{"href":"https:\/\/serveiseducatius.xtec.cat\/selva1\/wp-json\/wp\/v2\/media?parent=10408"}],"wp:term":[{"taxonomy":"category","embeddable":true,"href":"https:\/\/serveiseducatius.xtec.cat\/selva1\/wp-json\/wp\/v2\/categories?post=10408"},{"taxonomy":"post_tag","embeddable":true,"href":"https:\/\/serveiseducatius.xtec.cat\/selva1\/wp-json\/wp\/v2\/tags?post=10408"}],"curies":[{"name":"wp","href":"https:\/\/api.w.org\/{rel}","templated":true}]}}