{"id":10168,"date":"2025-01-09T12:43:00","date_gmt":"2025-01-09T11:43:00","guid":{"rendered":"https:\/\/serveiseducatius.xtec.cat\/selva1\/?p=10168"},"modified":"2025-01-09T12:43:50","modified_gmt":"2025-01-09T11:43:50","slug":"obertes-les-inscripcions-per-al-taller-de-lectura-la-cotorra-de-la-biblioteca-joan-vinyoli","status":"publish","type":"post","link":"https:\/\/serveiseducatius.xtec.cat\/selva1\/portada\/obertes-les-inscripcions-per-al-taller-de-lectura-la-cotorra-de-la-biblioteca-joan-vinyoli\/","title":{"rendered":"Obertes les inscripcions per al taller de lectura La Cotorra de la Biblioteca Joan Vinyoli"},"content":{"rendered":"<p>&nbsp;<\/p>\n<h4>El taller de lectura\u00a0<em>La cotorra,\u00a0<\/em>de Sara Tornos est\u00e0 emmarcat dins el programa\u00a0<em>Qui ets? Dades que parlen de tu<\/em>, impulsat per l&#8217;ag\u00e8ncia catalana de protecci\u00f3 de dades i el Departament de Cultura de la Generalitat de Catalunya.<\/h4>\n<h4><\/h4>\n<h4>El programa, amb activitats dirigides a diferents edats, pret\u00e9n sensibilitzar a la ciutadania sobre la import\u00e0ncia de la privacitat en el m\u00f3n digital.<\/h4>\n<h4><\/h4>\n<h4>En aquesta ocasi\u00f3 el taller va dirigit a un p\u00fablic infantil d&#8217;entre 7 i 11 anys.<\/h4>\n<h4><\/h4>\n<h4>Per tal d&#8217;inscriure-us al taller de lectura podeu:<\/h4>\n<h4><\/h4>\n<h4>trucar a la biblioteca :972840121<\/h4>\n<h4>enviar un correu electr\u00f2nic a l&#8217;adre\u00e7a <a href=\"mailto:biblioteca@scf.cat\" target=\"_blank\" rel=\"noopener\">biblioteca@scf.cat<\/a> amb les dades de l&#8217;infant (nom i cognoms, edat i tel\u00e8fon de contacte)\u00a0o b\u00e9 presencialment en horari d&#8217;obertura.<\/h4>\n<div><\/div>\n<div><\/div>\n<div><iframe loading=\"lazy\" src=\"https:\/\/drive.google.com\/file\/d\/1Mp3ZQCuSPXD1RUROD_CpTslC246jIVqT\/preview\" width=\"640\" height=\"480\"><\/iframe><\/div>\n","protected":false},"excerpt":{"rendered":"<p>&nbsp; El taller de lectura\u00a0La cotorra,\u00a0de Sara Tornos est\u00e0 emmarcat dins el programa\u00a0Qui ets? Dades que parlen de tu, impulsat per l&#8217;ag\u00e8ncia catalana de protecci\u00f3 de dades i el Departament de Cultura de la Generalitat de Catalunya. El programa, amb activitats dirigides a diferents edats, pret\u00e9n sensibilitzar a la ciutadania sobre la import\u00e0ncia de la [&hellip;]<\/p>\n","protected":false},"author":1,"featured_media":10169,"comment_status":"open","ping_status":"closed","sticky":false,"template":"","format":"standard","meta":{"_bbp_topic_count":0,"_bbp_reply_count":0,"_bbp_total_topic_count":0,"_bbp_total_reply_count":0,"_bbp_voice_count":0,"_bbp_anonymous_reply_count":0,"_bbp_topic_count_hidden":0,"_bbp_reply_count_hidden":0,"_bbp_forum_subforum_count":0,"site-sidebar-layout":"default","site-content-layout":"","ast-site-content-layout":"","site-content-style":"default","site-sidebar-style":"default","ast-global-header-display":"","ast-banner-title-visibility":"","ast-main-header-display":"","ast-hfb-above-header-display":"","ast-hfb-below-header-display":"","ast-hfb-mobile-header-display":"","site-post-title":"","ast-breadcrumbs-content":"","ast-featured-img":"","footer-sml-layout":"","theme-transparent-header-meta":"","adv-header-id-meta":"","stick-header-meta":"","header-above-stick-meta":"","header-main-stick-meta":"","header-below-stick-meta":"","astra-migrate-meta-layouts":"default","ast-page-background-enabled":"default","ast-page-background-meta":{"desktop":{"background-color":"var(--ast-global-color-4)","background-image":"","background-repeat":"repeat","background-position":"center center","background-size":"auto","background-attachment":"scroll","background-type":"","background-media":"","overlay-type":"","overlay-color":"","overlay-opacity":"","overlay-gradient":""},"tablet":{"background-color":"","background-image":"","background-repeat":"repeat","background-position":"center center","background-size":"auto","background-attachment":"scroll","background-type":"","background-media":"","overlay-type":"","overlay-color":"","overlay-opacity":"","overlay-gradient":""},"mobile":{"background-color":"","background-image":"","background-repeat":"repeat","background-position":"center center","background-size":"auto","background-attachment":"scroll","background-type":"","background-media":"","overlay-type":"","overlay-color":"","overlay-opacity":"","overlay-gradient":""}},"ast-content-background-meta":{"desktop":{"background-color":"var(--ast-global-color-5)","background-image":"","background-repeat":"repeat","background-position":"center center","background-size":"auto","background-attachment":"scroll","background-type":"","background-media":"","overlay-type":"","overlay-color":"","overlay-opacity":"","overlay-gradient":""},"tablet":{"background-color":"var(--ast-global-color-5)","background-image":"","background-repeat":"repeat","background-position":"center center","background-size":"auto","background-attachment":"scroll","background-type":"","background-media":"","overlay-type":"","overlay-color":"","overlay-opacity":"","overlay-gradient":""},"mobile":{"background-color":"var(--ast-global-color-5)","background-image":"","background-repeat":"repeat","background-position":"center center","background-size":"auto","background-attachment":"scroll","background-type":"","background-media":"","overlay-type":"","overlay-color":"","overlay-opacity":"","overlay-gradient":""}},"footnotes":""},"categories":[76,65,29],"tags":[],"class_list":["post-10168","post","type-post","status-publish","format-standard","has-post-thumbnail","hentry","category-biblionoticies","category-crp","category-portada"],"post_mailing_queue_ids":[],"_links":{"self":[{"href":"https:\/\/serveiseducatius.xtec.cat\/selva1\/wp-json\/wp\/v2\/posts\/10168","targetHints":{"allow":["GET"]}}],"collection":[{"href":"https:\/\/serveiseducatius.xtec.cat\/selva1\/wp-json\/wp\/v2\/posts"}],"about":[{"href":"https:\/\/serveiseducatius.xtec.cat\/selva1\/wp-json\/wp\/v2\/types\/post"}],"author":[{"embeddable":true,"href":"https:\/\/serveiseducatius.xtec.cat\/selva1\/wp-json\/wp\/v2\/users\/1"}],"replies":[{"embeddable":true,"href":"https:\/\/serveiseducatius.xtec.cat\/selva1\/wp-json\/wp\/v2\/comments?post=10168"}],"version-history":[{"count":3,"href":"https:\/\/serveiseducatius.xtec.cat\/selva1\/wp-json\/wp\/v2\/posts\/10168\/revisions"}],"predecessor-version":[{"id":10172,"href":"https:\/\/serveiseducatius.xtec.cat\/selva1\/wp-json\/wp\/v2\/posts\/10168\/revisions\/10172"}],"wp:featuredmedia":[{"embeddable":true,"href":"https:\/\/serveiseducatius.xtec.cat\/selva1\/wp-json\/wp\/v2\/media\/10169"}],"wp:attachment":[{"href":"https:\/\/serveiseducatius.xtec.cat\/selva1\/wp-json\/wp\/v2\/media?parent=10168"}],"wp:term":[{"taxonomy":"category","embeddable":true,"href":"https:\/\/serveiseducatius.xtec.cat\/selva1\/wp-json\/wp\/v2\/categories?post=10168"},{"taxonomy":"post_tag","embeddable":true,"href":"https:\/\/serveiseducatius.xtec.cat\/selva1\/wp-json\/wp\/v2\/tags?post=10168"}],"curies":[{"name":"wp","href":"https:\/\/api.w.org\/{rel}","templated":true}]}}