{"id":9361,"date":"2020-10-26T15:47:08","date_gmt":"2020-10-26T14:47:08","guid":{"rendered":"https:\/\/serveiseducatius.xtec.cat\/segria\/?p=9361"},"modified":"2025-09-02T09:15:23","modified_gmt":"2025-09-02T07:15:23","slug":"projecte-ambddedona-coeducat-cm-cs-diverses-lectures","status":"publish","type":"post","link":"https:\/\/serveiseducatius.xtec.cat\/segria\/portada\/projecte-ambddedona-coeducat-cm-cs-diverses-lectures\/","title":{"rendered":"Projecte ambDdeDona-coeDuca&#8217;t CM-CS Lectures variades"},"content":{"rendered":"<p><strong><a href=\"https:\/\/serveiseducatius.xtec.cat\/segria\/wp-content\/uploads\/usu679\/2020\/10\/40013-2.jpg\"><img loading=\"lazy\" decoding=\"async\" class=\" wp-image-9438 alignleft\" src=\"https:\/\/serveiseducatius.xtec.cat\/segria\/wp-content\/uploads\/usu679\/2020\/10\/40013-2.jpg\" alt=\"\" width=\"425\" height=\"318\" srcset=\"https:\/\/serveiseducatius.xtec.cat\/segria\/wp-content\/uploads\/usu679\/2020\/10\/40013-2.jpg 640w, https:\/\/serveiseducatius.xtec.cat\/segria\/wp-content\/uploads\/usu679\/2020\/10\/40013-2-300x225.jpg 300w, https:\/\/serveiseducatius.xtec.cat\/segria\/wp-content\/uploads\/usu679\/2020\/10\/40013-2-200x150.jpg 200w\" sizes=\"auto, (max-width: 425px) 100vw, 425px\" \/><\/a><\/strong><span style=\"color: #999999;\"><strong>Descripci\u00f3<\/strong><\/span><\/p>\n<p>Maleta de lectura on trobareu <strong>20 llibres variats, 1 guia i 4 de jocs de taula (dos d&#8217;ells amb m\u00e9s d&#8217;un exemplar)<\/strong> per treballar la coeducaci\u00f3 i la igualtat de g\u00e8nere amb els nens i nenes de cicle mitj\u00e0 i de cicle superior de prim\u00e0ria.<\/p>\n<p><strong><img decoding=\"async\" src=\"https:\/\/serveiseducatius.xtec.cat\/segria\/wp-content\/uploads\/usu679\/2020\/11\/pdficon.png\" \/><a href=\"https:\/\/drive.google.com\/file\/d\/1uKB5xPzjTim9bopKEbIZv_9aT-u2SfGQ\/view?usp=sharing\">PDF del contingut de la maleta<\/a><\/strong><\/p>\n<p>El llibre <strong><a href=\"https:\/\/la-bici-de-la-lola.mailchimpsites.com\/\" target=\"_blank\" rel=\"noopener\"><em>La bici de la Lola<\/em><\/a><\/strong>, inclou Guia de suport per a la lectura. Teniu m\u00e9s informaci\u00f3 a l&#8217;entrevista amb\u00a0<a href=\"https:\/\/www.ccma.cat\/catradio\/el-mati-de-catalunya-radio\/com-ajudar-els-mes-petits-a-explicar-que-han-patit-abusos-sexuals\/noticia\/3220479\/\" target=\"_blank\" rel=\"noopener\" data-saferedirecturl=\"https:\/\/www.google.com\/url?q=https:\/\/www.ccma.cat\/catradio\/el-mati-de-catalunya-radio\/com-ajudar-els-mes-petits-a-explicar-que-han-patit-abusos-sexuals\/noticia\/3220479\/&amp;source=gmail&amp;ust=1721110593779000&amp;usg=AOvVaw2C5oNbrsQY2-RGp02w_M3B\">Els Matins de Catalunya R\u00e0dio<\/a>,\u00a0<a href=\"https:\/\/www.ccma.cat\/tv3\/alacarta\/planta-baixa\/saber-comunicar-un-abus-sexual\/video\/6186515\/\" target=\"_blank\" rel=\"noopener\" data-saferedirecturl=\"https:\/\/www.google.com\/url?q=https:\/\/www.ccma.cat\/tv3\/alacarta\/planta-baixa\/saber-comunicar-un-abus-sexual\/video\/6186515\/&amp;source=gmail&amp;ust=1721110593779000&amp;usg=AOvVaw188vHlRpPcSFh4Khn9JqpO\">Planta Baixa<\/a>\u00a0o\u00a0<a href=\"https:\/\/www.elsaltodiario.com\/violencia-sexual\/bici-lola-album-ilustrado-violencia-sexual-infancia-intrafamiliar\" target=\"_blank\" rel=\"noopener\" data-saferedirecturl=\"https:\/\/www.google.com\/url?q=https:\/\/www.elsaltodiario.com\/violencia-sexual\/bici-lola-album-ilustrado-violencia-sexual-infancia-intrafamiliar&amp;source=gmail&amp;ust=1721110593779000&amp;usg=AOvVaw0EVyodDj8LkdaUCtxbkKgI\">El Salto Diario.<\/a><\/p>\n<p>Un dels llibres que inclou la maleta,<strong> <a href=\"https:\/\/dones.gencat.cat\/ca\/ambits\/mon-laboral\/mon-rural\/dia-internacional-de-les-dones-rurals\/dones-rurals-de-lleida\/\">&#8220;Dones rurals. Dones de Lleida&#8221;<\/a><\/strong>, forma part del projecte amb el mateix nom que recull i visibilitza les biografies de 68 dones nascudes abans de 1940 a les comarques de Lleida i Alt Pirineu i Aran. Podeu disposar de:<\/p>\n<ul>\n<li style=\"list-style-type: none;\">\n<ul>\n<li style=\"list-style-type: none;\">\n<ul>\n<li style=\"list-style-type: none;\">\n<ul>\n<li style=\"list-style-type: none;\">\n<ul>\n<li style=\"list-style-type: none;\">\n<ul>\n<li style=\"list-style-type: none;\">\n<ul>\n<li style=\"list-style-type: none;\">\n<ul>\n<li style=\"list-style-type: none;\">\n<ul>\n<li style=\"list-style-type: none;\">\n<ul>\n<li style=\"list-style-type: none;\">\n<ul>\n<li style=\"list-style-type: none;\">\n<ul>\n<li style=\"list-style-type: none;\">\n<ul>\n<li style=\"list-style-type: none;\">\n<ul>\n<li style=\"list-style-type: none;\">\n<ul>\n<li style=\"list-style-type: none;\">\n<ul>\n<li style=\"list-style-type: none;\">\n<ul>\n<li style=\"list-style-type: none;\">\n<ul>\n<li style=\"list-style-type: none;\">\n<ul>\n<li style=\"list-style-type: none;\">\n<ul>\n<li style=\"list-style-type: none;\">\n<ul>\n<li style=\"list-style-type: none;\">\n<ul>\n<li style=\"list-style-type: none;\">\n<ul>\n<li><a style=\"font-family: inherit; font-size: 1em;\" href=\"https:\/\/mail.google.com\/mail\/u\/0\/?zx=fmjizqko0sfe#search\/dones+rurals+dones+de+Lleida\/FMfcgzGmthdTWlfzHrdRtQDMFrFDSvjz?projector=1&amp;messagePartId=0.2\">Llibre en PDF<\/a><\/li>\n<li><a style=\"font-family: inherit; font-size: 1em;\" href=\"https:\/\/drive.google.com\/file\/d\/1ZpnJbPoFf2ekWzMMUkB2Ku5RlbRDQzRj\/view?usp=sharing\">Exposici\u00f3 virtual en cartells<\/a><\/li>\n<li><a href=\"https:\/\/drive.google.com\/file\/d\/12qVbUSKAljOBl2TArar-PEqs9X8KTdQ3\/view?usp=sharing\">V\u00eddeos cartells Dones rurals, dones de Lleida<\/a><\/li>\n<li><a href=\"https:\/\/drive.google.com\/file\/d\/1kHKwWK2V5U_8zpM3YwUfFmkzyBDYgf67\/view?usp=sharing\">Enganxines Dones rurals, dones de Lleida<\/a><\/li>\n<li><a href=\"https:\/\/kahoot.it\/challenge\/d721d7cc-8b73-4710-a2bc-4dacfa450e8d_1637050111827\">Joc de preguntes online (Kahoot.it)<\/a><\/li>\n<\/ul>\n<\/li>\n<\/ul>\n<\/li>\n<\/ul>\n<\/li>\n<\/ul>\n<\/li>\n<\/ul>\n<\/li>\n<\/ul>\n<\/li>\n<\/ul>\n<\/li>\n<\/ul>\n<\/li>\n<\/ul>\n<\/li>\n<\/ul>\n<\/li>\n<\/ul>\n<\/li>\n<\/ul>\n<\/li>\n<\/ul>\n<\/li>\n<\/ul>\n<\/li>\n<\/ul>\n<\/li>\n<\/ul>\n<\/li>\n<\/ul>\n<\/li>\n<\/ul>\n<\/li>\n<\/ul>\n<\/li>\n<\/ul>\n<\/li>\n<\/ul>\n<\/li>\n<\/ul>\n<\/li>\n<\/ul>\n<table class=\" alignright\" cellspacing=\"0\" cellpadding=\"0\">\n<tbody>\n<tr>\n<td>\n<h1><a href=\"https:\/\/serveiseducatius.xtec.cat\/segria\/wp-content\/uploads\/usu679\/2020\/10\/2531baea-0a5b-481c-9716-d5cce4c229cd.png\"><img loading=\"lazy\" decoding=\"async\" class=\"aligncenter wp-image-10398\" src=\"https:\/\/serveiseducatius.xtec.cat\/segria\/wp-content\/uploads\/usu679\/2020\/10\/2531baea-0a5b-481c-9716-d5cce4c229cd.png\" sizes=\"auto, (max-width: 247px) 100vw, 247px\" srcset=\"https:\/\/serveiseducatius.xtec.cat\/segria\/wp-content\/uploads\/usu679\/2020\/10\/2531baea-0a5b-481c-9716-d5cce4c229cd.png 247w, https:\/\/serveiseducatius.xtec.cat\/segria\/wp-content\/uploads\/usu679\/2020\/10\/2531baea-0a5b-481c-9716-d5cce4c229cd-200x150.png 200w\" alt=\"\" width=\"173\" height=\"129\" \/><\/a><\/h1>\n<\/td>\n<td>\n<h2><span style=\"color: #333333;\"><strong>Maleta n\u00fam. 7<\/strong><\/span><\/h2>\n<\/td>\n<\/tr>\n<\/tbody>\n<\/table>\n<p><a href=\"https:\/\/serveiseducatius.xtec.cat\/segria\/wp-content\/uploads\/usu679\/2020\/10\/1f517-1.png\"><img loading=\"lazy\" decoding=\"async\" class=\"wp-image-9324 alignright\" src=\"https:\/\/serveiseducatius.xtec.cat\/segria\/wp-content\/uploads\/usu679\/2020\/10\/1f517-1.png\" alt=\"\" width=\"27\" height=\"25\" \/><\/a><\/p>\n<p style=\"text-align: right;\"><a href=\"https:\/\/serveiseducatius.xtec.cat\/segria\/coeducacio-projecte-amb-d-de-dona\/\" target=\"_blank\" rel=\"noopener\">Espai del PROJECTE de lectura: AmbDdeDona-coeDuca&#8217;t.<\/a><\/p>\n<h5><a href=\"https:\/\/serveiseducatius.xtec.cat\/segria\/wp-content\/uploads\/usu679\/2020\/03\/1f5d3.png\"><img loading=\"lazy\" decoding=\"async\" class=\"alignleft wp-image-10084\" src=\"https:\/\/serveiseducatius.xtec.cat\/segria\/wp-content\/uploads\/usu679\/2020\/03\/1f5d3.png\" alt=\"\" width=\"40\" height=\"40\" \/><\/a><span style=\"color: #999999;\"><strong>Disponibilitat Maleta CM-CS- Lectures variades\u00a0 (NR. 40013)<\/strong><\/span><\/h5>\n<p>Disponible.<\/p>\n","protected":false},"excerpt":{"rendered":"<p>Descripci\u00f3 Maleta de lectura on trobareu 20 llibres variats, 1 guia i 4 de jocs de taula (dos d&#8217;ells amb m\u00e9s d&#8217;un exemplar) per treballar la coeducaci\u00f3 i la igualtat de g\u00e8nere amb els nens i nenes de cicle mitj\u00e0 i de cicle superior de prim\u00e0ria. PDF del contingut de la maleta El llibre La [&hellip;]<\/p>\n","protected":false},"author":14,"featured_media":9438,"comment_status":"closed","ping_status":"closed","sticky":false,"template":"","format":"standard","meta":{"_bbp_topic_count":0,"_bbp_reply_count":0,"_bbp_total_topic_count":0,"_bbp_total_reply_count":0,"_bbp_voice_count":0,"_bbp_anonymous_reply_count":0,"_bbp_topic_count_hidden":0,"_bbp_reply_count_hidden":0,"_bbp_forum_subforum_count":0,"site-sidebar-layout":"default","site-content-layout":"","ast-site-content-layout":"","site-content-style":"default","site-sidebar-style":"default","ast-global-header-display":"","ast-banner-title-visibility":"","ast-main-header-display":"","ast-hfb-above-header-display":"","ast-hfb-below-header-display":"","ast-hfb-mobile-header-display":"","site-post-title":"","ast-breadcrumbs-content":"","ast-featured-img":"","footer-sml-layout":"","theme-transparent-header-meta":"","adv-header-id-meta":"","stick-header-meta":"","header-above-stick-meta":"","header-main-stick-meta":"","header-below-stick-meta":"","astra-migrate-meta-layouts":"default","ast-page-background-enabled":"default","ast-page-background-meta":{"desktop":{"background-color":"var(--ast-global-color-4)","background-image":"","background-repeat":"repeat","background-position":"center center","background-size":"auto","background-attachment":"scroll","background-type":"","background-media":"","overlay-type":"","overlay-color":"","overlay-opacity":"","overlay-gradient":""},"tablet":{"background-color":"","background-image":"","background-repeat":"repeat","background-position":"center center","background-size":"auto","background-attachment":"scroll","background-type":"","background-media":"","overlay-type":"","overlay-color":"","overlay-opacity":"","overlay-gradient":""},"mobile":{"background-color":"","background-image":"","background-repeat":"repeat","background-position":"center center","background-size":"auto","background-attachment":"scroll","background-type":"","background-media":"","overlay-type":"","overlay-color":"","overlay-opacity":"","overlay-gradient":""}},"ast-content-background-meta":{"desktop":{"background-color":"var(--ast-global-color-5)","background-image":"","background-repeat":"repeat","background-position":"center center","background-size":"auto","background-attachment":"scroll","background-type":"","background-media":"","overlay-type":"","overlay-color":"","overlay-opacity":"","overlay-gradient":""},"tablet":{"background-color":"var(--ast-global-color-5)","background-image":"","background-repeat":"repeat","background-position":"center center","background-size":"auto","background-attachment":"scroll","background-type":"","background-media":"","overlay-type":"","overlay-color":"","overlay-opacity":"","overlay-gradient":""},"mobile":{"background-color":"var(--ast-global-color-5)","background-image":"","background-repeat":"repeat","background-position":"center center","background-size":"auto","background-attachment":"scroll","background-type":"","background-media":"","overlay-type":"","overlay-color":"","overlay-opacity":"","overlay-gradient":""}},"footnotes":""},"categories":[301,292,29,76],"tags":[339,171,424,369,506,100,291],"class_list":["post-9361","post","type-post","status-publish","format-standard","has-post-thumbnail","hentry","category-coeducacio","category-maletes-de-lectura","category-portada","category-recursos","tag-ambddedona","tag-cicle-mitja","tag-cicle-superior","tag-coeduca","tag-crp-maletapedagogica","tag-lectura","tag-prestec"],"post_mailing_queue_ids":[],"_links":{"self":[{"href":"https:\/\/serveiseducatius.xtec.cat\/segria\/wp-json\/wp\/v2\/posts\/9361","targetHints":{"allow":["GET"]}}],"collection":[{"href":"https:\/\/serveiseducatius.xtec.cat\/segria\/wp-json\/wp\/v2\/posts"}],"about":[{"href":"https:\/\/serveiseducatius.xtec.cat\/segria\/wp-json\/wp\/v2\/types\/post"}],"author":[{"embeddable":true,"href":"https:\/\/serveiseducatius.xtec.cat\/segria\/wp-json\/wp\/v2\/users\/14"}],"replies":[{"embeddable":true,"href":"https:\/\/serveiseducatius.xtec.cat\/segria\/wp-json\/wp\/v2\/comments?post=9361"}],"version-history":[{"count":6,"href":"https:\/\/serveiseducatius.xtec.cat\/segria\/wp-json\/wp\/v2\/posts\/9361\/revisions"}],"predecessor-version":[{"id":25820,"href":"https:\/\/serveiseducatius.xtec.cat\/segria\/wp-json\/wp\/v2\/posts\/9361\/revisions\/25820"}],"wp:featuredmedia":[{"embeddable":true,"href":"https:\/\/serveiseducatius.xtec.cat\/segria\/wp-json\/wp\/v2\/media\/9438"}],"wp:attachment":[{"href":"https:\/\/serveiseducatius.xtec.cat\/segria\/wp-json\/wp\/v2\/media?parent=9361"}],"wp:term":[{"taxonomy":"category","embeddable":true,"href":"https:\/\/serveiseducatius.xtec.cat\/segria\/wp-json\/wp\/v2\/categories?post=9361"},{"taxonomy":"post_tag","embeddable":true,"href":"https:\/\/serveiseducatius.xtec.cat\/segria\/wp-json\/wp\/v2\/tags?post=9361"}],"curies":[{"name":"wp","href":"https:\/\/api.w.org\/{rel}","templated":true}]}}