{"id":9188,"date":"2020-10-19T13:05:04","date_gmt":"2020-10-19T12:05:04","guid":{"rendered":"https:\/\/serveiseducatius.xtec.cat\/segria\/?p=9188"},"modified":"2020-10-23T12:45:25","modified_gmt":"2020-10-23T11:45:25","slug":"convocatoria-premi-escoles-verdes-2020","status":"publish","type":"post","link":"https:\/\/serveiseducatius.xtec.cat\/segria\/general\/convocatoria-premi-escoles-verdes-2020\/","title":{"rendered":"Convocat\u00f2ria Premi Escoles Verdes 2020"},"content":{"rendered":"<p><a href=\"https:\/\/serveiseducatius.xtec.cat\/segria\/wp-content\/uploads\/usu679\/2020\/10\/Imatge_premi_escoles_verdes-02.jpg_1396905036.jpg\"><img loading=\"lazy\" decoding=\"async\" class=\"alignleft size-medium wp-image-9189\" src=\"https:\/\/serveiseducatius.xtec.cat\/segria\/wp-content\/uploads\/usu679\/2020\/10\/Imatge_premi_escoles_verdes-02.jpg_1396905036-300x217.jpg\" alt=\"\" width=\"300\" height=\"217\" srcset=\"https:\/\/serveiseducatius.xtec.cat\/segria\/wp-content\/uploads\/usu679\/2020\/10\/Imatge_premi_escoles_verdes-02.jpg_1396905036-300x217.jpg 300w, https:\/\/serveiseducatius.xtec.cat\/segria\/wp-content\/uploads\/usu679\/2020\/10\/Imatge_premi_escoles_verdes-02.jpg_1396905036.jpg 450w\" sizes=\"auto, (max-width: 300px) 100vw, 300px\" \/><\/a>Aquest Premi es va crear l\u2019any 2009, en el marc de la celebraci\u00f3 del des\u00e8 aniversari del Programa Escoles verdes.<\/p>\n<p>L\u2019objectiu d\u2019aquest Premi \u00e9s recon\u00e8ixer p\u00fablicament iniciatives exemplars d\u2019educaci\u00f3 per a la sostenibilitat desenvolupades per centres educatius que tenen el distintiu d\u2019Escola verda.<\/p>\n<p>&nbsp;<\/p>\n<p><strong><a href=\"http:\/\/mediambient.gencat.cat\/ca\/05_ambits_dactuacio\/educacio_i_sostenibilitat\/premis\/premi_escoles_verdes\/convocatoria-2020\/\" target=\"_blank\" rel=\"noopener noreferrer\">La convocat\u00f2ria s&#8217;acaba el 23 d&#8217;octubre de 2020.<\/a><\/strong><\/p>\n","protected":false},"excerpt":{"rendered":"<p>Aquest Premi es va crear l\u2019any 2009, en el marc de la celebraci\u00f3 del des\u00e8 aniversari del Programa Escoles verdes. L\u2019objectiu d\u2019aquest Premi \u00e9s recon\u00e8ixer p\u00fablicament iniciatives exemplars d\u2019educaci\u00f3 per a la sostenibilitat desenvolupades per centres educatius que tenen el distintiu d\u2019Escola verda. &nbsp; La convocat\u00f2ria s&#8217;acaba el 23 d&#8217;octubre de 2020.<\/p>\n","protected":false},"author":5,"featured_media":9189,"comment_status":"open","ping_status":"closed","sticky":false,"template":"","format":"standard","meta":{"_bbp_topic_count":0,"_bbp_reply_count":0,"_bbp_total_topic_count":0,"_bbp_total_reply_count":0,"_bbp_voice_count":0,"_bbp_anonymous_reply_count":0,"_bbp_topic_count_hidden":0,"_bbp_reply_count_hidden":0,"_bbp_forum_subforum_count":0,"site-sidebar-layout":"default","site-content-layout":"","ast-site-content-layout":"","site-content-style":"default","site-sidebar-style":"default","ast-global-header-display":"","ast-banner-title-visibility":"","ast-main-header-display":"","ast-hfb-above-header-display":"","ast-hfb-below-header-display":"","ast-hfb-mobile-header-display":"","site-post-title":"","ast-breadcrumbs-content":"","ast-featured-img":"","footer-sml-layout":"","theme-transparent-header-meta":"","adv-header-id-meta":"","stick-header-meta":"","header-above-stick-meta":"","header-main-stick-meta":"","header-below-stick-meta":"","astra-migrate-meta-layouts":"default","ast-page-background-enabled":"default","ast-page-background-meta":{"desktop":{"background-color":"var(--ast-global-color-4)","background-image":"","background-repeat":"repeat","background-position":"center center","background-size":"auto","background-attachment":"scroll","background-type":"","background-media":"","overlay-type":"","overlay-color":"","overlay-opacity":"","overlay-gradient":""},"tablet":{"background-color":"","background-image":"","background-repeat":"repeat","background-position":"center center","background-size":"auto","background-attachment":"scroll","background-type":"","background-media":"","overlay-type":"","overlay-color":"","overlay-opacity":"","overlay-gradient":""},"mobile":{"background-color":"","background-image":"","background-repeat":"repeat","background-position":"center center","background-size":"auto","background-attachment":"scroll","background-type":"","background-media":"","overlay-type":"","overlay-color":"","overlay-opacity":"","overlay-gradient":""}},"ast-content-background-meta":{"desktop":{"background-color":"var(--ast-global-color-5)","background-image":"","background-repeat":"repeat","background-position":"center center","background-size":"auto","background-attachment":"scroll","background-type":"","background-media":"","overlay-type":"","overlay-color":"","overlay-opacity":"","overlay-gradient":""},"tablet":{"background-color":"var(--ast-global-color-5)","background-image":"","background-repeat":"repeat","background-position":"center center","background-size":"auto","background-attachment":"scroll","background-type":"","background-media":"","overlay-type":"","overlay-color":"","overlay-opacity":"","overlay-gradient":""},"mobile":{"background-color":"var(--ast-global-color-5)","background-image":"","background-repeat":"repeat","background-position":"center center","background-size":"auto","background-attachment":"scroll","background-type":"","background-media":"","overlay-type":"","overlay-color":"","overlay-opacity":"","overlay-gradient":""}},"footnotes":""},"categories":[1,29],"tags":[316],"class_list":["post-9188","post","type-post","status-publish","format-standard","has-post-thumbnail","hentry","category-general","category-portada","tag-escoles-verdes"],"post_mailing_queue_ids":[],"_links":{"self":[{"href":"https:\/\/serveiseducatius.xtec.cat\/segria\/wp-json\/wp\/v2\/posts\/9188","targetHints":{"allow":["GET"]}}],"collection":[{"href":"https:\/\/serveiseducatius.xtec.cat\/segria\/wp-json\/wp\/v2\/posts"}],"about":[{"href":"https:\/\/serveiseducatius.xtec.cat\/segria\/wp-json\/wp\/v2\/types\/post"}],"author":[{"embeddable":true,"href":"https:\/\/serveiseducatius.xtec.cat\/segria\/wp-json\/wp\/v2\/users\/5"}],"replies":[{"embeddable":true,"href":"https:\/\/serveiseducatius.xtec.cat\/segria\/wp-json\/wp\/v2\/comments?post=9188"}],"version-history":[{"count":2,"href":"https:\/\/serveiseducatius.xtec.cat\/segria\/wp-json\/wp\/v2\/posts\/9188\/revisions"}],"predecessor-version":[{"id":9195,"href":"https:\/\/serveiseducatius.xtec.cat\/segria\/wp-json\/wp\/v2\/posts\/9188\/revisions\/9195"}],"wp:featuredmedia":[{"embeddable":true,"href":"https:\/\/serveiseducatius.xtec.cat\/segria\/wp-json\/wp\/v2\/media\/9189"}],"wp:attachment":[{"href":"https:\/\/serveiseducatius.xtec.cat\/segria\/wp-json\/wp\/v2\/media?parent=9188"}],"wp:term":[{"taxonomy":"category","embeddable":true,"href":"https:\/\/serveiseducatius.xtec.cat\/segria\/wp-json\/wp\/v2\/categories?post=9188"},{"taxonomy":"post_tag","embeddable":true,"href":"https:\/\/serveiseducatius.xtec.cat\/segria\/wp-json\/wp\/v2\/tags?post=9188"}],"curies":[{"name":"wp","href":"https:\/\/api.w.org\/{rel}","templated":true}]}}