{"id":8857,"date":"2020-03-06T10:46:39","date_gmt":"2020-03-06T09:46:39","guid":{"rendered":"https:\/\/serveiseducatius.xtec.cat\/segria\/?p=8857"},"modified":"2021-04-12T16:57:11","modified_gmt":"2021-04-12T15:57:11","slug":"maleta-fes-festa-rituals-cultures-i-religions-del-mon","status":"publish","type":"post","link":"https:\/\/serveiseducatius.xtec.cat\/segria\/recursos\/maleta-fes-festa-rituals-cultures-i-religions-del-mon\/","title":{"rendered":"Maleta FES festa!, Rituals, cultures i religions del m\u00f3n"},"content":{"rendered":"<p style=\"text-align: justify;\"><strong><em><a href=\"https:\/\/serveiseducatius.xtec.cat\/segria\/wp-content\/uploads\/usu679\/2020\/03\/Llibre_fesfesta.jpg\"><img loading=\"lazy\" decoding=\"async\" class=\"size-medium wp-image-8858 alignleft\" src=\"https:\/\/serveiseducatius.xtec.cat\/segria\/wp-content\/uploads\/usu679\/2020\/03\/Llibre_fesfesta-209x300.jpg\" alt=\"\" width=\"209\" height=\"300\" srcset=\"https:\/\/serveiseducatius.xtec.cat\/segria\/wp-content\/uploads\/usu679\/2020\/03\/Llibre_fesfesta-209x300.jpg 209w, https:\/\/serveiseducatius.xtec.cat\/segria\/wp-content\/uploads\/usu679\/2020\/03\/Llibre_fesfesta-768x1105.jpg 768w, https:\/\/serveiseducatius.xtec.cat\/segria\/wp-content\/uploads\/usu679\/2020\/03\/Llibre_fesfesta-712x1024.jpg 712w, https:\/\/serveiseducatius.xtec.cat\/segria\/wp-content\/uploads\/usu679\/2020\/03\/Llibre_fesfesta.jpg 834w\" sizes=\"auto, (max-width: 209px) 100vw, 209px\" \/><\/a><\/em><\/strong><\/p>\n<h5><span style=\"color: #999999;\"><strong>Descripci\u00f3<\/strong><\/span><\/h5>\n<p style=\"text-align: justify;\"><a href=\"http:\/\/justicia.gencat.cat\/ca\/detalls\/Article\/Fes-festa\" target=\"_blank\" rel=\"noopener noreferrer\"><strong><em>Fes festa! Rituals, cultures i religions del m\u00f3n<\/em><\/strong>\u00a0<\/a>\u00e9s una publicaci\u00f3 sobre les festes religioses. Consta de dos volums, un de destinat a l\u2019alumnat d\u2019educaci\u00f3 secund\u00e0ria i un altre per al professorat. L\u2019obra presenta la pluralitat religiosa i ofereix eines per viure responsablement i respectuosament en un entorn de diversitat religiosa, moral i cultural.<\/p>\n<p><strong>Disposem d&#8217;una maleta que consta de:<\/strong><\/p>\n<p><strong>30 exemplars<\/strong>\u00a0de la Publicaci\u00f3\u00a0<strong>Fes festa! Rituals, cultures i religions del m\u00f3n<\/strong>\u00a0destinada a joves per con\u00e8ixer la diversitat religiosa a trav\u00e9s de les festes.<\/p>\n<p><strong><a href=\"http:\/\/justicia.gencat.cat\/web\/.content\/afers-religiosos\/06_publicacions\/Fes-festa\/Fes-festa-guia.pdf\" target=\"_blank\" rel=\"noopener noreferrer\">1 Guia did\u00e0ctica<\/a><\/strong> per al professorat (CS i ESO)<\/p>\n<p style=\"text-align: justify;\"><em>Fes festa!<\/em>\u00a0t\u00e9 com a objectiu introduir el jovent que cursa l\u2019Educaci\u00f3 Secund\u00e0ria Obligat\u00f2ria o el Batxillerat al m\u00f3n de les festes religioses, amb finalitat de comprendre quina fe hi ha darrere de cada festa per poder convidar a viure la descoberta.<\/p>\n<hr \/>\n<h5><span style=\"color: #999999;\"><a href=\"https:\/\/serveiseducatius.xtec.cat\/segria\/wp-content\/uploads\/usu679\/2020\/03\/1f5d3.png\"><img loading=\"lazy\" decoding=\"async\" class=\"alignleft wp-image-10084\" src=\"https:\/\/serveiseducatius.xtec.cat\/segria\/wp-content\/uploads\/usu679\/2020\/03\/1f5d3.png\" alt=\"\" width=\"40\" height=\"40\" \/><\/a><strong>Disponibilitat Maleta Fes festa!<\/strong><\/span><\/h5>\n<p><span style=\"color: #000000;\">Disponible<\/span><\/p>\n<p>&nbsp;<\/p>\n<p>&nbsp;<\/p>\n<p>&nbsp;<\/p>\n<p>&nbsp;<\/p>\n","protected":false},"excerpt":{"rendered":"<p>Descripci\u00f3 Fes festa! Rituals, cultures i religions del m\u00f3n\u00a0\u00e9s una publicaci\u00f3 sobre les festes religioses. Consta de dos volums, un de destinat a l\u2019alumnat d\u2019educaci\u00f3 secund\u00e0ria i un altre per al professorat. L\u2019obra presenta la pluralitat religiosa i ofereix eines per viure responsablement i respectuosament en un entorn de diversitat religiosa, moral i cultural. Disposem [&hellip;]<\/p>\n","protected":false},"author":5,"featured_media":8858,"comment_status":"closed","ping_status":"closed","sticky":false,"template":"","format":"standard","meta":{"_bbp_topic_count":0,"_bbp_reply_count":0,"_bbp_total_topic_count":0,"_bbp_total_reply_count":0,"_bbp_voice_count":0,"_bbp_anonymous_reply_count":0,"_bbp_topic_count_hidden":0,"_bbp_reply_count_hidden":0,"_bbp_forum_subforum_count":0,"site-sidebar-layout":"default","site-content-layout":"","ast-site-content-layout":"","site-content-style":"default","site-sidebar-style":"default","ast-global-header-display":"","ast-banner-title-visibility":"","ast-main-header-display":"","ast-hfb-above-header-display":"","ast-hfb-below-header-display":"","ast-hfb-mobile-header-display":"","site-post-title":"","ast-breadcrumbs-content":"","ast-featured-img":"","footer-sml-layout":"","theme-transparent-header-meta":"","adv-header-id-meta":"","stick-header-meta":"","header-above-stick-meta":"","header-main-stick-meta":"","header-below-stick-meta":"","astra-migrate-meta-layouts":"default","ast-page-background-enabled":"default","ast-page-background-meta":{"desktop":{"background-color":"var(--ast-global-color-4)","background-image":"","background-repeat":"repeat","background-position":"center center","background-size":"auto","background-attachment":"scroll","background-type":"","background-media":"","overlay-type":"","overlay-color":"","overlay-opacity":"","overlay-gradient":""},"tablet":{"background-color":"","background-image":"","background-repeat":"repeat","background-position":"center center","background-size":"auto","background-attachment":"scroll","background-type":"","background-media":"","overlay-type":"","overlay-color":"","overlay-opacity":"","overlay-gradient":""},"mobile":{"background-color":"","background-image":"","background-repeat":"repeat","background-position":"center center","background-size":"auto","background-attachment":"scroll","background-type":"","background-media":"","overlay-type":"","overlay-color":"","overlay-opacity":"","overlay-gradient":""}},"ast-content-background-meta":{"desktop":{"background-color":"var(--ast-global-color-5)","background-image":"","background-repeat":"repeat","background-position":"center center","background-size":"auto","background-attachment":"scroll","background-type":"","background-media":"","overlay-type":"","overlay-color":"","overlay-opacity":"","overlay-gradient":""},"tablet":{"background-color":"var(--ast-global-color-5)","background-image":"","background-repeat":"repeat","background-position":"center center","background-size":"auto","background-attachment":"scroll","background-type":"","background-media":"","overlay-type":"","overlay-color":"","overlay-opacity":"","overlay-gradient":""},"mobile":{"background-color":"var(--ast-global-color-5)","background-image":"","background-repeat":"repeat","background-position":"center center","background-size":"auto","background-attachment":"scroll","background-type":"","background-media":"","overlay-type":"","overlay-color":"","overlay-opacity":"","overlay-gradient":""}},"footnotes":""},"categories":[302,82,76],"tags":[291],"class_list":["post-8857","post","type-post","status-publish","format-standard","has-post-thumbnail","hentry","category-diversitat","category-maletes-pedagogiques","category-recursos","tag-prestec"],"post_mailing_queue_ids":[],"_links":{"self":[{"href":"https:\/\/serveiseducatius.xtec.cat\/segria\/wp-json\/wp\/v2\/posts\/8857","targetHints":{"allow":["GET"]}}],"collection":[{"href":"https:\/\/serveiseducatius.xtec.cat\/segria\/wp-json\/wp\/v2\/posts"}],"about":[{"href":"https:\/\/serveiseducatius.xtec.cat\/segria\/wp-json\/wp\/v2\/types\/post"}],"author":[{"embeddable":true,"href":"https:\/\/serveiseducatius.xtec.cat\/segria\/wp-json\/wp\/v2\/users\/5"}],"replies":[{"embeddable":true,"href":"https:\/\/serveiseducatius.xtec.cat\/segria\/wp-json\/wp\/v2\/comments?post=8857"}],"version-history":[{"count":4,"href":"https:\/\/serveiseducatius.xtec.cat\/segria\/wp-json\/wp\/v2\/posts\/8857\/revisions"}],"predecessor-version":[{"id":10452,"href":"https:\/\/serveiseducatius.xtec.cat\/segria\/wp-json\/wp\/v2\/posts\/8857\/revisions\/10452"}],"wp:featuredmedia":[{"embeddable":true,"href":"https:\/\/serveiseducatius.xtec.cat\/segria\/wp-json\/wp\/v2\/media\/8858"}],"wp:attachment":[{"href":"https:\/\/serveiseducatius.xtec.cat\/segria\/wp-json\/wp\/v2\/media?parent=8857"}],"wp:term":[{"taxonomy":"category","embeddable":true,"href":"https:\/\/serveiseducatius.xtec.cat\/segria\/wp-json\/wp\/v2\/categories?post=8857"},{"taxonomy":"post_tag","embeddable":true,"href":"https:\/\/serveiseducatius.xtec.cat\/segria\/wp-json\/wp\/v2\/tags?post=8857"}],"curies":[{"name":"wp","href":"https:\/\/api.w.org\/{rel}","templated":true}]}}