{"id":8686,"date":"2020-03-05T12:46:21","date_gmt":"2020-03-05T11:46:21","guid":{"rendered":"https:\/\/serveiseducatius.xtec.cat\/segria\/?p=8686"},"modified":"2020-03-05T12:46:21","modified_gmt":"2020-03-05T11:46:21","slug":"8-de-marc-dia-internacional-de-les-dones-2020","status":"publish","type":"post","link":"https:\/\/serveiseducatius.xtec.cat\/segria\/recursos\/8-de-marc-dia-internacional-de-les-dones-2020\/","title":{"rendered":"8 de mar\u00e7, Dia Internacional de les Dones 2020"},"content":{"rendered":"<p style=\"text-align: justify;\"><a href=\"https:\/\/serveiseducatius.xtec.cat\/segria\/wp-content\/uploads\/usu679\/2020\/03\/dona.jpg\"><img loading=\"lazy\" decoding=\"async\" class=\"size-medium wp-image-8687 alignleft\" src=\"https:\/\/serveiseducatius.xtec.cat\/segria\/wp-content\/uploads\/usu679\/2020\/03\/dona-300x219.jpg\" alt=\"\" width=\"300\" height=\"219\" srcset=\"https:\/\/serveiseducatius.xtec.cat\/segria\/wp-content\/uploads\/usu679\/2020\/03\/dona-300x219.jpg 300w, https:\/\/serveiseducatius.xtec.cat\/segria\/wp-content\/uploads\/usu679\/2020\/03\/dona.jpg 512w\" sizes=\"auto, (max-width: 300px) 100vw, 300px\" \/><\/a>l Departament d\u2019Educaci\u00f3, en commemoraci\u00f3 del\u00a0<a href=\"http:\/\/dones.gencat.cat\/ca\/ambits\/sensibilitzacio\/campanyes\/dia_internacional_dones\/origen_dia_internacional_dones\/\" target=\"_blank\" rel=\"noopener noreferrer\" data-saferedirecturl=\"https:\/\/www.google.com\/url?q=http:\/\/dones.gencat.cat\/ca\/ambits\/sensibilitzacio\/campanyes\/dia_internacional_dones\/origen_dia_internacional_dones\/&amp;source=gmail&amp;ust=1582804742862000&amp;usg=AFQjCNH57dVu7K_dnpbZXhsaohII35fVxg\">Dia internacional de les dones<\/a>, proposa activitats per visibilitzar i conscienciar l\u2019alumnat i tota la comunitat educativa sobre els drets de les dones.\u00a0 Es basen en aquests 4 eixos:<\/p>\n<ul style=\"text-align: justify;\">\n<li>Expliquem contes<\/li>\n<li>Mirem pel\u00b7l\u00edcules<\/li>\n<li>Fem itineraris<\/li>\n<li>Hist\u00f2ria del feminisme<\/li>\n<\/ul>\n<p style=\"text-align: justify;\">Trobareu les activitats en el seg\u00fcent enlla\u00e7:\u00a0<a href=\"http:\/\/xtec.gencat.cat\/ca\/centres\/celebracions\/2020\/dia-internacional-de-les-dones-2020\/\" target=\"_blank\" rel=\"noopener noreferrer\">Recursos i propostes d\u2019actuaci\u00f3.<\/a><\/p>\n<p style=\"text-align: justify;\">Podeu compartir les vostres activitats en els centres amb el hashtag:\u00a0<a class=\"css-4rbku5 css-18t94o4 css-901oao css-16my406 r-1n1174f r-1loqt21 r-1qd0xha r-ad9z0x r-bcqeeo r-1ny4l3l r-1ddef8g r-qvutc0\" dir=\"ltr\" role=\"link\" href=\"https:\/\/twitter.com\/hashtag\/amblanostramirada8m?src=hashtag_click\" data-focusable=\"true\">#amblanostramirada8m<\/a><\/p>\n","protected":false},"excerpt":{"rendered":"<p>l Departament d\u2019Educaci\u00f3, en commemoraci\u00f3 del\u00a0Dia internacional de les dones, proposa activitats per visibilitzar i conscienciar l\u2019alumnat i tota la comunitat educativa sobre els drets de les dones.\u00a0 Es basen en aquests 4 eixos: Expliquem contes Mirem pel\u00b7l\u00edcules Fem itineraris Hist\u00f2ria del feminisme Trobareu les activitats en el seg\u00fcent enlla\u00e7:\u00a0Recursos i propostes d\u2019actuaci\u00f3. Podeu compartir [&hellip;]<\/p>\n","protected":false},"author":5,"featured_media":8688,"comment_status":"closed","ping_status":"closed","sticky":false,"template":"","format":"standard","meta":{"_bbp_topic_count":0,"_bbp_reply_count":0,"_bbp_total_topic_count":0,"_bbp_total_reply_count":0,"_bbp_voice_count":0,"_bbp_anonymous_reply_count":0,"_bbp_topic_count_hidden":0,"_bbp_reply_count_hidden":0,"_bbp_forum_subforum_count":0,"site-sidebar-layout":"default","site-content-layout":"","ast-site-content-layout":"","site-content-style":"default","site-sidebar-style":"default","ast-global-header-display":"","ast-banner-title-visibility":"","ast-main-header-display":"","ast-hfb-above-header-display":"","ast-hfb-below-header-display":"","ast-hfb-mobile-header-display":"","site-post-title":"","ast-breadcrumbs-content":"","ast-featured-img":"","footer-sml-layout":"","theme-transparent-header-meta":"","adv-header-id-meta":"","stick-header-meta":"","header-above-stick-meta":"","header-main-stick-meta":"","header-below-stick-meta":"","astra-migrate-meta-layouts":"default","ast-page-background-enabled":"default","ast-page-background-meta":{"desktop":{"background-color":"var(--ast-global-color-4)","background-image":"","background-repeat":"repeat","background-position":"center center","background-size":"auto","background-attachment":"scroll","background-type":"","background-media":"","overlay-type":"","overlay-color":"","overlay-opacity":"","overlay-gradient":""},"tablet":{"background-color":"","background-image":"","background-repeat":"repeat","background-position":"center center","background-size":"auto","background-attachment":"scroll","background-type":"","background-media":"","overlay-type":"","overlay-color":"","overlay-opacity":"","overlay-gradient":""},"mobile":{"background-color":"","background-image":"","background-repeat":"repeat","background-position":"center center","background-size":"auto","background-attachment":"scroll","background-type":"","background-media":"","overlay-type":"","overlay-color":"","overlay-opacity":"","overlay-gradient":""}},"ast-content-background-meta":{"desktop":{"background-color":"var(--ast-global-color-5)","background-image":"","background-repeat":"repeat","background-position":"center center","background-size":"auto","background-attachment":"scroll","background-type":"","background-media":"","overlay-type":"","overlay-color":"","overlay-opacity":"","overlay-gradient":""},"tablet":{"background-color":"var(--ast-global-color-5)","background-image":"","background-repeat":"repeat","background-position":"center center","background-size":"auto","background-attachment":"scroll","background-type":"","background-media":"","overlay-type":"","overlay-color":"","overlay-opacity":"","overlay-gradient":""},"mobile":{"background-color":"var(--ast-global-color-5)","background-image":"","background-repeat":"repeat","background-position":"center center","background-size":"auto","background-attachment":"scroll","background-type":"","background-media":"","overlay-type":"","overlay-color":"","overlay-opacity":"","overlay-gradient":""}},"footnotes":""},"categories":[301,76],"tags":[],"class_list":["post-8686","post","type-post","status-publish","format-standard","has-post-thumbnail","hentry","category-coeducacio","category-recursos"],"post_mailing_queue_ids":[],"_links":{"self":[{"href":"https:\/\/serveiseducatius.xtec.cat\/segria\/wp-json\/wp\/v2\/posts\/8686","targetHints":{"allow":["GET"]}}],"collection":[{"href":"https:\/\/serveiseducatius.xtec.cat\/segria\/wp-json\/wp\/v2\/posts"}],"about":[{"href":"https:\/\/serveiseducatius.xtec.cat\/segria\/wp-json\/wp\/v2\/types\/post"}],"author":[{"embeddable":true,"href":"https:\/\/serveiseducatius.xtec.cat\/segria\/wp-json\/wp\/v2\/users\/5"}],"replies":[{"embeddable":true,"href":"https:\/\/serveiseducatius.xtec.cat\/segria\/wp-json\/wp\/v2\/comments?post=8686"}],"version-history":[{"count":1,"href":"https:\/\/serveiseducatius.xtec.cat\/segria\/wp-json\/wp\/v2\/posts\/8686\/revisions"}],"predecessor-version":[{"id":8689,"href":"https:\/\/serveiseducatius.xtec.cat\/segria\/wp-json\/wp\/v2\/posts\/8686\/revisions\/8689"}],"wp:featuredmedia":[{"embeddable":true,"href":"https:\/\/serveiseducatius.xtec.cat\/segria\/wp-json\/wp\/v2\/media\/8688"}],"wp:attachment":[{"href":"https:\/\/serveiseducatius.xtec.cat\/segria\/wp-json\/wp\/v2\/media?parent=8686"}],"wp:term":[{"taxonomy":"category","embeddable":true,"href":"https:\/\/serveiseducatius.xtec.cat\/segria\/wp-json\/wp\/v2\/categories?post=8686"},{"taxonomy":"post_tag","embeddable":true,"href":"https:\/\/serveiseducatius.xtec.cat\/segria\/wp-json\/wp\/v2\/tags?post=8686"}],"curies":[{"name":"wp","href":"https:\/\/api.w.org\/{rel}","templated":true}]}}