{"id":27988,"date":"2026-04-29T16:41:03","date_gmt":"2026-04-29T14:41:03","guid":{"rendered":"https:\/\/serveiseducatius.xtec.cat\/segria\/?p=27988"},"modified":"2026-04-29T16:49:06","modified_gmt":"2026-04-29T14:49:06","slug":"acte-de-tancament-del-moviment-dinnovacio-educativa-de-lleida","status":"publish","type":"post","link":"https:\/\/serveiseducatius.xtec.cat\/segria\/general\/acte-de-tancament-del-moviment-dinnovacio-educativa-de-lleida\/","title":{"rendered":"Acte de tancament del Moviment d&#8217;Innovaci\u00f3 Educativa de Lleida"},"content":{"rendered":"\n\n\n<p><i><span style=\"font-weight: 400;\"><a href=\"https:\/\/serveiseducatius.xtec.cat\/segria\/wp-content\/uploads\/usu679\/2026\/04\/images-1.jpg\"><img loading=\"lazy\" decoding=\"async\" class=\" wp-image-27990 alignleft\" src=\"https:\/\/serveiseducatius.xtec.cat\/segria\/wp-content\/uploads\/usu679\/2026\/04\/images-1.jpg\" alt=\"\" width=\"140\" height=\"129\" \/><\/a>\u201cEl Moviment d\u2019Innovaci\u00f3 Educativa &#8211; Grup de Mestres per la Renovaci\u00f3 Pedag\u00f2gica de Lleida ha estat, durant anys, un espai de trobada, transformaci\u00f3 i mirada compartida sobre l\u2019educaci\u00f3. Ara tanquem una etapa. No per donar respostes, sin\u00f3 per obrir preguntes. En un moment de canvi, creiem necessari aturar-nos i escoltar\u201d<\/span><\/i><\/p>\n<p><strong>Dijous, 14 de maig de 2026 a les 18 h<\/strong><\/p>\n<p><strong>Aula Magna de de l&#8217;Institut d&#8217;Estudis Ilerdencs\u00a0<\/strong><\/p>\n<ul>\n<li>\n<p><span style=\"font-weight: 400;\">\u00a0Conversa &#8211; col\u00b7loqui <\/span><b>\u201cQu\u00e8 vol dir ser mestre avui, la dimensi\u00f3 col\u00b7lectiva\u201d <\/b><span style=\"font-weight: 400;\">amb <\/span><b>Joan Dom\u00e8nech<\/b><span style=\"font-weight: 400;\"> -mestre i autor del llibre Elogi de la Nova Escola P\u00fablica- i <\/span><b>Enric Prats<\/b><span style=\"font-weight: 400;\"> -professor de la Universitat de Barcelona-\u00a0 ambd\u00f3s membres de la Federaci\u00f3 de Moviments de Renovaci\u00f3 Pedag\u00f2gica de Catalunya.\u00a0<\/span><\/p>\n<\/li>\n<li>\n<p><span style=\"font-weight: 400;\">Tot seguit, es recordar\u00e0 el llegat del Grup de Mestres per a la Renovaci\u00f3 Pedag\u00f2gica de Lleida \/ Moviment d\u2019Innovaci\u00f3 Educativa de Lleida com a base del passat, present i per al futur de la Renovaci\u00f3 Pedag\u00f2gica a Lleida.<\/span><\/p>\n<\/li>\n<li>En acabar l&#8217;acte, es far\u00e0 un refrigeri.<\/li>\n<\/ul>\n<p><span style=\"font-weight: 400;\">Per tenir una previsi\u00f3 d\u2019assist\u00e8ncia\u00a0 ompliu aquest formulari<\/span><b> fins al 8 de maig<\/b><span style=\"font-weight: 400;\">:<\/span><\/p>\n<ul>\n<li style=\"font-weight: 400;\" aria-level=\"1\"><a href=\"https:\/\/docs.google.com\/forms\/d\/e\/1FAIpQLSdviXRmlGHu-IXu1T8efYdhUD6zshxREhvnHgwkz-sCEmdzPg\/viewform\" target=\"_blank\" rel=\"noopener\"><span style=\"font-weight: 400;\">Inscripci\u00f3<\/span><\/a><\/li>\n<\/ul>\n<p>\u00a0<\/p>\n","protected":false},"excerpt":{"rendered":"<p>\u201cEl Moviment d\u2019Innovaci\u00f3 Educativa &#8211; Grup de Mestres per la Renovaci\u00f3 Pedag\u00f2gica de Lleida ha estat, durant anys, un espai de trobada, transformaci\u00f3 i mirada compartida sobre l\u2019educaci\u00f3. Ara tanquem una etapa. No per donar respostes, sin\u00f3 per obrir preguntes. En un moment de canvi, creiem necessari aturar-nos i escoltar\u201d Dijous, 14 de maig de [&hellip;]<\/p>\n","protected":false},"author":16,"featured_media":27990,"comment_status":"closed","ping_status":"open","sticky":false,"template":"","format":"standard","meta":{"_bbp_topic_count":0,"_bbp_reply_count":0,"_bbp_total_topic_count":0,"_bbp_total_reply_count":0,"_bbp_voice_count":0,"_bbp_anonymous_reply_count":0,"_bbp_topic_count_hidden":0,"_bbp_reply_count_hidden":0,"_bbp_forum_subforum_count":0,"site-sidebar-layout":"default","site-content-layout":"","ast-site-content-layout":"default","site-content-style":"default","site-sidebar-style":"default","ast-global-header-display":"","ast-banner-title-visibility":"","ast-main-header-display":"","ast-hfb-above-header-display":"","ast-hfb-below-header-display":"","ast-hfb-mobile-header-display":"","site-post-title":"","ast-breadcrumbs-content":"","ast-featured-img":"","footer-sml-layout":"","theme-transparent-header-meta":"","adv-header-id-meta":"","stick-header-meta":"","header-above-stick-meta":"","header-main-stick-meta":"","header-below-stick-meta":"","astra-migrate-meta-layouts":"set","ast-page-background-enabled":"default","ast-page-background-meta":{"desktop":{"background-color":"var(--ast-global-color-4)","background-image":"","background-repeat":"repeat","background-position":"center center","background-size":"auto","background-attachment":"scroll","background-type":"","background-media":"","overlay-type":"","overlay-color":"","overlay-opacity":"","overlay-gradient":""},"tablet":{"background-color":"","background-image":"","background-repeat":"repeat","background-position":"center center","background-size":"auto","background-attachment":"scroll","background-type":"","background-media":"","overlay-type":"","overlay-color":"","overlay-opacity":"","overlay-gradient":""},"mobile":{"background-color":"","background-image":"","background-repeat":"repeat","background-position":"center center","background-size":"auto","background-attachment":"scroll","background-type":"","background-media":"","overlay-type":"","overlay-color":"","overlay-opacity":"","overlay-gradient":""}},"ast-content-background-meta":{"desktop":{"background-color":"var(--ast-global-color-5)","background-image":"","background-repeat":"repeat","background-position":"center center","background-size":"auto","background-attachment":"scroll","background-type":"","background-media":"","overlay-type":"","overlay-color":"","overlay-opacity":"","overlay-gradient":""},"tablet":{"background-color":"var(--ast-global-color-5)","background-image":"","background-repeat":"repeat","background-position":"center center","background-size":"auto","background-attachment":"scroll","background-type":"","background-media":"","overlay-type":"","overlay-color":"","overlay-opacity":"","overlay-gradient":""},"mobile":{"background-color":"var(--ast-global-color-5)","background-image":"","background-repeat":"repeat","background-position":"center center","background-size":"auto","background-attachment":"scroll","background-type":"","background-media":"","overlay-type":"","overlay-color":"","overlay-opacity":"","overlay-gradient":""}},"footnotes":""},"categories":[1],"tags":[846],"class_list":["post-27988","post","type-post","status-publish","format-standard","has-post-thumbnail","hentry","category-general","tag-moviment-dinnovacio-educativa-de-lleida"],"post_mailing_queue_ids":[],"_links":{"self":[{"href":"https:\/\/serveiseducatius.xtec.cat\/segria\/wp-json\/wp\/v2\/posts\/27988","targetHints":{"allow":["GET"]}}],"collection":[{"href":"https:\/\/serveiseducatius.xtec.cat\/segria\/wp-json\/wp\/v2\/posts"}],"about":[{"href":"https:\/\/serveiseducatius.xtec.cat\/segria\/wp-json\/wp\/v2\/types\/post"}],"author":[{"embeddable":true,"href":"https:\/\/serveiseducatius.xtec.cat\/segria\/wp-json\/wp\/v2\/users\/16"}],"replies":[{"embeddable":true,"href":"https:\/\/serveiseducatius.xtec.cat\/segria\/wp-json\/wp\/v2\/comments?post=27988"}],"version-history":[{"count":4,"href":"https:\/\/serveiseducatius.xtec.cat\/segria\/wp-json\/wp\/v2\/posts\/27988\/revisions"}],"predecessor-version":[{"id":27993,"href":"https:\/\/serveiseducatius.xtec.cat\/segria\/wp-json\/wp\/v2\/posts\/27988\/revisions\/27993"}],"wp:featuredmedia":[{"embeddable":true,"href":"https:\/\/serveiseducatius.xtec.cat\/segria\/wp-json\/wp\/v2\/media\/27990"}],"wp:attachment":[{"href":"https:\/\/serveiseducatius.xtec.cat\/segria\/wp-json\/wp\/v2\/media?parent=27988"}],"wp:term":[{"taxonomy":"category","embeddable":true,"href":"https:\/\/serveiseducatius.xtec.cat\/segria\/wp-json\/wp\/v2\/categories?post=27988"},{"taxonomy":"post_tag","embeddable":true,"href":"https:\/\/serveiseducatius.xtec.cat\/segria\/wp-json\/wp\/v2\/tags?post=27988"}],"curies":[{"name":"wp","href":"https:\/\/api.w.org\/{rel}","templated":true}]}}